{"id":3353,"date":"2017-05-12T12:58:31","date_gmt":"2017-05-12T10:58:31","guid":{"rendered":"http:\/\/agora.xtec.cat\/ceip-jbalmes-cervera\/?p=3353"},"modified":"2017-09-19T16:16:07","modified_gmt":"2017-09-19T14:16:07","slug":"maria-canals","status":"publish","type":"post","link":"https:\/\/agora.xtec.cat\/ceip-jbalmes-cervera\/infantil\/maria-canals\/","title":{"rendered":"Maria Canals"},"content":{"rendered":"<p>El divendres 12 de maig els alumnes de EI i CI van poder gaudir d&#8217;una representaci\u00f3 de teatre &#8220;El Pere i el llop&#8221; amb l&#8217;acompanyament del piano que feia el motiu musical de cada personatge, a la pla\u00e7a Joan Salat en la celebraci\u00f3 de &#8220;El Maria Canals porta cua&#8221; i a m\u00e9s a m\u00e9s van poder tocar el piano.<\/p>\n<p><a href=\"https:\/\/goo.gl\/photos\/gNc9DHY28bwDc7Zr5\"><img loading=\"lazy\" decoding=\"async\" class=\"alignnone\" src=\"https:\/\/lh3.googleusercontent.com\/bcscoANeuo9Wksom0UEJu8o0o99N8C_soRuAvYfmxvBAdHdq-XfFwPvnBPuTqrc-4LIPI8PheTFQScuPZYAYl1XluKGehj3Gm14OLkFfrNovBQtoonkycWViQLqHm0_dNQwqvqFH9UIQnzN5ul96QomqlMqkRNIFvqqKLfqASMfcfdxiSLHj_V0WwK5aleL4lWNFxc-OC7TAospGRfkosB-lKc6zYZRSjOOYlT43gyQooDH2Pj_KY0-xIUCkohmHcBABykEsB9vUtwd9g8p_329HzzaoLlNbsQ7IzIPicypP1DKyCMPcsfV4Zws1r5GaxbGiPFtKjyoC1tglmQEjRzxytaXWDyQNAfSsWWbvSMbUAMHhYK0AyFv34TCfseQH8GW-vBCyP5vjoDVfVFoKisi2zBweTEXgk13DX3hEq3hXAYyAS7OBS81-hy7tHy3C4Ac7e4bCtT7LY9DJtjf6G0FB4tlFzUjpTitMTV8i7KZG0ylLuWP7-6sY5OG4i4jy6_4z3HILjwFhXOJp4SKyFTLDBTVdHBrBseO-pUqv7aussXyHsx6qXT570lgz0KUstrHmbPmg0RYVvn7q2pz2hz-CPkBetKRH6uDsfVO1Zqj-gZDqS_aizsn8QVfvJ4_0TR0HaetoGcWpWKvK26bbPhu8zIL1Ae5EQDtZGmXqAnU=w480-h640-no\" width=\"480\" height=\"640\" \/><\/a><\/p>\n<p>&nbsp;<\/p>\n<p>&nbsp;<\/p>\n","protected":false},"excerpt":{"rendered":"<p>El divendres 12 de maig els alumnes de EI i CI van poder gaudir d&#8217;una representaci\u00f3 de teatre &#8220;El Pere i el llop&#8221; amb l&#8217;acompanyament del piano que feia el motiu musical de cada personatge, a la pla\u00e7a Joan Salat en la celebraci\u00f3 de &#8220;El Maria Canals porta cua&#8221; i a m\u00e9s a m\u00e9s van [&hellip;]<\/p>\n","protected":false},"author":1,"featured_media":0,"comment_status":"open","ping_status":"closed","sticky":false,"template":"","format":"standard","meta":{"_bbp_topic_count":0,"_bbp_reply_count":0,"_bbp_total_topic_count":0,"_bbp_total_reply_count":0,"_bbp_voice_count":0,"_bbp_anonymous_reply_count":0,"_bbp_topic_count_hidden":0,"_bbp_reply_count_hidden":0,"_bbp_forum_subforum_count":0,"site-sidebar-layout":"default","site-content-layout":"","ast-site-content-layout":"","site-content-style":"default","site-sidebar-style":"default","ast-global-header-display":"","ast-banner-title-visibility":"","ast-main-header-display":"","ast-hfb-above-header-display":"","ast-hfb-below-header-display":"","ast-hfb-mobile-header-display":"","site-post-title":"","ast-breadcrumbs-content":"","ast-featured-img":"","footer-sml-layout":"","theme-transparent-header-meta":"","adv-header-id-meta":"","stick-header-meta":"","header-above-stick-meta":"","header-main-stick-meta":"","header-below-stick-meta":"","astra-migrate-meta-layouts":"default","ast-page-background-enabled":"default","ast-page-background-meta":{"desktop":{"background-color":"var(--ast-global-color-4)","background-image":"","background-repeat":"repeat","background-position":"center center","background-size":"auto","background-attachment":"scroll","background-type":"","background-media":"","overlay-type":"","overlay-color":"","overlay-opacity":"","overlay-gradient":""},"tablet":{"background-color":"","background-image":"","background-repeat":"repeat","background-position":"center center","background-size":"auto","background-attachment":"scroll","background-type":"","background-media":"","overlay-type":"","overlay-color":"","overlay-opacity":"","overlay-gradient":""},"mobile":{"background-color":"","background-image":"","background-repeat":"repeat","background-position":"center center","background-size":"auto","background-attachment":"scroll","background-type":"","background-media":"","overlay-type":"","overlay-color":"","overlay-opacity":"","overlay-gradient":""}},"ast-content-background-meta":{"desktop":{"background-color":"var(--ast-global-color-5)","background-image":"","background-repeat":"repeat","background-position":"center center","background-size":"auto","background-attachment":"scroll","background-type":"","background-media":"","overlay-type":"","overlay-color":"","overlay-opacity":"","overlay-gradient":""},"tablet":{"background-color":"var(--ast-global-color-5)","background-image":"","background-repeat":"repeat","background-position":"center center","background-size":"auto","background-attachment":"scroll","background-type":"","background-media":"","overlay-type":"","overlay-color":"","overlay-opacity":"","overlay-gradient":""},"mobile":{"background-color":"var(--ast-global-color-5)","background-image":"","background-repeat":"repeat","background-position":"center center","background-size":"auto","background-attachment":"scroll","background-type":"","background-media":"","overlay-type":"","overlay-color":"","overlay-opacity":"","overlay-gradient":""}},"footnotes":""},"categories":[10,11,80,3,8,9,2,4],"tags":[],"class_list":["post-3353","post","type-post","status-publish","format-standard","hentry","category-1r","category-2n","category-musica","category-i3","category-i4","category-i5","category-infantil","category-portada"],"post_mailing_queue_ids":[],"_links":{"self":[{"href":"https:\/\/agora.xtec.cat\/ceip-jbalmes-cervera\/wp-json\/wp\/v2\/posts\/3353","targetHints":{"allow":["GET"]}}],"collection":[{"href":"https:\/\/agora.xtec.cat\/ceip-jbalmes-cervera\/wp-json\/wp\/v2\/posts"}],"about":[{"href":"https:\/\/agora.xtec.cat\/ceip-jbalmes-cervera\/wp-json\/wp\/v2\/types\/post"}],"author":[{"embeddable":true,"href":"https:\/\/agora.xtec.cat\/ceip-jbalmes-cervera\/wp-json\/wp\/v2\/users\/1"}],"replies":[{"embeddable":true,"href":"https:\/\/agora.xtec.cat\/ceip-jbalmes-cervera\/wp-json\/wp\/v2\/comments?post=3353"}],"version-history":[{"count":4,"href":"https:\/\/agora.xtec.cat\/ceip-jbalmes-cervera\/wp-json\/wp\/v2\/posts\/3353\/revisions"}],"predecessor-version":[{"id":3375,"href":"https:\/\/agora.xtec.cat\/ceip-jbalmes-cervera\/wp-json\/wp\/v2\/posts\/3353\/revisions\/3375"}],"wp:attachment":[{"href":"https:\/\/agora.xtec.cat\/ceip-jbalmes-cervera\/wp-json\/wp\/v2\/media?parent=3353"}],"wp:term":[{"taxonomy":"category","embeddable":true,"href":"https:\/\/agora.xtec.cat\/ceip-jbalmes-cervera\/wp-json\/wp\/v2\/categories?post=3353"},{"taxonomy":"post_tag","embeddable":true,"href":"https:\/\/agora.xtec.cat\/ceip-jbalmes-cervera\/wp-json\/wp\/v2\/tags?post=3353"}],"curies":[{"name":"wp","href":"https:\/\/api.w.org\/{rel}","templated":true}]}}