{"id":3162,"date":"2017-04-24T12:50:57","date_gmt":"2017-04-24T10:50:57","guid":{"rendered":"http:\/\/agora.xtec.cat\/ceip-jbalmes-cervera\/?p=3162"},"modified":"2017-04-24T12:50:57","modified_gmt":"2017-04-24T10:50:57","slug":"sortida-per-la-segarra","status":"publish","type":"post","link":"https:\/\/agora.xtec.cat\/ceip-jbalmes-cervera\/primaria\/sortida-per-la-segarra\/","title":{"rendered":"SORTIDA PER LA SEGARRA"},"content":{"rendered":"<p>El darrer dia del segons trimestre, els alumnes de cinqu\u00e8 van realitzar una sortida per la Segarra.<\/p>\n<p>En aquest aquesta ocasi\u00f3 vam visitar el poble de La Cardosa. Durant el recorregut observarem el preci\u00f3s paisatge primaveral segarrenc. Els sembrats d\u2019ordi, blat i colza juntament amb els ametllers i oliveres ens van acompanyar en aquest trajecte. Un cop all\u00ed menjarem la tradicional \u201cMona \u201c de Pasqua.<\/p>\n<p><a href=\"https:\/\/goo.gl\/photos\/gWsc4uCfLJZveYpF6\"><img loading=\"lazy\" decoding=\"async\" class=\"alignnone\" src=\"https:\/\/lh3.googleusercontent.com\/ckWFeCyXQgqvmoJEikAkv397NztygkfzT2ASzcHQUMTAFjSELXbCiUbZzHlQDA8ILYEiC-yyvXzbC2sSS0X4l1QApl1bPX8UvceXzJqW2EcsLqd8S4aR7ws8bU2Y4vGnr1ZN9yylE6ovX8P8SUfuPE6y58oO4eoR6zxxJlXDbbnnpMPdItE9LrAQhKjZSw5XKOUUhFEiq8JKePdkLDyPFgztqjFGjh0b_9FqQePtbKgWRdaxwg8PAYs7TzZ_wjt0FRUagjV_0S3UwZqPP4C5DdWkwqGa0p5vgAbO7mYmXvb2PZ0fKwHDPUJP_WLnPfwn8jVWhPrZzkYUvPFm70p-g_eDbPd3TeG7_q-Ma4uvaDjbHv_n01-IGGwzslfgZZXcjKlsKCjYEQCUPGGCiRYwRjy34Gn20hgBcGw9tMqoAlFpGpeXLydcR0RIMWA02glJJpREHtCJCWhqgm86Q2cDqzVPbMlTbl7cLd8XJZKT5_nJQv8NaBbhTYXr41sspRFs_YZIbWwAUntzHj90UiV58Ij_u9hrGSWL4j6mbb8AWGZYt8_jcVhBkaKP9ijQowoZDn_aoUG4uwPLDpHgYtTXhrwGqC2_DOSHzaEkheI_l2bwvF0zTgOjaz50dJkzsn7vV70pk9wqNh1EcjH20lAQU636VdF97rvJGHOAD_wsZ3E=w1076-h714-no\" width=\"1075\" height=\"714\" \/><\/a><\/p>\n","protected":false},"excerpt":{"rendered":"<p>El darrer dia del segons trimestre, els alumnes de cinqu\u00e8 van realitzar una sortida per la Segarra. En aquest aquesta ocasi\u00f3 vam visitar el poble de La Cardosa. Durant el recorregut observarem el preci\u00f3s paisatge primaveral segarrenc. Els sembrats d\u2019ordi, blat i colza juntament amb els ametllers i oliveres ens van acompanyar en aquest trajecte. [&hellip;]<\/p>\n","protected":false},"author":1,"featured_media":0,"comment_status":"open","ping_status":"open","sticky":false,"template":"","format":"standard","meta":{"_bbp_topic_count":0,"_bbp_reply_count":0,"_bbp_total_topic_count":0,"_bbp_total_reply_count":0,"_bbp_voice_count":0,"_bbp_anonymous_reply_count":0,"_bbp_topic_count_hidden":0,"_bbp_reply_count_hidden":0,"_bbp_forum_subforum_count":0,"site-sidebar-layout":"default","site-content-layout":"","ast-site-content-layout":"","site-content-style":"default","site-sidebar-style":"default","ast-global-header-display":"","ast-banner-title-visibility":"","ast-main-header-display":"","ast-hfb-above-header-display":"","ast-hfb-below-header-display":"","ast-hfb-mobile-header-display":"","site-post-title":"","ast-breadcrumbs-content":"","ast-featured-img":"","footer-sml-layout":"","theme-transparent-header-meta":"","adv-header-id-meta":"","stick-header-meta":"","header-above-stick-meta":"","header-main-stick-meta":"","header-below-stick-meta":"","astra-migrate-meta-layouts":"default","ast-page-background-enabled":"default","ast-page-background-meta":{"desktop":{"background-color":"var(--ast-global-color-4)","background-image":"","background-repeat":"repeat","background-position":"center center","background-size":"auto","background-attachment":"scroll","background-type":"","background-media":"","overlay-type":"","overlay-color":"","overlay-opacity":"","overlay-gradient":""},"tablet":{"background-color":"","background-image":"","background-repeat":"repeat","background-position":"center center","background-size":"auto","background-attachment":"scroll","background-type":"","background-media":"","overlay-type":"","overlay-color":"","overlay-opacity":"","overlay-gradient":""},"mobile":{"background-color":"","background-image":"","background-repeat":"repeat","background-position":"center center","background-size":"auto","background-attachment":"scroll","background-type":"","background-media":"","overlay-type":"","overlay-color":"","overlay-opacity":"","overlay-gradient":""}},"ast-content-background-meta":{"desktop":{"background-color":"var(--ast-global-color-5)","background-image":"","background-repeat":"repeat","background-position":"center center","background-size":"auto","background-attachment":"scroll","background-type":"","background-media":"","overlay-type":"","overlay-color":"","overlay-opacity":"","overlay-gradient":""},"tablet":{"background-color":"var(--ast-global-color-5)","background-image":"","background-repeat":"repeat","background-position":"center center","background-size":"auto","background-attachment":"scroll","background-type":"","background-media":"","overlay-type":"","overlay-color":"","overlay-opacity":"","overlay-gradient":""},"mobile":{"background-color":"var(--ast-global-color-5)","background-image":"","background-repeat":"repeat","background-position":"center center","background-size":"auto","background-attachment":"scroll","background-type":"","background-media":"","overlay-type":"","overlay-color":"","overlay-opacity":"","overlay-gradient":""}},"footnotes":""},"categories":[14,5],"tags":[],"class_list":["post-3162","post","type-post","status-publish","format-standard","hentry","category-5e","category-primaria"],"post_mailing_queue_ids":[],"_links":{"self":[{"href":"https:\/\/agora.xtec.cat\/ceip-jbalmes-cervera\/wp-json\/wp\/v2\/posts\/3162","targetHints":{"allow":["GET"]}}],"collection":[{"href":"https:\/\/agora.xtec.cat\/ceip-jbalmes-cervera\/wp-json\/wp\/v2\/posts"}],"about":[{"href":"https:\/\/agora.xtec.cat\/ceip-jbalmes-cervera\/wp-json\/wp\/v2\/types\/post"}],"author":[{"embeddable":true,"href":"https:\/\/agora.xtec.cat\/ceip-jbalmes-cervera\/wp-json\/wp\/v2\/users\/1"}],"replies":[{"embeddable":true,"href":"https:\/\/agora.xtec.cat\/ceip-jbalmes-cervera\/wp-json\/wp\/v2\/comments?post=3162"}],"version-history":[{"count":3,"href":"https:\/\/agora.xtec.cat\/ceip-jbalmes-cervera\/wp-json\/wp\/v2\/posts\/3162\/revisions"}],"predecessor-version":[{"id":3184,"href":"https:\/\/agora.xtec.cat\/ceip-jbalmes-cervera\/wp-json\/wp\/v2\/posts\/3162\/revisions\/3184"}],"wp:attachment":[{"href":"https:\/\/agora.xtec.cat\/ceip-jbalmes-cervera\/wp-json\/wp\/v2\/media?parent=3162"}],"wp:term":[{"taxonomy":"category","embeddable":true,"href":"https:\/\/agora.xtec.cat\/ceip-jbalmes-cervera\/wp-json\/wp\/v2\/categories?post=3162"},{"taxonomy":"post_tag","embeddable":true,"href":"https:\/\/agora.xtec.cat\/ceip-jbalmes-cervera\/wp-json\/wp\/v2\/tags?post=3162"}],"curies":[{"name":"wp","href":"https:\/\/api.w.org\/{rel}","templated":true}]}}