{"id":3038,"date":"2017-03-20T19:13:58","date_gmt":"2017-03-20T18:13:58","guid":{"rendered":"http:\/\/agora.xtec.cat\/ceip-jbalmes-cervera\/?p=3038"},"modified":"2017-03-20T19:13:58","modified_gmt":"2017-03-20T18:13:58","slug":"sortida-a-sant-guim-14-03-2017","status":"publish","type":"post","link":"https:\/\/agora.xtec.cat\/ceip-jbalmes-cervera\/primaria\/sortida-a-sant-guim-14-03-2017\/","title":{"rendered":"Sortida a Sant Guim 14-03-2017"},"content":{"rendered":"<p>El passat 14 de mar\u00e7 els alumnes de 4t vam anar a Sant Guim a passar el dia. Un dia molt complet. Vam comen\u00e7ar a G\u00e0ver on neix el riu Si\u00f3, despr\u00e9s vam fer un taller de plantes arom\u00e0tiques. Despr\u00e9s de dinar vam anar fins al Pastoret on vam veure un audiovisual de la hist\u00f2ria de la f\u00e0brica, despr\u00e9s vam visitar la f\u00e0brica i finalment vam menjar un iogurt bon\u00edssim.<\/p>\n<p>Tamb\u00e9 vam tenir temps de fer joc lliure perqu\u00e8 davant del Pastoret hi havia una esplanada molt gran on vam poder c\u00f3rrer i jugar.<\/p>\n<p>Aqu\u00ed en teniu una petita mostra.<\/p>\n<p><a href=\"https:\/\/goo.gl\/photos\/jCuDbNTbqBgVoHsr8\"><img loading=\"lazy\" decoding=\"async\" class=\"alignnone\" src=\"https:\/\/lh3.googleusercontent.com\/Kv09mrAPMaunoTfiWfFwga4odHnODjYpwhXwWi0SHhvHE-3FujVB6XH3yanVVd2yX2wU2wjNof8fvIvTn1-58mFBCJ4NEViNA5_N8M32JoLkZ0Iz2MVLwhMCz0Eyz58PEw3-b2cbiuFs0z_2hKbFY2ZWoqgFH-1aBmvPXiWl6xDLS3mK4vg4JbHCLGk55chz7kna4fdFAU7NHHOMRLJfPjb8-TLfodF8k4f85wkNUvUVrbKjMyWP8mOTU4OBci74sS--TY4n_fHs7wv7B4smjHs3EGTJb6r34dDAXwnQoO9kxK5i3Tf8AHJS_sQOabW_7IT9UZkaeUZ5TSnLGJM1jL02Nm7L499e3OOa1EBdC1VTdGIu80vJ9RSEFv3lRT2V5PdLCvfMHpGbRj-RsXa2jupvBmNaPqbRxsPM_rN8hbZ3lkvaSegRFj2oduJYy9lgrAGKG1mc7oGUQ4iJO_ZcEika2H41esNOZpkRxkSVKd9p8Oy6PzYJrBeZbKZnv8VMH69JV1zs0jy7M3sG34sSoPY1XlA0ofgu9h9seQTTLUL-_Oh30JS07zYSo2HwCSLApGOUDsYFTqk-pQ019dDY0R25ymZpJnXvS5q8i3iBS5sQo16VqyV0=w1432-h805-no\" width=\"1431\" height=\"805\" \/><\/a><\/p>\n","protected":false},"excerpt":{"rendered":"<p>El passat 14 de mar\u00e7 els alumnes de 4t vam anar a Sant Guim a passar el dia. Un dia molt complet. Vam comen\u00e7ar a G\u00e0ver on neix el riu Si\u00f3, despr\u00e9s vam fer un taller de plantes arom\u00e0tiques. Despr\u00e9s de dinar vam anar fins al Pastoret on vam veure un audiovisual de la hist\u00f2ria [&hellip;]<\/p>\n","protected":false},"author":1,"featured_media":0,"comment_status":"open","ping_status":"open","sticky":false,"template":"","format":"standard","meta":{"_bbp_topic_count":0,"_bbp_reply_count":0,"_bbp_total_topic_count":0,"_bbp_total_reply_count":0,"_bbp_voice_count":0,"_bbp_anonymous_reply_count":0,"_bbp_topic_count_hidden":0,"_bbp_reply_count_hidden":0,"_bbp_forum_subforum_count":0,"site-sidebar-layout":"default","site-content-layout":"","ast-site-content-layout":"","site-content-style":"default","site-sidebar-style":"default","ast-global-header-display":"","ast-banner-title-visibility":"","ast-main-header-display":"","ast-hfb-above-header-display":"","ast-hfb-below-header-display":"","ast-hfb-mobile-header-display":"","site-post-title":"","ast-breadcrumbs-content":"","ast-featured-img":"","footer-sml-layout":"","theme-transparent-header-meta":"","adv-header-id-meta":"","stick-header-meta":"","header-above-stick-meta":"","header-main-stick-meta":"","header-below-stick-meta":"","astra-migrate-meta-layouts":"default","ast-page-background-enabled":"default","ast-page-background-meta":{"desktop":{"background-color":"var(--ast-global-color-4)","background-image":"","background-repeat":"repeat","background-position":"center center","background-size":"auto","background-attachment":"scroll","background-type":"","background-media":"","overlay-type":"","overlay-color":"","overlay-opacity":"","overlay-gradient":""},"tablet":{"background-color":"","background-image":"","background-repeat":"repeat","background-position":"center center","background-size":"auto","background-attachment":"scroll","background-type":"","background-media":"","overlay-type":"","overlay-color":"","overlay-opacity":"","overlay-gradient":""},"mobile":{"background-color":"","background-image":"","background-repeat":"repeat","background-position":"center center","background-size":"auto","background-attachment":"scroll","background-type":"","background-media":"","overlay-type":"","overlay-color":"","overlay-opacity":"","overlay-gradient":""}},"ast-content-background-meta":{"desktop":{"background-color":"var(--ast-global-color-5)","background-image":"","background-repeat":"repeat","background-position":"center center","background-size":"auto","background-attachment":"scroll","background-type":"","background-media":"","overlay-type":"","overlay-color":"","overlay-opacity":"","overlay-gradient":""},"tablet":{"background-color":"var(--ast-global-color-5)","background-image":"","background-repeat":"repeat","background-position":"center center","background-size":"auto","background-attachment":"scroll","background-type":"","background-media":"","overlay-type":"","overlay-color":"","overlay-opacity":"","overlay-gradient":""},"mobile":{"background-color":"var(--ast-global-color-5)","background-image":"","background-repeat":"repeat","background-position":"center center","background-size":"auto","background-attachment":"scroll","background-type":"","background-media":"","overlay-type":"","overlay-color":"","overlay-opacity":"","overlay-gradient":""}},"footnotes":""},"categories":[13,5],"tags":[],"class_list":["post-3038","post","type-post","status-publish","format-standard","hentry","category-4t","category-primaria"],"post_mailing_queue_ids":[],"_links":{"self":[{"href":"https:\/\/agora.xtec.cat\/ceip-jbalmes-cervera\/wp-json\/wp\/v2\/posts\/3038","targetHints":{"allow":["GET"]}}],"collection":[{"href":"https:\/\/agora.xtec.cat\/ceip-jbalmes-cervera\/wp-json\/wp\/v2\/posts"}],"about":[{"href":"https:\/\/agora.xtec.cat\/ceip-jbalmes-cervera\/wp-json\/wp\/v2\/types\/post"}],"author":[{"embeddable":true,"href":"https:\/\/agora.xtec.cat\/ceip-jbalmes-cervera\/wp-json\/wp\/v2\/users\/1"}],"replies":[{"embeddable":true,"href":"https:\/\/agora.xtec.cat\/ceip-jbalmes-cervera\/wp-json\/wp\/v2\/comments?post=3038"}],"version-history":[{"count":1,"href":"https:\/\/agora.xtec.cat\/ceip-jbalmes-cervera\/wp-json\/wp\/v2\/posts\/3038\/revisions"}],"predecessor-version":[{"id":3039,"href":"https:\/\/agora.xtec.cat\/ceip-jbalmes-cervera\/wp-json\/wp\/v2\/posts\/3038\/revisions\/3039"}],"wp:attachment":[{"href":"https:\/\/agora.xtec.cat\/ceip-jbalmes-cervera\/wp-json\/wp\/v2\/media?parent=3038"}],"wp:term":[{"taxonomy":"category","embeddable":true,"href":"https:\/\/agora.xtec.cat\/ceip-jbalmes-cervera\/wp-json\/wp\/v2\/categories?post=3038"},{"taxonomy":"post_tag","embeddable":true,"href":"https:\/\/agora.xtec.cat\/ceip-jbalmes-cervera\/wp-json\/wp\/v2\/tags?post=3038"}],"curies":[{"name":"wp","href":"https:\/\/api.w.org\/{rel}","templated":true}]}}