{"id":14167,"date":"2026-04-24T01:17:00","date_gmt":"2026-04-23T23:17:00","guid":{"rendered":"https:\/\/agora.xtec.cat\/ceip-jbalmes-cervera\/?p=14167"},"modified":"2026-04-24T17:49:09","modified_gmt":"2026-04-24T15:49:09","slug":"sant-jordi-2026-jocs-florals-llibres-teatre-roses-sardanes","status":"publish","type":"post","link":"https:\/\/agora.xtec.cat\/ceip-jbalmes-cervera\/general\/sant-jordi-2026-jocs-florals-llibres-teatre-roses-sardanes\/","title":{"rendered":"SANT JORDI 2026: JOCS FLORALS, LLIBRES, TEATRE, ROSES, SARDANES&#8230;"},"content":{"rendered":"\n<figure class=\"wp-block-image aligncenter size-full\"><a href=\"https:\/\/agora.xtec.cat\/ceip-jbalmes-cervera\/wp-content\/uploads\/usu479\/2026\/04\/Jocs-Florals-2026-_-Escola-Jaume-Balmes-1.jpg\"><img loading=\"lazy\" decoding=\"async\" width=\"454\" height=\"649\" src=\"https:\/\/agora.xtec.cat\/ceip-jbalmes-cervera\/wp-content\/uploads\/usu479\/2026\/04\/Jocs-Florals-2026-_-Escola-Jaume-Balmes-1.jpg\" alt=\"\" class=\"wp-image-14377\" srcset=\"https:\/\/agora.xtec.cat\/ceip-jbalmes-cervera\/wp-content\/uploads\/usu479\/2026\/04\/Jocs-Florals-2026-_-Escola-Jaume-Balmes-1.jpg 454w, https:\/\/agora.xtec.cat\/ceip-jbalmes-cervera\/wp-content\/uploads\/usu479\/2026\/04\/Jocs-Florals-2026-_-Escola-Jaume-Balmes-1-210x300.jpg 210w\" sizes=\"auto, (max-width: 454px) 100vw, 454px\" \/><\/a><\/figure>\n\n\n\n<p>.<\/p>\n\n\n\n<p>La diada de Sant Jordi a l&#8217;escola, m\u00e9s enll\u00e0 de l&#8217;imprescindible treball realitzat pr\u00f2piament a les aules amb la confecci\u00f3 de roses, punts de llibre i altres manualitats, ha acollit un any m\u00e9s un bon grapat d&#8217;activitats compartides, que han aplegat al seu voltant el conjunt d&#8217;alumnes, mestres i fam\u00edlies del centre. Entre elles:<\/p>\n\n\n\n<ul class=\"wp-block-list\">\n<li>La visita d&#8217;alguns grups a les parades de llibres i roses de Cervera, instal\u00b7lades al voltant del carrer Guinedilda, i l&#8217;exposici\u00f3 de llibres dels alumnes davant d&#8217;algunes classes.<\/li>\n\n\n\n<li>La representaci\u00f3 en tres sessions de l&#8217;obra teatral &#8220;Dilda i el secret dels 1.000 anys&#8221;, a c\u00e0rrec dels alumnes de 2n de prim\u00e0ria, dedicada a la commemoraci\u00f3 del Mil\u00b7lenari de Cervera, i oberta a les fam\u00edlies de segon i a la resta dels alumnes de l&#8217;escola.<\/li>\n\n\n\n<li>La cloenda dels Jocs Florals de l&#8217;escola, amb el lliurament de premis a les diferents categories, i que ha incl\u00f2s l&#8217;obsequi per part de l&#8217;escola d&#8217;un petit lot de llibres nous per a totes les aules. L&#8217;equip de redacci\u00f3 de la revista de l&#8217;escola, &#8220;Lletra menuda&#8221; (publicaci\u00f3 que a partir d&#8217;enguany apareixer\u00e0 durant el mes de juny per acollir totes les activitats del curs relacionades amb l&#8217;eix transversal) , ha creat una edici\u00f3 especial sobre els Jocs Florals 2026, <a href=\"https:\/\/www.calameo.com\/read\/0082033340f3755780d4b\">que podeu llegir aqu\u00ed<\/a>. <\/li>\n\n\n\n<li>La jornada ha finalitzat amb la tradicional mostra de sardanes realitzada pels alumnes de 5\u00e8 de prim\u00e0ria (cloenda del taller realitzat en els darrers dies amb la col\u00b7laboraci\u00f3 del Joan Castell\u00e0 Pifarr\u00e9), amb una ballada final conjunta de tots els alumnes del centre i familiars presents.<\/li>\n<\/ul>\n\n\n\n<p>.<\/p>\n\n\n\n<figure class=\"wp-block-image aligncenter size-large is-resized\"><a href=\"https:\/\/agora.xtec.cat\/ceip-jbalmes-cervera\/wp-content\/uploads\/usu479\/2026\/04\/IMG-20260424-WA0005.jpg\"><img loading=\"lazy\" decoding=\"async\" width=\"1024\" height=\"576\" src=\"https:\/\/agora.xtec.cat\/ceip-jbalmes-cervera\/wp-content\/uploads\/usu479\/2026\/04\/IMG-20260424-WA0005-1024x576.jpg\" alt=\"\" class=\"wp-image-14374\" style=\"width:594px;height:auto\" srcset=\"https:\/\/agora.xtec.cat\/ceip-jbalmes-cervera\/wp-content\/uploads\/usu479\/2026\/04\/IMG-20260424-WA0005-1024x576.jpg 1024w, https:\/\/agora.xtec.cat\/ceip-jbalmes-cervera\/wp-content\/uploads\/usu479\/2026\/04\/IMG-20260424-WA0005-300x169.jpg 300w, https:\/\/agora.xtec.cat\/ceip-jbalmes-cervera\/wp-content\/uploads\/usu479\/2026\/04\/IMG-20260424-WA0005-768x432.jpg 768w, https:\/\/agora.xtec.cat\/ceip-jbalmes-cervera\/wp-content\/uploads\/usu479\/2026\/04\/IMG-20260424-WA0005-1536x864.jpg 1536w, https:\/\/agora.xtec.cat\/ceip-jbalmes-cervera\/wp-content\/uploads\/usu479\/2026\/04\/IMG-20260424-WA0005.jpg 1600w\" sizes=\"auto, (max-width: 1024px) 100vw, 1024px\" \/><\/a><\/figure>\n\n\n\n<p><\/p>\n\n\n\n<figure class=\"wp-block-image aligncenter size-large is-resized\"><a href=\"https:\/\/agora.xtec.cat\/ceip-jbalmes-cervera\/wp-content\/uploads\/usu479\/2026\/04\/WhatsApp-Image-2026-04-24-at-10.26.50-AM.jpeg\"><img loading=\"lazy\" decoding=\"async\" width=\"1024\" height=\"768\" src=\"https:\/\/agora.xtec.cat\/ceip-jbalmes-cervera\/wp-content\/uploads\/usu479\/2026\/04\/WhatsApp-Image-2026-04-24-at-10.26.50-AM-1024x768.jpeg\" alt=\"\" class=\"wp-image-14379\" style=\"width:599px;height:auto\" srcset=\"https:\/\/agora.xtec.cat\/ceip-jbalmes-cervera\/wp-content\/uploads\/usu479\/2026\/04\/WhatsApp-Image-2026-04-24-at-10.26.50-AM-1024x768.jpeg 1024w, https:\/\/agora.xtec.cat\/ceip-jbalmes-cervera\/wp-content\/uploads\/usu479\/2026\/04\/WhatsApp-Image-2026-04-24-at-10.26.50-AM-300x225.jpeg 300w, https:\/\/agora.xtec.cat\/ceip-jbalmes-cervera\/wp-content\/uploads\/usu479\/2026\/04\/WhatsApp-Image-2026-04-24-at-10.26.50-AM-768x576.jpeg 768w, https:\/\/agora.xtec.cat\/ceip-jbalmes-cervera\/wp-content\/uploads\/usu479\/2026\/04\/WhatsApp-Image-2026-04-24-at-10.26.50-AM-1536x1152.jpeg 1536w, https:\/\/agora.xtec.cat\/ceip-jbalmes-cervera\/wp-content\/uploads\/usu479\/2026\/04\/WhatsApp-Image-2026-04-24-at-10.26.50-AM.jpeg 1600w\" sizes=\"auto, (max-width: 1024px) 100vw, 1024px\" \/><\/a><\/figure>\n\n\n\n<p>.<\/p>\n\n\n\n<p>La jornada tamb\u00e9 ha vingut acompanyada d&#8217;una petita sorpresa: l&#8217;anunci que l&#8217;alumne de 5\u00e8 Nil Bertran de Sol\u00e0, ha resultat guanyador d&#8217;un dels premis del <a href=\"https:\/\/www.fcaixescatalanes.cat\/premi\/concurs-dibuix-escolar\/\">Concurs BBVA de dibuix escolar<\/a>, tot il\u00b7lustrant el conte &#8220;El rossinyol del vent&#8221;. Aquest certamen, adre\u00e7at a totes les escoles d\u2019educaci\u00f3 prim\u00e0ria i d\u2019educaci\u00f3 especial de Catalunya, t\u00e9 per objectiu estimular la creativitat dels escolars en la faceta del dibuix, a trav\u00e9s de la lectura de cinc contes que parlen de valors i el respecte al medi ambient. En el cas del nostre centre, hi han participat els alumnes de 5\u00e8 i 6\u00e8 de prim\u00e0ria. <\/p>\n\n\n\n<p>Com veieu, una diada de Sant Jordi molt i molt especial!<\/p>\n\n\n\n<p><\/p>\n\n\n\n<p><\/p>\n","protected":false},"excerpt":{"rendered":"<p>. La diada de Sant Jordi a l&#8217;escola, m\u00e9s enll\u00e0 de l&#8217;imprescindible treball realitzat pr\u00f2piament a les aules amb la confecci\u00f3 de roses, punts de llibre i altres manualitats, ha acollit un any m\u00e9s un bon grapat d&#8217;activitats compartides, que han aplegat al seu voltant el conjunt d&#8217;alumnes, mestres i fam\u00edlies del centre. Entre elles: [&hellip;]<\/p>\n","protected":false},"author":90,"featured_media":14377,"comment_status":"open","ping_status":"open","sticky":false,"template":"","format":"standard","meta":{"_bbp_topic_count":0,"_bbp_reply_count":0,"_bbp_total_topic_count":0,"_bbp_total_reply_count":0,"_bbp_voice_count":0,"_bbp_anonymous_reply_count":0,"_bbp_topic_count_hidden":0,"_bbp_reply_count_hidden":0,"_bbp_forum_subforum_count":0,"site-sidebar-layout":"default","site-content-layout":"","ast-site-content-layout":"default","site-content-style":"default","site-sidebar-style":"default","ast-global-header-display":"","ast-banner-title-visibility":"","ast-main-header-display":"","ast-hfb-above-header-display":"","ast-hfb-below-header-display":"","ast-hfb-mobile-header-display":"","site-post-title":"","ast-breadcrumbs-content":"","ast-featured-img":"","footer-sml-layout":"","theme-transparent-header-meta":"","adv-header-id-meta":"","stick-header-meta":"","header-above-stick-meta":"","header-main-stick-meta":"","header-below-stick-meta":"","astra-migrate-meta-layouts":"set","ast-page-background-enabled":"default","ast-page-background-meta":{"desktop":{"background-color":"var(--ast-global-color-4)","background-image":"","background-repeat":"repeat","background-position":"center center","background-size":"auto","background-attachment":"scroll","background-type":"","background-media":"","overlay-type":"","overlay-color":"","overlay-opacity":"","overlay-gradient":""},"tablet":{"background-color":"","background-image":"","background-repeat":"repeat","background-position":"center center","background-size":"auto","background-attachment":"scroll","background-type":"","background-media":"","overlay-type":"","overlay-color":"","overlay-opacity":"","overlay-gradient":""},"mobile":{"background-color":"","background-image":"","background-repeat":"repeat","background-position":"center center","background-size":"auto","background-attachment":"scroll","background-type":"","background-media":"","overlay-type":"","overlay-color":"","overlay-opacity":"","overlay-gradient":""}},"ast-content-background-meta":{"desktop":{"background-color":"var(--ast-global-color-5)","background-image":"","background-repeat":"repeat","background-position":"center center","background-size":"auto","background-attachment":"scroll","background-type":"","background-media":"","overlay-type":"","overlay-color":"","overlay-opacity":"","overlay-gradient":""},"tablet":{"background-color":"var(--ast-global-color-5)","background-image":"","background-repeat":"repeat","background-position":"center center","background-size":"auto","background-attachment":"scroll","background-type":"","background-media":"","overlay-type":"","overlay-color":"","overlay-opacity":"","overlay-gradient":""},"mobile":{"background-color":"var(--ast-global-color-5)","background-image":"","background-repeat":"repeat","background-position":"center center","background-size":"auto","background-attachment":"scroll","background-type":"","background-media":"","overlay-type":"","overlay-color":"","overlay-opacity":"","overlay-gradient":""}},"footnotes":""},"categories":[10,11,12,13,14,15,363,293,53,67,1,3,8,9,2,346,4,5,328],"tags":[],"class_list":["post-14167","post","type-post","status-publish","format-standard","has-post-thumbnail","hentry","category-1r","category-2n","category-3r","category-4t","category-5e","category-6e","category-art-i-plastica","category-aula-acollida","category-escola","category-festes","category-general","category-i3","category-i4","category-i5","category-infantil","category-jocs-florals","category-portada","category-primaria","category-teatre"],"post_mailing_queue_ids":[],"_links":{"self":[{"href":"https:\/\/agora.xtec.cat\/ceip-jbalmes-cervera\/wp-json\/wp\/v2\/posts\/14167","targetHints":{"allow":["GET"]}}],"collection":[{"href":"https:\/\/agora.xtec.cat\/ceip-jbalmes-cervera\/wp-json\/wp\/v2\/posts"}],"about":[{"href":"https:\/\/agora.xtec.cat\/ceip-jbalmes-cervera\/wp-json\/wp\/v2\/types\/post"}],"author":[{"embeddable":true,"href":"https:\/\/agora.xtec.cat\/ceip-jbalmes-cervera\/wp-json\/wp\/v2\/users\/90"}],"replies":[{"embeddable":true,"href":"https:\/\/agora.xtec.cat\/ceip-jbalmes-cervera\/wp-json\/wp\/v2\/comments?post=14167"}],"version-history":[{"count":6,"href":"https:\/\/agora.xtec.cat\/ceip-jbalmes-cervera\/wp-json\/wp\/v2\/posts\/14167\/revisions"}],"predecessor-version":[{"id":14391,"href":"https:\/\/agora.xtec.cat\/ceip-jbalmes-cervera\/wp-json\/wp\/v2\/posts\/14167\/revisions\/14391"}],"wp:featuredmedia":[{"embeddable":true,"href":"https:\/\/agora.xtec.cat\/ceip-jbalmes-cervera\/wp-json\/wp\/v2\/media\/14377"}],"wp:attachment":[{"href":"https:\/\/agora.xtec.cat\/ceip-jbalmes-cervera\/wp-json\/wp\/v2\/media?parent=14167"}],"wp:term":[{"taxonomy":"category","embeddable":true,"href":"https:\/\/agora.xtec.cat\/ceip-jbalmes-cervera\/wp-json\/wp\/v2\/categories?post=14167"},{"taxonomy":"post_tag","embeddable":true,"href":"https:\/\/agora.xtec.cat\/ceip-jbalmes-cervera\/wp-json\/wp\/v2\/tags?post=14167"}],"curies":[{"name":"wp","href":"https:\/\/api.w.org\/{rel}","templated":true}]}}