{"id":12230,"date":"2025-03-29T23:18:42","date_gmt":"2025-03-29T22:18:42","guid":{"rendered":"https:\/\/agora.xtec.cat\/ceip-jbalmes-cervera\/?p=12230"},"modified":"2026-02-07T17:13:59","modified_gmt":"2026-02-07T16:13:59","slug":"carles-sala-i-vila-escriptor-de-professio","status":"publish","type":"post","link":"https:\/\/agora.xtec.cat\/ceip-jbalmes-cervera\/general\/carles-sala-i-vila-escriptor-de-professio\/","title":{"rendered":"CARLES SALA i VILA: DE PROFESSI\u00d3, ESCRIPTOR."},"content":{"rendered":"\n<p>Aquest passat dijous 27 de mar\u00e7, i dins el programa &#8220;Lletres a les aules&#8221;, vam gaudir de la visita a l&#8217;escola, i m\u00e9s concretament a 5\u00e8, del reconegut escriptor giron\u00ed de literatura infantil i juvenil <a href=\"https:\/\/ca.wikipedia.org\/wiki\/Carles_Sala_i_Vila\" data-type=\"link\" data-id=\"https:\/\/ca.wikipedia.org\/wiki\/Carles_Sala_i_Vila\">Carles Sala i Vila<\/a>, autor de &#8220;Corn\u00e8lius i el rebost d&#8217;impossibles&#8221;, novel\u00b7la guanyadora del premi Josep M. Folch i Torres 2009, i que hem estat llegint al llarg de les darreres setmanes.<\/p>\n\n\n\n<p>.<\/p>\n\n\n\n<figure class=\"wp-block-image aligncenter size-large is-resized\"><a href=\"https:\/\/agora.xtec.cat\/ceip-jbalmes-cervera\/wp-content\/uploads\/usu479\/2025\/03\/Imatge-de-WhatsApp-2025-03-29-a-les-23.12.23_4d4af399_.jpg\"><img loading=\"lazy\" decoding=\"async\" width=\"755\" height=\"1024\" src=\"https:\/\/agora.xtec.cat\/ceip-jbalmes-cervera\/wp-content\/uploads\/usu479\/2025\/03\/Imatge-de-WhatsApp-2025-03-29-a-les-23.12.23_4d4af399_-755x1024.jpg\" alt=\"\" class=\"wp-image-12237\" style=\"width:560px;height:auto\" srcset=\"https:\/\/agora.xtec.cat\/ceip-jbalmes-cervera\/wp-content\/uploads\/usu479\/2025\/03\/Imatge-de-WhatsApp-2025-03-29-a-les-23.12.23_4d4af399_-755x1024.jpg 755w, https:\/\/agora.xtec.cat\/ceip-jbalmes-cervera\/wp-content\/uploads\/usu479\/2025\/03\/Imatge-de-WhatsApp-2025-03-29-a-les-23.12.23_4d4af399_-221x300.jpg 221w, https:\/\/agora.xtec.cat\/ceip-jbalmes-cervera\/wp-content\/uploads\/usu479\/2025\/03\/Imatge-de-WhatsApp-2025-03-29-a-les-23.12.23_4d4af399_-768x1041.jpg 768w, https:\/\/agora.xtec.cat\/ceip-jbalmes-cervera\/wp-content\/uploads\/usu479\/2025\/03\/Imatge-de-WhatsApp-2025-03-29-a-les-23.12.23_4d4af399_.jpg 1024w\" sizes=\"auto, (max-width: 755px) 100vw, 755px\" \/><\/a><\/figure>\n\n\n\n<p>.<\/p>\n\n\n\n<p>Durant l&#8217;estona que va estar amb nosaltres li vam poder fer un bon grapat de preguntes&#8230; Vam conversar tant d&#8217;aquest llibre com d&#8217;altres obres, dels premis que ha guanyat, i, especialment, de la seva feina d&#8217;escriptor (on treballa, on troba la inspiraci\u00f3, les eines que utilitza, com s&#8217;organitza&#8230;).<\/p>\n\n\n\n<p>Una estona m\u00e0gica i \u00fanica parlant de la lectura, l&#8217;escriptura i els llibres&#8230;<\/p>\n\n\n\n<p>.<\/p>\n\n\n\n<figure class=\"wp-block-image aligncenter size-full is-resized\"><a href=\"https:\/\/agora.xtec.cat\/ceip-jbalmes-cervera\/wp-content\/uploads\/usu479\/2025\/03\/darabuc-javier-andrada-carles-sala-i-vila-cornelius.jpg\"><img loading=\"lazy\" decoding=\"async\" width=\"400\" height=\"607\" src=\"https:\/\/agora.xtec.cat\/ceip-jbalmes-cervera\/wp-content\/uploads\/usu479\/2025\/03\/darabuc-javier-andrada-carles-sala-i-vila-cornelius.jpg\" alt=\"\" class=\"wp-image-12233\" style=\"width:390px;height:auto\" srcset=\"https:\/\/agora.xtec.cat\/ceip-jbalmes-cervera\/wp-content\/uploads\/usu479\/2025\/03\/darabuc-javier-andrada-carles-sala-i-vila-cornelius.jpg 400w, https:\/\/agora.xtec.cat\/ceip-jbalmes-cervera\/wp-content\/uploads\/usu479\/2025\/03\/darabuc-javier-andrada-carles-sala-i-vila-cornelius-198x300.jpg 198w\" sizes=\"auto, (max-width: 400px) 100vw, 400px\" \/><\/a><\/figure>\n\n\n\n<p><\/p>\n\n\n\n<p><\/p>\n\n\n","protected":false},"excerpt":{"rendered":"<p>Aquest passat dijous 27 de mar\u00e7, i dins el programa &#8220;Lletres a les aules&#8221;, vam gaudir de la visita a l&#8217;escola, i m\u00e9s concretament a 5\u00e8, del reconegut escriptor giron\u00ed de literatura infantil i juvenil Carles Sala i Vila, autor de &#8220;Corn\u00e8lius i el rebost d&#8217;impossibles&#8221;, novel\u00b7la guanyadora del premi Josep M. Folch i Torres [&hellip;]<\/p>\n","protected":false},"author":90,"featured_media":12237,"comment_status":"open","ping_status":"open","sticky":false,"template":"","format":"standard","meta":{"_bbp_topic_count":0,"_bbp_reply_count":0,"_bbp_total_topic_count":0,"_bbp_total_reply_count":0,"_bbp_voice_count":0,"_bbp_anonymous_reply_count":0,"_bbp_topic_count_hidden":0,"_bbp_reply_count_hidden":0,"_bbp_forum_subforum_count":0,"site-sidebar-layout":"default","site-content-layout":"","ast-site-content-layout":"","site-content-style":"default","site-sidebar-style":"default","ast-global-header-display":"","ast-banner-title-visibility":"","ast-main-header-display":"","ast-hfb-above-header-display":"","ast-hfb-below-header-display":"","ast-hfb-mobile-header-display":"","site-post-title":"","ast-breadcrumbs-content":"","ast-featured-img":"","footer-sml-layout":"","theme-transparent-header-meta":"","adv-header-id-meta":"","stick-header-meta":"","header-above-stick-meta":"","header-main-stick-meta":"","header-below-stick-meta":"","astra-migrate-meta-layouts":"default","ast-page-background-enabled":"default","ast-page-background-meta":{"desktop":{"background-color":"var(--ast-global-color-4)","background-image":"","background-repeat":"repeat","background-position":"center center","background-size":"auto","background-attachment":"scroll","background-type":"","background-media":"","overlay-type":"","overlay-color":"","overlay-opacity":"","overlay-gradient":""},"tablet":{"background-color":"","background-image":"","background-repeat":"repeat","background-position":"center center","background-size":"auto","background-attachment":"scroll","background-type":"","background-media":"","overlay-type":"","overlay-color":"","overlay-opacity":"","overlay-gradient":""},"mobile":{"background-color":"","background-image":"","background-repeat":"repeat","background-position":"center center","background-size":"auto","background-attachment":"scroll","background-type":"","background-media":"","overlay-type":"","overlay-color":"","overlay-opacity":"","overlay-gradient":""}},"ast-content-background-meta":{"desktop":{"background-color":"var(--ast-global-color-5)","background-image":"","background-repeat":"repeat","background-position":"center center","background-size":"auto","background-attachment":"scroll","background-type":"","background-media":"","overlay-type":"","overlay-color":"","overlay-opacity":"","overlay-gradient":""},"tablet":{"background-color":"var(--ast-global-color-5)","background-image":"","background-repeat":"repeat","background-position":"center center","background-size":"auto","background-attachment":"scroll","background-type":"","background-media":"","overlay-type":"","overlay-color":"","overlay-opacity":"","overlay-gradient":""},"mobile":{"background-color":"var(--ast-global-color-5)","background-image":"","background-repeat":"repeat","background-position":"center center","background-size":"auto","background-attachment":"scroll","background-type":"","background-media":"","overlay-type":"","overlay-color":"","overlay-opacity":"","overlay-gradient":""}},"footnotes":""},"categories":[14,119,1,4,5],"tags":[],"class_list":["post-12230","post","type-post","status-publish","format-standard","has-post-thumbnail","hentry","category-5e","category-biblioteca","category-general","category-portada","category-primaria"],"post_mailing_queue_ids":[],"_links":{"self":[{"href":"https:\/\/agora.xtec.cat\/ceip-jbalmes-cervera\/wp-json\/wp\/v2\/posts\/12230","targetHints":{"allow":["GET"]}}],"collection":[{"href":"https:\/\/agora.xtec.cat\/ceip-jbalmes-cervera\/wp-json\/wp\/v2\/posts"}],"about":[{"href":"https:\/\/agora.xtec.cat\/ceip-jbalmes-cervera\/wp-json\/wp\/v2\/types\/post"}],"author":[{"embeddable":true,"href":"https:\/\/agora.xtec.cat\/ceip-jbalmes-cervera\/wp-json\/wp\/v2\/users\/90"}],"replies":[{"embeddable":true,"href":"https:\/\/agora.xtec.cat\/ceip-jbalmes-cervera\/wp-json\/wp\/v2\/comments?post=12230"}],"version-history":[{"count":6,"href":"https:\/\/agora.xtec.cat\/ceip-jbalmes-cervera\/wp-json\/wp\/v2\/posts\/12230\/revisions"}],"predecessor-version":[{"id":12257,"href":"https:\/\/agora.xtec.cat\/ceip-jbalmes-cervera\/wp-json\/wp\/v2\/posts\/12230\/revisions\/12257"}],"wp:featuredmedia":[{"embeddable":true,"href":"https:\/\/agora.xtec.cat\/ceip-jbalmes-cervera\/wp-json\/wp\/v2\/media\/12237"}],"wp:attachment":[{"href":"https:\/\/agora.xtec.cat\/ceip-jbalmes-cervera\/wp-json\/wp\/v2\/media?parent=12230"}],"wp:term":[{"taxonomy":"category","embeddable":true,"href":"https:\/\/agora.xtec.cat\/ceip-jbalmes-cervera\/wp-json\/wp\/v2\/categories?post=12230"},{"taxonomy":"post_tag","embeddable":true,"href":"https:\/\/agora.xtec.cat\/ceip-jbalmes-cervera\/wp-json\/wp\/v2\/tags?post=12230"}],"curies":[{"name":"wp","href":"https:\/\/api.w.org\/{rel}","templated":true}]}}