{"id":11462,"date":"2023-09-26T09:41:40","date_gmt":"2023-09-26T07:41:40","guid":{"rendered":"https:\/\/agora.xtec.cat\/ceip-jbalmes-cervera\/?p=11462"},"modified":"2026-02-08T21:44:34","modified_gmt":"2026-02-08T20:44:34","slug":"la-festa-major-petita","status":"publish","type":"post","link":"https:\/\/agora.xtec.cat\/ceip-jbalmes-cervera\/general\/la-festa-major-petita\/","title":{"rendered":"LA FESTA MAJOR PETITA."},"content":{"rendered":"<p>El dilluns 25 de setembre va estar dedicat als nens i a les nenes de Cervera que van<br \/>\nser els protagonistes de la jornada. Al mat\u00ed va tenir lloc la Matinal de tabalers i<br \/>\npercussi\u00f3 i a la tarda, el seguici festiu i els llu\u00efments a la Pla\u00e7a Major. L\u2019acte va<br \/>\ncomptar amb la participaci\u00f3 de les escoles i les respectives Associacions de<br \/>\nFam\u00edlies d\u2019alumnes i diversos grups i entitats: <em>L\u2019Espai de Teatre La Caserna, les<\/em><br \/>\n<em>Joventuts del Ball de Diables de Cervera Carranquers i la Colla Infantil del Ball de<\/em><br \/>\n<em>Diables de Cervera Carranquers, el Grup Jove de Bombollers, la Coral Infantil Nova<\/em><br \/>\n<em>Cervera, la Colla Sardanista Dem\u00e0 Jovencells, l\u2019Escola Les Savines, l\u2019Escola Jaume<\/em><br \/>\n<em>Balmes, l\u2019Escola Moss\u00e8n Josep Arques i els Geganters de Cervera<\/em>.<br \/>\nTots els participants van rebre una xapa amb el dibuix de l\u2019\u00e0liga de Cervera, que<br \/>\nenguany celebra el seu 10\u00e8 aniversari. Amb aquest obsequi es pret\u00e9n fer una<br \/>\ncol\u00b7lecci\u00f3 de tots els elements i grups de la Festa Major Petita i ja compta amb set<br \/>\nelements diferents.<br \/>\nEnguany \u00e9s la tretzena edici\u00f3 de la Festa Major Petita, organitzada pel <em>Seminari de<\/em><br \/>\n<em>Cultura Popular<\/em> a les Escoles del Servei Educatiu de la Segarra i el Departament<br \/>\nd\u2019Educaci\u00f3, i pel Grup de Treball de l\u2019Agrupaci\u00f3 Seny Major. Cal destacar que aquest<br \/>\ngrup tamb\u00e9 lidera un projecte educatiu transversal als centres educatius del municipi<br \/>\namb tres propostes pedag\u00f2giques: <em>la Festa Major del Sant Crist, la Festa Major del<\/em><br \/>\n<em>Sant\u00edssim Misteri i la festivitat de Corpus<\/em>.<\/p>\n<p><a href=\"https:\/\/agora.xtec.cat\/ceip-jbalmes-cervera\/wp-content\/uploads\/usu479\/2023\/09\/Ball-de-cercolets-Escola-Jaume-Balmes-scaled.jpg\"><img loading=\"lazy\" decoding=\"async\" class=\"alignnone size-large wp-image-11463\" src=\"https:\/\/agora.xtec.cat\/ceip-jbalmes-cervera\/wp-content\/uploads\/usu479\/2023\/09\/Ball-de-cercolets-Escola-Jaume-Balmes-1024x683.jpg\" alt=\"\" width=\"1024\" height=\"683\" srcset=\"https:\/\/agora.xtec.cat\/ceip-jbalmes-cervera\/wp-content\/uploads\/usu479\/2023\/09\/Ball-de-cercolets-Escola-Jaume-Balmes-1024x683.jpg 1024w, https:\/\/agora.xtec.cat\/ceip-jbalmes-cervera\/wp-content\/uploads\/usu479\/2023\/09\/Ball-de-cercolets-Escola-Jaume-Balmes-300x200.jpg 300w, https:\/\/agora.xtec.cat\/ceip-jbalmes-cervera\/wp-content\/uploads\/usu479\/2023\/09\/Ball-de-cercolets-Escola-Jaume-Balmes-768x512.jpg 768w, https:\/\/agora.xtec.cat\/ceip-jbalmes-cervera\/wp-content\/uploads\/usu479\/2023\/09\/Ball-de-cercolets-Escola-Jaume-Balmes-1536x1024.jpg 1536w, https:\/\/agora.xtec.cat\/ceip-jbalmes-cervera\/wp-content\/uploads\/usu479\/2023\/09\/Ball-de-cercolets-Escola-Jaume-Balmes-2048x1365.jpg 2048w\" sizes=\"auto, (max-width: 1024px) 100vw, 1024px\" \/><\/a> <a href=\"https:\/\/agora.xtec.cat\/ceip-jbalmes-cervera\/wp-content\/uploads\/usu479\/2023\/09\/Timbaleret-scaled.jpg\"><img loading=\"lazy\" decoding=\"async\" class=\"alignnone size-large wp-image-11464\" src=\"https:\/\/agora.xtec.cat\/ceip-jbalmes-cervera\/wp-content\/uploads\/usu479\/2023\/09\/Timbaleret-1024x683.jpg\" alt=\"\" width=\"1024\" height=\"683\" srcset=\"https:\/\/agora.xtec.cat\/ceip-jbalmes-cervera\/wp-content\/uploads\/usu479\/2023\/09\/Timbaleret-1024x683.jpg 1024w, https:\/\/agora.xtec.cat\/ceip-jbalmes-cervera\/wp-content\/uploads\/usu479\/2023\/09\/Timbaleret-300x200.jpg 300w, https:\/\/agora.xtec.cat\/ceip-jbalmes-cervera\/wp-content\/uploads\/usu479\/2023\/09\/Timbaleret-768x512.jpg 768w, https:\/\/agora.xtec.cat\/ceip-jbalmes-cervera\/wp-content\/uploads\/usu479\/2023\/09\/Timbaleret-1536x1024.jpg 1536w, https:\/\/agora.xtec.cat\/ceip-jbalmes-cervera\/wp-content\/uploads\/usu479\/2023\/09\/Timbaleret-2048x1365.jpg 2048w\" sizes=\"auto, (max-width: 1024px) 100vw, 1024px\" \/><\/a><\/p>\n<p><script src=\"moz-extension:\/\/29916a23-e5ca-4d37-9082-d78176e2f5b5\/js\/app.js\" type=\"text\/javascript\"><\/script><\/p>\n","protected":false},"excerpt":{"rendered":"<p>El dilluns 25 de setembre va estar dedicat als nens i a les nenes de Cervera que van ser els protagonistes de la jornada. Al mat\u00ed va tenir lloc la Matinal de tabalers i percussi\u00f3 i a la tarda, el seguici festiu i els llu\u00efments a la Pla\u00e7a Major. L\u2019acte va comptar amb la participaci\u00f3 [&hellip;]<\/p>\n","protected":false},"author":64,"featured_media":0,"comment_status":"open","ping_status":"closed","sticky":false,"template":"","format":"standard","meta":{"_bbp_topic_count":0,"_bbp_reply_count":0,"_bbp_total_topic_count":0,"_bbp_total_reply_count":0,"_bbp_voice_count":0,"_bbp_anonymous_reply_count":0,"_bbp_topic_count_hidden":0,"_bbp_reply_count_hidden":0,"_bbp_forum_subforum_count":0,"site-sidebar-layout":"default","site-content-layout":"","ast-site-content-layout":"","site-content-style":"default","site-sidebar-style":"default","ast-global-header-display":"","ast-banner-title-visibility":"","ast-main-header-display":"","ast-hfb-above-header-display":"","ast-hfb-below-header-display":"","ast-hfb-mobile-header-display":"","site-post-title":"","ast-breadcrumbs-content":"","ast-featured-img":"","footer-sml-layout":"","theme-transparent-header-meta":"","adv-header-id-meta":"","stick-header-meta":"","header-above-stick-meta":"","header-main-stick-meta":"","header-below-stick-meta":"","astra-migrate-meta-layouts":"default","ast-page-background-enabled":"default","ast-page-background-meta":{"desktop":{"background-color":"var(--ast-global-color-4)","background-image":"","background-repeat":"repeat","background-position":"center center","background-size":"auto","background-attachment":"scroll","background-type":"","background-media":"","overlay-type":"","overlay-color":"","overlay-opacity":"","overlay-gradient":""},"tablet":{"background-color":"","background-image":"","background-repeat":"repeat","background-position":"center center","background-size":"auto","background-attachment":"scroll","background-type":"","background-media":"","overlay-type":"","overlay-color":"","overlay-opacity":"","overlay-gradient":""},"mobile":{"background-color":"","background-image":"","background-repeat":"repeat","background-position":"center center","background-size":"auto","background-attachment":"scroll","background-type":"","background-media":"","overlay-type":"","overlay-color":"","overlay-opacity":"","overlay-gradient":""}},"ast-content-background-meta":{"desktop":{"background-color":"var(--ast-global-color-5)","background-image":"","background-repeat":"repeat","background-position":"center center","background-size":"auto","background-attachment":"scroll","background-type":"","background-media":"","overlay-type":"","overlay-color":"","overlay-opacity":"","overlay-gradient":""},"tablet":{"background-color":"var(--ast-global-color-5)","background-image":"","background-repeat":"repeat","background-position":"center center","background-size":"auto","background-attachment":"scroll","background-type":"","background-media":"","overlay-type":"","overlay-color":"","overlay-opacity":"","overlay-gradient":""},"mobile":{"background-color":"var(--ast-global-color-5)","background-image":"","background-repeat":"repeat","background-position":"center center","background-size":"auto","background-attachment":"scroll","background-type":"","background-media":"","overlay-type":"","overlay-color":"","overlay-opacity":"","overlay-gradient":""}},"footnotes":""},"categories":[1,4,5,339],"tags":[],"class_list":["post-11462","post","type-post","status-publish","format-standard","hentry","category-general","category-portada","category-primaria","category-seminari-de-cultura-popular"],"post_mailing_queue_ids":[],"_links":{"self":[{"href":"https:\/\/agora.xtec.cat\/ceip-jbalmes-cervera\/wp-json\/wp\/v2\/posts\/11462","targetHints":{"allow":["GET"]}}],"collection":[{"href":"https:\/\/agora.xtec.cat\/ceip-jbalmes-cervera\/wp-json\/wp\/v2\/posts"}],"about":[{"href":"https:\/\/agora.xtec.cat\/ceip-jbalmes-cervera\/wp-json\/wp\/v2\/types\/post"}],"author":[{"embeddable":true,"href":"https:\/\/agora.xtec.cat\/ceip-jbalmes-cervera\/wp-json\/wp\/v2\/users\/64"}],"replies":[{"embeddable":true,"href":"https:\/\/agora.xtec.cat\/ceip-jbalmes-cervera\/wp-json\/wp\/v2\/comments?post=11462"}],"version-history":[{"count":2,"href":"https:\/\/agora.xtec.cat\/ceip-jbalmes-cervera\/wp-json\/wp\/v2\/posts\/11462\/revisions"}],"predecessor-version":[{"id":13739,"href":"https:\/\/agora.xtec.cat\/ceip-jbalmes-cervera\/wp-json\/wp\/v2\/posts\/11462\/revisions\/13739"}],"wp:attachment":[{"href":"https:\/\/agora.xtec.cat\/ceip-jbalmes-cervera\/wp-json\/wp\/v2\/media?parent=11462"}],"wp:term":[{"taxonomy":"category","embeddable":true,"href":"https:\/\/agora.xtec.cat\/ceip-jbalmes-cervera\/wp-json\/wp\/v2\/categories?post=11462"},{"taxonomy":"post_tag","embeddable":true,"href":"https:\/\/agora.xtec.cat\/ceip-jbalmes-cervera\/wp-json\/wp\/v2\/tags?post=11462"}],"curies":[{"name":"wp","href":"https:\/\/api.w.org\/{rel}","templated":true}]}}