{"id":11211,"date":"2023-05-11T15:48:34","date_gmt":"2023-05-11T13:48:34","guid":{"rendered":"https:\/\/agora.xtec.cat\/ceip-jbalmes-cervera\/?p=11211"},"modified":"2023-05-11T16:03:05","modified_gmt":"2023-05-11T14:03:05","slug":"i4-i-i5-visitem-el-parc-de-bombers","status":"publish","type":"post","link":"https:\/\/agora.xtec.cat\/ceip-jbalmes-cervera\/infantil\/i4-i-i5-visitem-el-parc-de-bombers\/","title":{"rendered":"I4 I I5 VISITEM EL PARC DE BOMBERS"},"content":{"rendered":"<p>Avui al mat\u00ed els infants de I4 i I5 hem anat a visitar el parc de bombers de Cervera. Hem pogut veure com s\u00f3n els camions, fins i tot hi hem pujat a dalt, hem escoltat la sirena i hem parlat per l&#8217;altaveu. Tamb\u00e9 ens han deixat provar una m\u00e0nega i hem ruixat els arbres de davant!!! Ens hem sentit com aut\u00e8ntics bombers i bomberes!!!\u00a0 Ens han mostrat les seves habitacions, el menjador i on es canvien. Tamb\u00e9 com van vestits i que utilitzen quan hi ha una emerg\u00e8ncia o han d&#8217;apagar un foc. Ens ho hem passat super b\u00e9!!!<\/p>\n<p><a href=\"https:\/\/agora.xtec.cat\/ceip-jbalmes-cervera\/wp-content\/uploads\/usu479\/2023\/05\/IMG_8443-scaled.jpg\"><img loading=\"lazy\" decoding=\"async\" class=\"wp-image-11212 aligncenter\" src=\"https:\/\/agora.xtec.cat\/ceip-jbalmes-cervera\/wp-content\/uploads\/usu479\/2023\/05\/IMG_8443-1024x647.jpg\" alt=\"\" width=\"358\" height=\"226\" srcset=\"https:\/\/agora.xtec.cat\/ceip-jbalmes-cervera\/wp-content\/uploads\/usu479\/2023\/05\/IMG_8443-1024x647.jpg 1024w, https:\/\/agora.xtec.cat\/ceip-jbalmes-cervera\/wp-content\/uploads\/usu479\/2023\/05\/IMG_8443-300x189.jpg 300w, https:\/\/agora.xtec.cat\/ceip-jbalmes-cervera\/wp-content\/uploads\/usu479\/2023\/05\/IMG_8443-768x485.jpg 768w, https:\/\/agora.xtec.cat\/ceip-jbalmes-cervera\/wp-content\/uploads\/usu479\/2023\/05\/IMG_8443-1536x970.jpg 1536w, https:\/\/agora.xtec.cat\/ceip-jbalmes-cervera\/wp-content\/uploads\/usu479\/2023\/05\/IMG_8443-2048x1293.jpg 2048w\" sizes=\"auto, (max-width: 358px) 100vw, 358px\" \/><\/a><\/p>\n<p><a href=\"https:\/\/agora.xtec.cat\/ceip-jbalmes-cervera\/wp-content\/uploads\/usu479\/2023\/05\/IMG_8423-scaled.jpg\"><img loading=\"lazy\" decoding=\"async\" class=\"wp-image-11213 aligncenter\" src=\"https:\/\/agora.xtec.cat\/ceip-jbalmes-cervera\/wp-content\/uploads\/usu479\/2023\/05\/IMG_8423-1024x768.jpg\" alt=\"\" width=\"359\" height=\"269\" srcset=\"https:\/\/agora.xtec.cat\/ceip-jbalmes-cervera\/wp-content\/uploads\/usu479\/2023\/05\/IMG_8423-1024x768.jpg 1024w, https:\/\/agora.xtec.cat\/ceip-jbalmes-cervera\/wp-content\/uploads\/usu479\/2023\/05\/IMG_8423-300x225.jpg 300w, https:\/\/agora.xtec.cat\/ceip-jbalmes-cervera\/wp-content\/uploads\/usu479\/2023\/05\/IMG_8423-768x576.jpg 768w, https:\/\/agora.xtec.cat\/ceip-jbalmes-cervera\/wp-content\/uploads\/usu479\/2023\/05\/IMG_8423-1536x1152.jpg 1536w, https:\/\/agora.xtec.cat\/ceip-jbalmes-cervera\/wp-content\/uploads\/usu479\/2023\/05\/IMG_8423-2048x1536.jpg 2048w, https:\/\/agora.xtec.cat\/ceip-jbalmes-cervera\/wp-content\/uploads\/usu479\/2023\/05\/IMG_8423-200x150.jpg 200w\" sizes=\"auto, (max-width: 359px) 100vw, 359px\" \/><\/a><\/p>\n<p><a href=\"https:\/\/agora.xtec.cat\/ceip-jbalmes-cervera\/wp-content\/uploads\/usu479\/2023\/05\/e0d41a66-a119-432b-a898-e80b429ec2d3.jpg\"><img loading=\"lazy\" decoding=\"async\" class=\"wp-image-11214 aligncenter\" src=\"https:\/\/agora.xtec.cat\/ceip-jbalmes-cervera\/wp-content\/uploads\/usu479\/2023\/05\/e0d41a66-a119-432b-a898-e80b429ec2d3-1024x768.jpg\" alt=\"\" width=\"357\" height=\"268\" srcset=\"https:\/\/agora.xtec.cat\/ceip-jbalmes-cervera\/wp-content\/uploads\/usu479\/2023\/05\/e0d41a66-a119-432b-a898-e80b429ec2d3-1024x768.jpg 1024w, https:\/\/agora.xtec.cat\/ceip-jbalmes-cervera\/wp-content\/uploads\/usu479\/2023\/05\/e0d41a66-a119-432b-a898-e80b429ec2d3-300x225.jpg 300w, https:\/\/agora.xtec.cat\/ceip-jbalmes-cervera\/wp-content\/uploads\/usu479\/2023\/05\/e0d41a66-a119-432b-a898-e80b429ec2d3-768x576.jpg 768w, https:\/\/agora.xtec.cat\/ceip-jbalmes-cervera\/wp-content\/uploads\/usu479\/2023\/05\/e0d41a66-a119-432b-a898-e80b429ec2d3-1536x1152.jpg 1536w, https:\/\/agora.xtec.cat\/ceip-jbalmes-cervera\/wp-content\/uploads\/usu479\/2023\/05\/e0d41a66-a119-432b-a898-e80b429ec2d3-200x150.jpg 200w, https:\/\/agora.xtec.cat\/ceip-jbalmes-cervera\/wp-content\/uploads\/usu479\/2023\/05\/e0d41a66-a119-432b-a898-e80b429ec2d3.jpg 2000w\" sizes=\"auto, (max-width: 357px) 100vw, 357px\" \/><\/a><a href=\"https:\/\/agora.xtec.cat\/ceip-jbalmes-cervera\/wp-content\/uploads\/usu479\/2023\/05\/45c3f626-4c8d-4d48-8bc4-93b924fdd777.jpg\"><img loading=\"lazy\" decoding=\"async\" class=\"wp-image-11215 aligncenter\" src=\"https:\/\/agora.xtec.cat\/ceip-jbalmes-cervera\/wp-content\/uploads\/usu479\/2023\/05\/45c3f626-4c8d-4d48-8bc4-93b924fdd777-1024x768.jpg\" alt=\"\" width=\"353\" height=\"265\" srcset=\"https:\/\/agora.xtec.cat\/ceip-jbalmes-cervera\/wp-content\/uploads\/usu479\/2023\/05\/45c3f626-4c8d-4d48-8bc4-93b924fdd777-1024x768.jpg 1024w, https:\/\/agora.xtec.cat\/ceip-jbalmes-cervera\/wp-content\/uploads\/usu479\/2023\/05\/45c3f626-4c8d-4d48-8bc4-93b924fdd777-300x225.jpg 300w, https:\/\/agora.xtec.cat\/ceip-jbalmes-cervera\/wp-content\/uploads\/usu479\/2023\/05\/45c3f626-4c8d-4d48-8bc4-93b924fdd777-768x576.jpg 768w, https:\/\/agora.xtec.cat\/ceip-jbalmes-cervera\/wp-content\/uploads\/usu479\/2023\/05\/45c3f626-4c8d-4d48-8bc4-93b924fdd777-1536x1152.jpg 1536w, https:\/\/agora.xtec.cat\/ceip-jbalmes-cervera\/wp-content\/uploads\/usu479\/2023\/05\/45c3f626-4c8d-4d48-8bc4-93b924fdd777-200x150.jpg 200w, https:\/\/agora.xtec.cat\/ceip-jbalmes-cervera\/wp-content\/uploads\/usu479\/2023\/05\/45c3f626-4c8d-4d48-8bc4-93b924fdd777.jpg 2000w\" sizes=\"auto, (max-width: 353px) 100vw, 353px\" \/><\/a><\/p>\n","protected":false},"excerpt":{"rendered":"<p>Avui al mat\u00ed els infants de I4 i I5 hem anat a visitar el parc de bombers de Cervera. Hem pogut veure com s\u00f3n els camions, fins i tot hi hem pujat a dalt, hem escoltat la sirena i hem parlat per l&#8217;altaveu. Tamb\u00e9 ens han deixat provar una m\u00e0nega i hem ruixat els arbres [&hellip;]<\/p>\n","protected":false},"author":1,"featured_media":11220,"comment_status":"closed","ping_status":"closed","sticky":false,"template":"","format":"standard","meta":{"_bbp_topic_count":0,"_bbp_reply_count":0,"_bbp_total_topic_count":0,"_bbp_total_reply_count":0,"_bbp_voice_count":0,"_bbp_anonymous_reply_count":0,"_bbp_topic_count_hidden":0,"_bbp_reply_count_hidden":0,"_bbp_forum_subforum_count":0,"site-sidebar-layout":"default","site-content-layout":"","ast-site-content-layout":"","site-content-style":"default","site-sidebar-style":"default","ast-global-header-display":"","ast-banner-title-visibility":"","ast-main-header-display":"","ast-hfb-above-header-display":"","ast-hfb-below-header-display":"","ast-hfb-mobile-header-display":"","site-post-title":"","ast-breadcrumbs-content":"","ast-featured-img":"","footer-sml-layout":"","theme-transparent-header-meta":"","adv-header-id-meta":"","stick-header-meta":"","header-above-stick-meta":"","header-main-stick-meta":"","header-below-stick-meta":"","astra-migrate-meta-layouts":"default","ast-page-background-enabled":"default","ast-page-background-meta":{"desktop":{"background-color":"var(--ast-global-color-4)","background-image":"","background-repeat":"repeat","background-position":"center center","background-size":"auto","background-attachment":"scroll","background-type":"","background-media":"","overlay-type":"","overlay-color":"","overlay-opacity":"","overlay-gradient":""},"tablet":{"background-color":"","background-image":"","background-repeat":"repeat","background-position":"center center","background-size":"auto","background-attachment":"scroll","background-type":"","background-media":"","overlay-type":"","overlay-color":"","overlay-opacity":"","overlay-gradient":""},"mobile":{"background-color":"","background-image":"","background-repeat":"repeat","background-position":"center center","background-size":"auto","background-attachment":"scroll","background-type":"","background-media":"","overlay-type":"","overlay-color":"","overlay-opacity":"","overlay-gradient":""}},"ast-content-background-meta":{"desktop":{"background-color":"var(--ast-global-color-5)","background-image":"","background-repeat":"repeat","background-position":"center center","background-size":"auto","background-attachment":"scroll","background-type":"","background-media":"","overlay-type":"","overlay-color":"","overlay-opacity":"","overlay-gradient":""},"tablet":{"background-color":"var(--ast-global-color-5)","background-image":"","background-repeat":"repeat","background-position":"center center","background-size":"auto","background-attachment":"scroll","background-type":"","background-media":"","overlay-type":"","overlay-color":"","overlay-opacity":"","overlay-gradient":""},"mobile":{"background-color":"var(--ast-global-color-5)","background-image":"","background-repeat":"repeat","background-position":"center center","background-size":"auto","background-attachment":"scroll","background-type":"","background-media":"","overlay-type":"","overlay-color":"","overlay-opacity":"","overlay-gradient":""}},"footnotes":""},"categories":[8,9,2,4],"tags":[],"class_list":["post-11211","post","type-post","status-publish","format-standard","has-post-thumbnail","hentry","category-i4","category-i5","category-infantil","category-portada"],"post_mailing_queue_ids":[],"_links":{"self":[{"href":"https:\/\/agora.xtec.cat\/ceip-jbalmes-cervera\/wp-json\/wp\/v2\/posts\/11211","targetHints":{"allow":["GET"]}}],"collection":[{"href":"https:\/\/agora.xtec.cat\/ceip-jbalmes-cervera\/wp-json\/wp\/v2\/posts"}],"about":[{"href":"https:\/\/agora.xtec.cat\/ceip-jbalmes-cervera\/wp-json\/wp\/v2\/types\/post"}],"author":[{"embeddable":true,"href":"https:\/\/agora.xtec.cat\/ceip-jbalmes-cervera\/wp-json\/wp\/v2\/users\/1"}],"replies":[{"embeddable":true,"href":"https:\/\/agora.xtec.cat\/ceip-jbalmes-cervera\/wp-json\/wp\/v2\/comments?post=11211"}],"version-history":[{"count":2,"href":"https:\/\/agora.xtec.cat\/ceip-jbalmes-cervera\/wp-json\/wp\/v2\/posts\/11211\/revisions"}],"predecessor-version":[{"id":11217,"href":"https:\/\/agora.xtec.cat\/ceip-jbalmes-cervera\/wp-json\/wp\/v2\/posts\/11211\/revisions\/11217"}],"wp:featuredmedia":[{"embeddable":true,"href":"https:\/\/agora.xtec.cat\/ceip-jbalmes-cervera\/wp-json\/wp\/v2\/media\/11220"}],"wp:attachment":[{"href":"https:\/\/agora.xtec.cat\/ceip-jbalmes-cervera\/wp-json\/wp\/v2\/media?parent=11211"}],"wp:term":[{"taxonomy":"category","embeddable":true,"href":"https:\/\/agora.xtec.cat\/ceip-jbalmes-cervera\/wp-json\/wp\/v2\/categories?post=11211"},{"taxonomy":"post_tag","embeddable":true,"href":"https:\/\/agora.xtec.cat\/ceip-jbalmes-cervera\/wp-json\/wp\/v2\/tags?post=11211"}],"curies":[{"name":"wp","href":"https:\/\/api.w.org\/{rel}","templated":true}]}}