{"id":10847,"date":"2023-02-17T11:55:15","date_gmt":"2023-02-17T10:55:15","guid":{"rendered":"https:\/\/agora.xtec.cat\/ceip-jbalmes-cervera\/?p=10847"},"modified":"2026-02-08T13:02:42","modified_gmt":"2026-02-08T12:02:42","slug":"i4-i-i5-anem-dexcursio-al-lab-0-6","status":"publish","type":"post","link":"https:\/\/agora.xtec.cat\/ceip-jbalmes-cervera\/general\/i4-i-i5-anem-dexcursio-al-lab-0-6\/","title":{"rendered":"I4 i I5 ANEM D&#8217;EXCURSI\u00d3 AL LAB 0.6."},"content":{"rendered":"<p>EL DIMECRES DIA 15 DE FEBRER ELS ALUMNES DE I4 i I5 VAM ANAR D&#8217;EXCURSI\u00d3 A MANRESA AL LAB 0.6 I ENS HO VAM PASSAR D&#8217;ALL\u00d2 M\u00c9S B\u00c9.<\/p>\n<p>ES TRACTA D&#8217;UN CENTRE ON ES PROMOU L&#8217;INTER\u00c8S PER LA CI\u00c8NCIA A PARTIR DE LA INICIATIVA PERSONAL EN LA RESOLUCI\u00d3 DE REPTES, LA PRESA DE DECISIONS AMB INTENCIONALITAT I LA VIV\u00c8NCIA D&#8217;EXPERI\u00c8NCIES POSITIVES D&#8217;APRENENTATGE CIENT\u00cdFIC.<\/p>\n<p>ELS NENS I NENES VAN FER DE PETITS CIENT\u00cdFICS AMB UN AMPLI VENTALL D&#8217;ACTIVITATS I MATERIALS. VAN FORMULAR-SE MOLTES PREGUNTES, VAN FER MOLTES HIP\u00d2TESIS I FINALMENT, DESPR\u00c9S DE LA MANIPULACI\u00d3 I EXPERIMENTACI\u00d3 VAN ARRIBAR A CONCLUSIONS I A SUPERAR ELS DIFERENTS REPTES PROPOSATS.<\/p>\n<p>AH, I TAMB\u00c9 VAM FER AIGUA DE DIFERENTS COLORS AMB FRUITES I VERDURES!!!<\/p>\n<p>EN DEFINITIVA, VAM GAUDIR D&#8217;UN DIA FANT\u00c0STIC!!<\/p>\n<p>&nbsp;<\/p>\n<p><a href=\"https:\/\/agora.xtec.cat\/ceip-jbalmes-cervera\/wp-content\/uploads\/usu479\/2023\/02\/IMG_60761-scaled.jpeg\"><img loading=\"lazy\" decoding=\"async\" class=\"wp-image-10851 aligncenter\" src=\"https:\/\/agora.xtec.cat\/ceip-jbalmes-cervera\/wp-content\/uploads\/usu479\/2023\/02\/IMG_60761-1024x768.jpeg\" alt=\"\" width=\"602\" height=\"451\" srcset=\"https:\/\/agora.xtec.cat\/ceip-jbalmes-cervera\/wp-content\/uploads\/usu479\/2023\/02\/IMG_60761-1024x768.jpeg 1024w, https:\/\/agora.xtec.cat\/ceip-jbalmes-cervera\/wp-content\/uploads\/usu479\/2023\/02\/IMG_60761-300x225.jpeg 300w, https:\/\/agora.xtec.cat\/ceip-jbalmes-cervera\/wp-content\/uploads\/usu479\/2023\/02\/IMG_60761-768x576.jpeg 768w, https:\/\/agora.xtec.cat\/ceip-jbalmes-cervera\/wp-content\/uploads\/usu479\/2023\/02\/IMG_60761-1536x1152.jpeg 1536w, https:\/\/agora.xtec.cat\/ceip-jbalmes-cervera\/wp-content\/uploads\/usu479\/2023\/02\/IMG_60761-2048x1536.jpeg 2048w, https:\/\/agora.xtec.cat\/ceip-jbalmes-cervera\/wp-content\/uploads\/usu479\/2023\/02\/IMG_60761-200x150.jpeg 200w\" sizes=\"auto, (max-width: 602px) 100vw, 602px\" \/><\/a><\/p>\n<p><a href=\"https:\/\/agora.xtec.cat\/ceip-jbalmes-cervera\/wp-content\/uploads\/usu479\/2023\/02\/aigua-de-colors-lab.jpg\"><img loading=\"lazy\" decoding=\"async\" class=\"wp-image-10852 aligncenter\" src=\"https:\/\/agora.xtec.cat\/ceip-jbalmes-cervera\/wp-content\/uploads\/usu479\/2023\/02\/aigua-de-colors-lab.jpg\" alt=\"\" width=\"601\" height=\"401\" srcset=\"https:\/\/agora.xtec.cat\/ceip-jbalmes-cervera\/wp-content\/uploads\/usu479\/2023\/02\/aigua-de-colors-lab.jpg 800w, https:\/\/agora.xtec.cat\/ceip-jbalmes-cervera\/wp-content\/uploads\/usu479\/2023\/02\/aigua-de-colors-lab-300x200.jpg 300w, https:\/\/agora.xtec.cat\/ceip-jbalmes-cervera\/wp-content\/uploads\/usu479\/2023\/02\/aigua-de-colors-lab-768x513.jpg 768w\" sizes=\"auto, (max-width: 601px) 100vw, 601px\" \/><\/a><\/p>\n<p><a href=\"https:\/\/agora.xtec.cat\/ceip-jbalmes-cervera\/wp-content\/uploads\/usu479\/2023\/02\/lab-3-6.jpg\"><img loading=\"lazy\" decoding=\"async\" class=\"wp-image-10853 aligncenter\" src=\"https:\/\/agora.xtec.cat\/ceip-jbalmes-cervera\/wp-content\/uploads\/usu479\/2023\/02\/lab-3-6.jpg\" alt=\"\" width=\"585\" height=\"390\" srcset=\"https:\/\/agora.xtec.cat\/ceip-jbalmes-cervera\/wp-content\/uploads\/usu479\/2023\/02\/lab-3-6.jpg 1000w, https:\/\/agora.xtec.cat\/ceip-jbalmes-cervera\/wp-content\/uploads\/usu479\/2023\/02\/lab-3-6-300x200.jpg 300w, https:\/\/agora.xtec.cat\/ceip-jbalmes-cervera\/wp-content\/uploads\/usu479\/2023\/02\/lab-3-6-768x512.jpg 768w\" sizes=\"auto, (max-width: 585px) 100vw, 585px\" \/><\/a><\/p>\n","protected":false},"excerpt":{"rendered":"<p>EL DIMECRES DIA 15 DE FEBRER ELS ALUMNES DE I4 i I5 VAM ANAR D&#8217;EXCURSI\u00d3 A MANRESA AL LAB 0.6 I ENS HO VAM PASSAR D&#8217;ALL\u00d2 M\u00c9S B\u00c9. ES TRACTA D&#8217;UN CENTRE ON ES PROMOU L&#8217;INTER\u00c8S PER LA CI\u00c8NCIA A PARTIR DE LA INICIATIVA PERSONAL EN LA RESOLUCI\u00d3 DE REPTES, LA PRESA DE DECISIONS AMB [&hellip;]<\/p>\n","protected":false},"author":1,"featured_media":10860,"comment_status":"open","ping_status":"closed","sticky":false,"template":"","format":"standard","meta":{"_bbp_topic_count":0,"_bbp_reply_count":0,"_bbp_total_topic_count":0,"_bbp_total_reply_count":0,"_bbp_voice_count":0,"_bbp_anonymous_reply_count":0,"_bbp_topic_count_hidden":0,"_bbp_reply_count_hidden":0,"_bbp_forum_subforum_count":0,"site-sidebar-layout":"default","site-content-layout":"","ast-site-content-layout":"","site-content-style":"default","site-sidebar-style":"default","ast-global-header-display":"","ast-banner-title-visibility":"","ast-main-header-display":"","ast-hfb-above-header-display":"","ast-hfb-below-header-display":"","ast-hfb-mobile-header-display":"","site-post-title":"","ast-breadcrumbs-content":"","ast-featured-img":"","footer-sml-layout":"","theme-transparent-header-meta":"","adv-header-id-meta":"","stick-header-meta":"","header-above-stick-meta":"","header-main-stick-meta":"","header-below-stick-meta":"","astra-migrate-meta-layouts":"default","ast-page-background-enabled":"default","ast-page-background-meta":{"desktop":{"background-color":"var(--ast-global-color-4)","background-image":"","background-repeat":"repeat","background-position":"center center","background-size":"auto","background-attachment":"scroll","background-type":"","background-media":"","overlay-type":"","overlay-color":"","overlay-opacity":"","overlay-gradient":""},"tablet":{"background-color":"","background-image":"","background-repeat":"repeat","background-position":"center center","background-size":"auto","background-attachment":"scroll","background-type":"","background-media":"","overlay-type":"","overlay-color":"","overlay-opacity":"","overlay-gradient":""},"mobile":{"background-color":"","background-image":"","background-repeat":"repeat","background-position":"center center","background-size":"auto","background-attachment":"scroll","background-type":"","background-media":"","overlay-type":"","overlay-color":"","overlay-opacity":"","overlay-gradient":""}},"ast-content-background-meta":{"desktop":{"background-color":"var(--ast-global-color-5)","background-image":"","background-repeat":"repeat","background-position":"center center","background-size":"auto","background-attachment":"scroll","background-type":"","background-media":"","overlay-type":"","overlay-color":"","overlay-opacity":"","overlay-gradient":""},"tablet":{"background-color":"var(--ast-global-color-5)","background-image":"","background-repeat":"repeat","background-position":"center center","background-size":"auto","background-attachment":"scroll","background-type":"","background-media":"","overlay-type":"","overlay-color":"","overlay-opacity":"","overlay-gradient":""},"mobile":{"background-color":"var(--ast-global-color-5)","background-image":"","background-repeat":"repeat","background-position":"center center","background-size":"auto","background-attachment":"scroll","background-type":"","background-media":"","overlay-type":"","overlay-color":"","overlay-opacity":"","overlay-gradient":""}},"footnotes":""},"categories":[350,1,8,9,2,4],"tags":[],"class_list":["post-10847","post","type-post","status-publish","format-standard","has-post-thumbnail","hentry","category-ciencia","category-general","category-i4","category-i5","category-infantil","category-portada"],"post_mailing_queue_ids":[],"_links":{"self":[{"href":"https:\/\/agora.xtec.cat\/ceip-jbalmes-cervera\/wp-json\/wp\/v2\/posts\/10847","targetHints":{"allow":["GET"]}}],"collection":[{"href":"https:\/\/agora.xtec.cat\/ceip-jbalmes-cervera\/wp-json\/wp\/v2\/posts"}],"about":[{"href":"https:\/\/agora.xtec.cat\/ceip-jbalmes-cervera\/wp-json\/wp\/v2\/types\/post"}],"author":[{"embeddable":true,"href":"https:\/\/agora.xtec.cat\/ceip-jbalmes-cervera\/wp-json\/wp\/v2\/users\/1"}],"replies":[{"embeddable":true,"href":"https:\/\/agora.xtec.cat\/ceip-jbalmes-cervera\/wp-json\/wp\/v2\/comments?post=10847"}],"version-history":[{"count":4,"href":"https:\/\/agora.xtec.cat\/ceip-jbalmes-cervera\/wp-json\/wp\/v2\/posts\/10847\/revisions"}],"predecessor-version":[{"id":13711,"href":"https:\/\/agora.xtec.cat\/ceip-jbalmes-cervera\/wp-json\/wp\/v2\/posts\/10847\/revisions\/13711"}],"wp:featuredmedia":[{"embeddable":true,"href":"https:\/\/agora.xtec.cat\/ceip-jbalmes-cervera\/wp-json\/wp\/v2\/media\/10860"}],"wp:attachment":[{"href":"https:\/\/agora.xtec.cat\/ceip-jbalmes-cervera\/wp-json\/wp\/v2\/media?parent=10847"}],"wp:term":[{"taxonomy":"category","embeddable":true,"href":"https:\/\/agora.xtec.cat\/ceip-jbalmes-cervera\/wp-json\/wp\/v2\/categories?post=10847"},{"taxonomy":"post_tag","embeddable":true,"href":"https:\/\/agora.xtec.cat\/ceip-jbalmes-cervera\/wp-json\/wp\/v2\/tags?post=10847"}],"curies":[{"name":"wp","href":"https:\/\/api.w.org\/{rel}","templated":true}]}}