{"id":10221,"date":"2022-06-28T10:17:26","date_gmt":"2022-06-28T08:17:26","guid":{"rendered":"https:\/\/agora.xtec.cat\/ceip-jbalmes-cervera\/?p=10221"},"modified":"2022-06-28T11:46:38","modified_gmt":"2022-06-28T09:46:38","slug":"festa-de-laigua","status":"publish","type":"post","link":"https:\/\/agora.xtec.cat\/ceip-jbalmes-cervera\/general\/festa-de-laigua\/","title":{"rendered":"FESTA DE L&#8217;AIGUA!!"},"content":{"rendered":"<p style=\"text-align: center;\"><a href=\"https:\/\/agora.xtec.cat\/ceip-jbalmes-cervera\/wp-content\/uploads\/usu479\/2022\/06\/IMG-20220623-WA0021-1.jpg\"><img loading=\"lazy\" decoding=\"async\" class=\"alignnone size-medium wp-image-10237\" src=\"https:\/\/agora.xtec.cat\/ceip-jbalmes-cervera\/wp-content\/uploads\/usu479\/2022\/06\/IMG-20220623-WA0021-1-300x225.jpg\" alt=\"\" width=\"300\" height=\"225\" srcset=\"https:\/\/agora.xtec.cat\/ceip-jbalmes-cervera\/wp-content\/uploads\/usu479\/2022\/06\/IMG-20220623-WA0021-1-300x225.jpg 300w, https:\/\/agora.xtec.cat\/ceip-jbalmes-cervera\/wp-content\/uploads\/usu479\/2022\/06\/IMG-20220623-WA0021-1-1024x768.jpg 1024w, https:\/\/agora.xtec.cat\/ceip-jbalmes-cervera\/wp-content\/uploads\/usu479\/2022\/06\/IMG-20220623-WA0021-1-768x576.jpg 768w, https:\/\/agora.xtec.cat\/ceip-jbalmes-cervera\/wp-content\/uploads\/usu479\/2022\/06\/IMG-20220623-WA0021-1-1536x1152.jpg 1536w, https:\/\/agora.xtec.cat\/ceip-jbalmes-cervera\/wp-content\/uploads\/usu479\/2022\/06\/IMG-20220623-WA0021-1-200x150.jpg 200w, https:\/\/agora.xtec.cat\/ceip-jbalmes-cervera\/wp-content\/uploads\/usu479\/2022\/06\/IMG-20220623-WA0021-1.jpg 2048w\" sizes=\"auto, (max-width: 300px) 100vw, 300px\" \/><\/a><\/p>\n<p>El passat dimecres dia 22 de juny va ser l&#8217;\u00faltim dia del curs 2021\/22. I per tal de celebrar-ho els nens i nenes de 5\u00e9 de l&#8217;escola ens van preparar un seguit de jocs d&#8217;aigua per divertir-nos i refrescar-nos d&#8217;all\u00f2 m\u00e9s. La classe de les tortugues ens ho vam passar super b\u00e9!!!<\/p>\n<p>Esperem que passeu un molt bon estiu!<\/p>\n<p><a href=\"https:\/\/photos.app.goo.gl\/pq1qHAXaaL9dTKXa9\">CLICA<\/a><\/p>\n<p>&nbsp;<\/p>\n<p>&nbsp;<\/p>\n<p>&nbsp;<\/p>\n<p>&nbsp;<\/p>\n<p>&nbsp;<\/p>\n<p>&nbsp;<\/p>\n<p>&nbsp;<\/p>\n<p>&nbsp;<\/p>\n<p>&nbsp;<\/p>\n<p>&nbsp;<\/p>\n<p>&nbsp;<\/p>\n<p>&nbsp;<\/p>\n<p>&nbsp;<\/p>\n","protected":false},"excerpt":{"rendered":"<p>El passat dimecres dia 22 de juny va ser l&#8217;\u00faltim dia del curs 2021\/22. I per tal de celebrar-ho els nens i nenes de 5\u00e9 de l&#8217;escola ens van preparar un seguit de jocs d&#8217;aigua per divertir-nos i refrescar-nos d&#8217;all\u00f2 m\u00e9s. La classe de les tortugues ens ho vam passar super b\u00e9!!! Esperem que passeu [&hellip;]<\/p>\n","protected":false},"author":1,"featured_media":0,"comment_status":"open","ping_status":"closed","sticky":false,"template":"","format":"standard","meta":{"_bbp_topic_count":0,"_bbp_reply_count":0,"_bbp_total_topic_count":0,"_bbp_total_reply_count":0,"_bbp_voice_count":0,"_bbp_anonymous_reply_count":0,"_bbp_topic_count_hidden":0,"_bbp_reply_count_hidden":0,"_bbp_forum_subforum_count":0,"site-sidebar-layout":"default","site-content-layout":"","ast-site-content-layout":"","site-content-style":"default","site-sidebar-style":"default","ast-global-header-display":"","ast-banner-title-visibility":"","ast-main-header-display":"","ast-hfb-above-header-display":"","ast-hfb-below-header-display":"","ast-hfb-mobile-header-display":"","site-post-title":"","ast-breadcrumbs-content":"","ast-featured-img":"","footer-sml-layout":"","theme-transparent-header-meta":"","adv-header-id-meta":"","stick-header-meta":"","header-above-stick-meta":"","header-main-stick-meta":"","header-below-stick-meta":"","astra-migrate-meta-layouts":"default","ast-page-background-enabled":"default","ast-page-background-meta":{"desktop":{"background-color":"var(--ast-global-color-4)","background-image":"","background-repeat":"repeat","background-position":"center center","background-size":"auto","background-attachment":"scroll","background-type":"","background-media":"","overlay-type":"","overlay-color":"","overlay-opacity":"","overlay-gradient":""},"tablet":{"background-color":"","background-image":"","background-repeat":"repeat","background-position":"center center","background-size":"auto","background-attachment":"scroll","background-type":"","background-media":"","overlay-type":"","overlay-color":"","overlay-opacity":"","overlay-gradient":""},"mobile":{"background-color":"","background-image":"","background-repeat":"repeat","background-position":"center center","background-size":"auto","background-attachment":"scroll","background-type":"","background-media":"","overlay-type":"","overlay-color":"","overlay-opacity":"","overlay-gradient":""}},"ast-content-background-meta":{"desktop":{"background-color":"var(--ast-global-color-5)","background-image":"","background-repeat":"repeat","background-position":"center center","background-size":"auto","background-attachment":"scroll","background-type":"","background-media":"","overlay-type":"","overlay-color":"","overlay-opacity":"","overlay-gradient":""},"tablet":{"background-color":"var(--ast-global-color-5)","background-image":"","background-repeat":"repeat","background-position":"center center","background-size":"auto","background-attachment":"scroll","background-type":"","background-media":"","overlay-type":"","overlay-color":"","overlay-opacity":"","overlay-gradient":""},"mobile":{"background-color":"var(--ast-global-color-5)","background-image":"","background-repeat":"repeat","background-position":"center center","background-size":"auto","background-attachment":"scroll","background-type":"","background-media":"","overlay-type":"","overlay-color":"","overlay-opacity":"","overlay-gradient":""}},"footnotes":""},"categories":[1,2,5],"tags":[],"class_list":["post-10221","post","type-post","status-publish","format-standard","hentry","category-general","category-infantil","category-primaria"],"post_mailing_queue_ids":[],"_links":{"self":[{"href":"https:\/\/agora.xtec.cat\/ceip-jbalmes-cervera\/wp-json\/wp\/v2\/posts\/10221","targetHints":{"allow":["GET"]}}],"collection":[{"href":"https:\/\/agora.xtec.cat\/ceip-jbalmes-cervera\/wp-json\/wp\/v2\/posts"}],"about":[{"href":"https:\/\/agora.xtec.cat\/ceip-jbalmes-cervera\/wp-json\/wp\/v2\/types\/post"}],"author":[{"embeddable":true,"href":"https:\/\/agora.xtec.cat\/ceip-jbalmes-cervera\/wp-json\/wp\/v2\/users\/1"}],"replies":[{"embeddable":true,"href":"https:\/\/agora.xtec.cat\/ceip-jbalmes-cervera\/wp-json\/wp\/v2\/comments?post=10221"}],"version-history":[{"count":3,"href":"https:\/\/agora.xtec.cat\/ceip-jbalmes-cervera\/wp-json\/wp\/v2\/posts\/10221\/revisions"}],"predecessor-version":[{"id":10238,"href":"https:\/\/agora.xtec.cat\/ceip-jbalmes-cervera\/wp-json\/wp\/v2\/posts\/10221\/revisions\/10238"}],"wp:attachment":[{"href":"https:\/\/agora.xtec.cat\/ceip-jbalmes-cervera\/wp-json\/wp\/v2\/media?parent=10221"}],"wp:term":[{"taxonomy":"category","embeddable":true,"href":"https:\/\/agora.xtec.cat\/ceip-jbalmes-cervera\/wp-json\/wp\/v2\/categories?post=10221"},{"taxonomy":"post_tag","embeddable":true,"href":"https:\/\/agora.xtec.cat\/ceip-jbalmes-cervera\/wp-json\/wp\/v2\/tags?post=10221"}],"curies":[{"name":"wp","href":"https:\/\/api.w.org\/{rel}","templated":true}]}}