{"id":10152,"date":"2022-06-02T09:13:27","date_gmt":"2022-06-02T07:13:27","guid":{"rendered":"https:\/\/agora.xtec.cat\/ceip-jbalmes-cervera\/?p=10152"},"modified":"2026-02-07T18:46:19","modified_gmt":"2026-02-07T17:46:19","slug":"cantania-2022-clara-lart-per-dins","status":"publish","type":"post","link":"https:\/\/agora.xtec.cat\/ceip-jbalmes-cervera\/portada\/cantania-2022-clara-lart-per-dins\/","title":{"rendered":"CANT\u00c0NIA 2022: &#8220;CLARA, L&#8217;ART PER DINS&#8221;."},"content":{"rendered":"<p style=\"text-align: center;\"><iframe loading=\"lazy\" title=\"YouTube video player\" src=\"https:\/\/www.youtube.com\/embed\/dIVuRVno2qc\" width=\"560\" height=\"315\" frameborder=\"0\" allowfullscreen=\"allowfullscreen\"><\/iframe><br \/>\nAquest any 2022 l&#8217;alumnat de cinqu\u00e8 de l&#8217;escola hem participat a la Cant\u00e0nia.<\/p>\n<p style=\"text-align: center;\">Des del gener estem aprenent i practicant les can\u00e7ons que el dia 31 de maig vam cantar a l&#8217;Auditori de Barcelona.<\/p>\n<p style=\"text-align: center;\">Vam sortir a les 12 de l&#8217;escola cap a Barcelona. Vam arribar i despr\u00e9s de dinar i jugar una estona vam comen\u00e7ar l&#8217;assaig amb 800 nens i nenes de tota Catalunya.<!--more--><\/p>\n<p style=\"text-align: center;\">Un cop preparats i preparades va comen\u00e7ar el concert.<\/p>\n<p style=\"text-align: center;\">Ens ho vam passar molt b\u00e9 i va ser una molt bona experi\u00e8ncia.<\/p>\n<p style=\"text-align: center;\">Totes les fam\u00edlies van gaudir molt amb l&#8217;espectacle.<\/p>\n<p style=\"text-align: center;\">Quan va acabar el concert vam berenar galetes amb xocolata.<\/p>\n<p style=\"text-align: center;\">Vam tornar a Cervera molt cansats i cansades per\u00f2 contents per la feina feta.<\/p>\n<p><script src=\"moz-extension:\/\/29916a23-e5ca-4d37-9082-d78176e2f5b5\/js\/app.js\" type=\"text\/javascript\"><\/script><\/p>\n<p><script src=\"moz-extension:\/\/29916a23-e5ca-4d37-9082-d78176e2f5b5\/js\/app.js\" type=\"text\/javascript\"><\/script><\/p>\n","protected":false},"excerpt":{"rendered":"<p>Aquest any 2022 l&#8217;alumnat de cinqu\u00e8 de l&#8217;escola hem participat a la Cant\u00e0nia. Des del gener estem aprenent i practicant les can\u00e7ons que el dia 31 de maig vam cantar a l&#8217;Auditori de Barcelona. Vam sortir a les 12 de l&#8217;escola cap a Barcelona. Vam arribar i despr\u00e9s de dinar i jugar una estona vam [&hellip;]<\/p>\n","protected":false},"author":1,"featured_media":0,"comment_status":"open","ping_status":"closed","sticky":false,"template":"","format":"standard","meta":{"_bbp_topic_count":0,"_bbp_reply_count":0,"_bbp_total_topic_count":0,"_bbp_total_reply_count":0,"_bbp_voice_count":0,"_bbp_anonymous_reply_count":0,"_bbp_topic_count_hidden":0,"_bbp_reply_count_hidden":0,"_bbp_forum_subforum_count":0,"site-sidebar-layout":"default","site-content-layout":"","ast-site-content-layout":"","site-content-style":"default","site-sidebar-style":"default","ast-global-header-display":"","ast-banner-title-visibility":"","ast-main-header-display":"","ast-hfb-above-header-display":"","ast-hfb-below-header-display":"","ast-hfb-mobile-header-display":"","site-post-title":"","ast-breadcrumbs-content":"","ast-featured-img":"","footer-sml-layout":"","theme-transparent-header-meta":"","adv-header-id-meta":"","stick-header-meta":"","header-above-stick-meta":"","header-main-stick-meta":"","header-below-stick-meta":"","astra-migrate-meta-layouts":"default","ast-page-background-enabled":"default","ast-page-background-meta":{"desktop":{"background-color":"var(--ast-global-color-4)","background-image":"","background-repeat":"repeat","background-position":"center center","background-size":"auto","background-attachment":"scroll","background-type":"","background-media":"","overlay-type":"","overlay-color":"","overlay-opacity":"","overlay-gradient":""},"tablet":{"background-color":"","background-image":"","background-repeat":"repeat","background-position":"center center","background-size":"auto","background-attachment":"scroll","background-type":"","background-media":"","overlay-type":"","overlay-color":"","overlay-opacity":"","overlay-gradient":""},"mobile":{"background-color":"","background-image":"","background-repeat":"repeat","background-position":"center center","background-size":"auto","background-attachment":"scroll","background-type":"","background-media":"","overlay-type":"","overlay-color":"","overlay-opacity":"","overlay-gradient":""}},"ast-content-background-meta":{"desktop":{"background-color":"var(--ast-global-color-5)","background-image":"","background-repeat":"repeat","background-position":"center center","background-size":"auto","background-attachment":"scroll","background-type":"","background-media":"","overlay-type":"","overlay-color":"","overlay-opacity":"","overlay-gradient":""},"tablet":{"background-color":"var(--ast-global-color-5)","background-image":"","background-repeat":"repeat","background-position":"center center","background-size":"auto","background-attachment":"scroll","background-type":"","background-media":"","overlay-type":"","overlay-color":"","overlay-opacity":"","overlay-gradient":""},"mobile":{"background-color":"var(--ast-global-color-5)","background-image":"","background-repeat":"repeat","background-position":"center center","background-size":"auto","background-attachment":"scroll","background-type":"","background-media":"","overlay-type":"","overlay-color":"","overlay-opacity":"","overlay-gradient":""}},"footnotes":""},"categories":[14,313,80,4,5],"tags":[],"class_list":["post-10152","post","type-post","status-publish","format-standard","hentry","category-5e","category-valors","category-musica","category-portada","category-primaria"],"post_mailing_queue_ids":[],"_links":{"self":[{"href":"https:\/\/agora.xtec.cat\/ceip-jbalmes-cervera\/wp-json\/wp\/v2\/posts\/10152","targetHints":{"allow":["GET"]}}],"collection":[{"href":"https:\/\/agora.xtec.cat\/ceip-jbalmes-cervera\/wp-json\/wp\/v2\/posts"}],"about":[{"href":"https:\/\/agora.xtec.cat\/ceip-jbalmes-cervera\/wp-json\/wp\/v2\/types\/post"}],"author":[{"embeddable":true,"href":"https:\/\/agora.xtec.cat\/ceip-jbalmes-cervera\/wp-json\/wp\/v2\/users\/1"}],"replies":[{"embeddable":true,"href":"https:\/\/agora.xtec.cat\/ceip-jbalmes-cervera\/wp-json\/wp\/v2\/comments?post=10152"}],"version-history":[{"count":2,"href":"https:\/\/agora.xtec.cat\/ceip-jbalmes-cervera\/wp-json\/wp\/v2\/posts\/10152\/revisions"}],"predecessor-version":[{"id":13673,"href":"https:\/\/agora.xtec.cat\/ceip-jbalmes-cervera\/wp-json\/wp\/v2\/posts\/10152\/revisions\/13673"}],"wp:attachment":[{"href":"https:\/\/agora.xtec.cat\/ceip-jbalmes-cervera\/wp-json\/wp\/v2\/media?parent=10152"}],"wp:term":[{"taxonomy":"category","embeddable":true,"href":"https:\/\/agora.xtec.cat\/ceip-jbalmes-cervera\/wp-json\/wp\/v2\/categories?post=10152"},{"taxonomy":"post_tag","embeddable":true,"href":"https:\/\/agora.xtec.cat\/ceip-jbalmes-cervera\/wp-json\/wp\/v2\/tags?post=10152"}],"curies":[{"name":"wp","href":"https:\/\/api.w.org\/{rel}","templated":true}]}}