{"id":10011,"date":"2022-04-01T05:47:06","date_gmt":"2022-04-01T03:47:06","guid":{"rendered":"https:\/\/agora.xtec.cat\/ceip-jbalmes-cervera\/?p=10011"},"modified":"2022-04-01T05:49:28","modified_gmt":"2022-04-01T03:49:28","slug":"celebrem-el-carnaval","status":"publish","type":"post","link":"https:\/\/agora.xtec.cat\/ceip-jbalmes-cervera\/general\/celebrem-el-carnaval\/","title":{"rendered":"CELEBREM EL CARNAVAL"},"content":{"rendered":"<p>Durant la setmana del carnaval el rei carnestoltes ens van donar unes consignes. El dimarts tota l&#8217;escola havia de portar els mitjons per sobre dels pantalons. El dimecres s&#8217;havia de portar una corbata. El dijous hav\u00edem de portar roba del mateix color i divendres pod\u00edem anar disfressats com volgu\u00e9ssim.<\/p>\n<p>Durant la setmana vam fer m\u00e0scares de fang i les vam deixar assecar, el dia seg\u00fcent les vam pintar i hi vam posar purpurina.<\/p>\n<p>Divendres a la tarda, els i les alumnes de 6\u00e8 van fer una batucada al pati de l&#8217;escola i tots junts v\u00e0rem fer una rua, m\u00e9s tard ens van posar m\u00fasica i vam ballar molt, ens va encantar!!!<\/p>\n<p>Ens ho vam passar molt b\u00e9! Ens encanta el carnaval!!<\/p>\n<p>Alumnes de 3r<\/p>\n<p><img loading=\"lazy\" decoding=\"async\" class=\"alignnone size-large\" src=\"https:\/\/lh3.googleusercontent.com\/pw\/AM-JKLUEaeVSpyECLxNVgo7zaBqpWUYteV_EYzWBokz-SKpUpQoO5E5kXFXQ19YnmBD52PhnRolIWzUKRqI40xSgyEhwpcKg-FbK2FQgb4CBNI8j-coMm_8n6cKvRaQ8ri0XF6zi8Xh5H6oZu8lGoNilkxGg=w858-h644-no?authuser=2\" width=\"858\" height=\"644\" \/><\/p>\n<p><img loading=\"lazy\" decoding=\"async\" class=\"alignnone size-large\" src=\"https:\/\/lh3.googleusercontent.com\/pw\/AM-JKLU6-fzE36Hdmci_Zy6L7VBd_Y2BvIX_kv3hzY79si1tAQYSalFh9SsO6arulqLiuieeyootJxQHs0jfrK18vHXWahjlvwMXLfLsMW9C_8CSJAvzxaULry0wJxHfxxrm-7vNz1K3ZeQMqMYU6Ti69OSp=w1142-h643-no?authuser=2\" width=\"1142\" height=\"643\" \/><\/p>\n","protected":false},"excerpt":{"rendered":"<p>Durant la setmana del carnaval el rei carnestoltes ens van donar unes consignes. El dimarts tota l&#8217;escola havia de portar els mitjons per sobre dels pantalons. El dimecres s&#8217;havia de portar una corbata. El dijous hav\u00edem de portar roba del mateix color i divendres pod\u00edem anar disfressats com volgu\u00e9ssim. Durant la setmana vam fer m\u00e0scares [&hellip;]<\/p>\n","protected":false},"author":90,"featured_media":0,"comment_status":"open","ping_status":"closed","sticky":false,"template":"","format":"standard","meta":{"_bbp_topic_count":0,"_bbp_reply_count":0,"_bbp_total_topic_count":0,"_bbp_total_reply_count":0,"_bbp_voice_count":0,"_bbp_anonymous_reply_count":0,"_bbp_topic_count_hidden":0,"_bbp_reply_count_hidden":0,"_bbp_forum_subforum_count":0,"site-sidebar-layout":"default","site-content-layout":"","ast-site-content-layout":"","site-content-style":"default","site-sidebar-style":"default","ast-global-header-display":"","ast-banner-title-visibility":"","ast-main-header-display":"","ast-hfb-above-header-display":"","ast-hfb-below-header-display":"","ast-hfb-mobile-header-display":"","site-post-title":"","ast-breadcrumbs-content":"","ast-featured-img":"","footer-sml-layout":"","theme-transparent-header-meta":"","adv-header-id-meta":"","stick-header-meta":"","header-above-stick-meta":"","header-main-stick-meta":"","header-below-stick-meta":"","astra-migrate-meta-layouts":"default","ast-page-background-enabled":"default","ast-page-background-meta":{"desktop":{"background-color":"var(--ast-global-color-4)","background-image":"","background-repeat":"repeat","background-position":"center center","background-size":"auto","background-attachment":"scroll","background-type":"","background-media":"","overlay-type":"","overlay-color":"","overlay-opacity":"","overlay-gradient":""},"tablet":{"background-color":"","background-image":"","background-repeat":"repeat","background-position":"center center","background-size":"auto","background-attachment":"scroll","background-type":"","background-media":"","overlay-type":"","overlay-color":"","overlay-opacity":"","overlay-gradient":""},"mobile":{"background-color":"","background-image":"","background-repeat":"repeat","background-position":"center center","background-size":"auto","background-attachment":"scroll","background-type":"","background-media":"","overlay-type":"","overlay-color":"","overlay-opacity":"","overlay-gradient":""}},"ast-content-background-meta":{"desktop":{"background-color":"var(--ast-global-color-5)","background-image":"","background-repeat":"repeat","background-position":"center center","background-size":"auto","background-attachment":"scroll","background-type":"","background-media":"","overlay-type":"","overlay-color":"","overlay-opacity":"","overlay-gradient":""},"tablet":{"background-color":"var(--ast-global-color-5)","background-image":"","background-repeat":"repeat","background-position":"center center","background-size":"auto","background-attachment":"scroll","background-type":"","background-media":"","overlay-type":"","overlay-color":"","overlay-opacity":"","overlay-gradient":""},"mobile":{"background-color":"var(--ast-global-color-5)","background-image":"","background-repeat":"repeat","background-position":"center center","background-size":"auto","background-attachment":"scroll","background-type":"","background-media":"","overlay-type":"","overlay-color":"","overlay-opacity":"","overlay-gradient":""}},"footnotes":""},"categories":[12,1,4],"tags":[],"class_list":["post-10011","post","type-post","status-publish","format-standard","hentry","category-3r","category-general","category-portada"],"post_mailing_queue_ids":[],"_links":{"self":[{"href":"https:\/\/agora.xtec.cat\/ceip-jbalmes-cervera\/wp-json\/wp\/v2\/posts\/10011","targetHints":{"allow":["GET"]}}],"collection":[{"href":"https:\/\/agora.xtec.cat\/ceip-jbalmes-cervera\/wp-json\/wp\/v2\/posts"}],"about":[{"href":"https:\/\/agora.xtec.cat\/ceip-jbalmes-cervera\/wp-json\/wp\/v2\/types\/post"}],"author":[{"embeddable":true,"href":"https:\/\/agora.xtec.cat\/ceip-jbalmes-cervera\/wp-json\/wp\/v2\/users\/90"}],"replies":[{"embeddable":true,"href":"https:\/\/agora.xtec.cat\/ceip-jbalmes-cervera\/wp-json\/wp\/v2\/comments?post=10011"}],"version-history":[{"count":3,"href":"https:\/\/agora.xtec.cat\/ceip-jbalmes-cervera\/wp-json\/wp\/v2\/posts\/10011\/revisions"}],"predecessor-version":[{"id":10031,"href":"https:\/\/agora.xtec.cat\/ceip-jbalmes-cervera\/wp-json\/wp\/v2\/posts\/10011\/revisions\/10031"}],"wp:attachment":[{"href":"https:\/\/agora.xtec.cat\/ceip-jbalmes-cervera\/wp-json\/wp\/v2\/media?parent=10011"}],"wp:term":[{"taxonomy":"category","embeddable":true,"href":"https:\/\/agora.xtec.cat\/ceip-jbalmes-cervera\/wp-json\/wp\/v2\/categories?post=10011"},{"taxonomy":"post_tag","embeddable":true,"href":"https:\/\/agora.xtec.cat\/ceip-jbalmes-cervera\/wp-json\/wp\/v2\/tags?post=10011"}],"curies":[{"name":"wp","href":"https:\/\/api.w.org\/{rel}","templated":true}]}}