{"id":339,"count":38,"description":"&nbsp;\r\n<p style=\"text-align: center;\"><a href=\"https:\/\/agora.xtec.cat\/ceip-jbalmes-cervera\/wp-content\/uploads\/usu479\/2026\/03\/Seny-Major-vertical.jpg\"><img class=\"alignnone size-full wp-image-14097\" src=\"https:\/\/agora.xtec.cat\/ceip-jbalmes-cervera\/wp-content\/uploads\/usu479\/2026\/03\/Seny-Major-vertical.jpg\" alt=\"\" width=\"267\" height=\"427\" \/><\/a><\/p>\r\n&nbsp;\r\n\r\n<a href=\"http:\/\/senymajor.webnode.com\/\">L\u2019Agrupaci\u00f3 Seny Major<\/a>\u00a0va ser creada a finals de l\u2019any 2009, fruit de la necessitat de les entitats de Cervera que participen en cercaviles i en altres actuacions de cultura popular al carrer, de coordinar-se, sumar esfor\u00e7os i compartir projectes comuns.\r\n\r\nUn dels projectes de l\u2019Agrupaci\u00f3, \u00e9s divulgar i apropar la cultura popular als m\u00e9s petits. \u00c9s per aquest motiu que sorg\u00ed el Grup de treball de la Cultura Popular a les Escoles, que amb l\u2019ajuda dels Serveis Educatius es formalitz\u00e0 en un seminari.\r\n\r\nEl dia 2 de febrer de 2010 es va dur a terme una reuni\u00f3 amb la Xarxa Educativa de Cervera on se\u2019ns va transmetre el seu suport. Se\u2019ns deman\u00e0 que primer de tot aport\u00e9ssim un eix tem\u00e0tic de com ho treballar\u00edem, i una vegada presentada la proposta poder comen\u00e7ar l\u2019elaboraci\u00f3 de la programaci\u00f3 i dels materials did\u00e0ctics.\r\n\r\nEl Seminari es va marcar els seg\u00fcents\u00a0<strong>objectius<\/strong>:\r\n<ul>\r\n \t<li>Elaborar una estructura per assegurar el treball de tots els elements festius al llarg de l\u2019escolaritat .<\/li>\r\n \t<li>Seguir la l\u00ednia tem\u00e0tica tenint en compte el calendari festiu que coincideix amb l\u2019escolar (de setembre a juny).<\/li>\r\n \t<li>Treballar per blocs tem\u00e0tics: Festa Major, Sant\u00edssim Misteri, La Passi\u00f3 de Cervera, Caramelles i Corpus.<\/li>\r\n \t<li>Vetllar perqu\u00e8 aquest grup de treball s\u2019obri a totes les entitats de cultura popular de Cervera.<\/li>\r\n<\/ul>\r\nEl primer bloc de continguts que es va elaborar amb el suport dels Serveis Educatius de la Segarra i del Pla Educatiu d\u2019Entorn de Cervera va \u00e9sser la Festa Major de Setembre, ja que \u00e9s la primera del curs acad\u00e8mic, \u00e9s en la qu\u00e8 participen m\u00e9s entitats i \u00e9s una de les m\u00e9s viscudes per la mainada. A aquest es van afegir posteriorment la festa del Sant\u00edssim Misteri, i darrerament, la festa de Corpus.\r\n\r\nPer a m\u00e9s informaci\u00f3: <a href=\"https:\/\/culturapopularescoles.org\/\">https:\/\/culturapopularescoles.org\/<\/a>\r\n\r\n&nbsp;","link":"https:\/\/agora.xtec.cat\/ceip-jbalmes-cervera\/categoria\/seminari-de-cultura-popular\/","name":"Seminari de Cultura Popular","slug":"seminari-de-cultura-popular","taxonomy":"category","parent":0,"meta":[],"_links":{"self":[{"href":"https:\/\/agora.xtec.cat\/ceip-jbalmes-cervera\/wp-json\/wp\/v2\/categories\/339","targetHints":{"allow":["GET"]}}],"collection":[{"href":"https:\/\/agora.xtec.cat\/ceip-jbalmes-cervera\/wp-json\/wp\/v2\/categories"}],"about":[{"href":"https:\/\/agora.xtec.cat\/ceip-jbalmes-cervera\/wp-json\/wp\/v2\/taxonomies\/category"}],"wp:post_type":[{"href":"https:\/\/agora.xtec.cat\/ceip-jbalmes-cervera\/wp-json\/wp\/v2\/posts?categories=339"}],"curies":[{"name":"wp","href":"https:\/\/api.w.org\/{rel}","templated":true}]}}