{"id":9813,"date":"2026-04-23T12:22:21","date_gmt":"2026-04-23T10:22:21","guid":{"rendered":"https:\/\/agora.xtec.cat\/ceip-jaumeprimer-pineda\/?p=9813"},"modified":"2026-04-23T12:22:22","modified_gmt":"2026-04-23T10:22:22","slug":"jocs-medievals-sant-jordi","status":"publish","type":"post","link":"https:\/\/agora.xtec.cat\/ceip-jaumeprimer-pineda\/general\/jocs-medievals-sant-jordi\/","title":{"rendered":"Jocs medievals &#8211; Sant Jordi"},"content":{"rendered":"\n<p>Ahir i avui, l\u2019alumnat de 6\u00e8 ha impulsat una jornada molt especial adre\u00e7ada a la resta d\u2019alumnes del centre. Amb molta il\u00b7lusi\u00f3 i esfor\u00e7, han preparat una s\u00e8rie de jocs medievals amb l\u2019objectiu de fer gaudir els m\u00e9s petits i petites, transportant-los a un m\u00f3n de cavallers, castells i llegendes.<\/p>\n\n\n\n<p>Durant aquests dos dies, i organitzats per torns, els diferents cursos han anat passant pels diversos espais de joc, on han pogut participar en activitats molt diverses i motivadores.<\/p>\n\n\n\n<p>Entre les propostes hi havia proves d\u2019habilitat, circuits amb reptes, jocs de punteria i activitats cooperatives que afavorien el treball en equip i la conviv\u00e8ncia. A m\u00e9s, l\u2019alumnat de 6\u00e8 ha assumit el paper de dinamitzador, explicant les normes, fomentant la participaci\u00f3 i vetllant perqu\u00e8 tothom pogu\u00e9s gaudir de l\u2019experi\u00e8ncia.<\/p>\n\n\n\n<p>Ha estat una experi\u00e8ncia molt enriquidora, plena de riures, moviment i conviv\u00e8ncia, que ha perm\u00e8s compartir estones entre cursos i celebrar, d\u2019una manera l\u00fadica i original, l\u2019arribada d\u2019una de les diades m\u00e9s destacades de l\u2019any.<\/p>\n\n\n\n<figure class=\"wp-block-gallery has-nested-images columns-default is-cropped wp-block-gallery-1 is-layout-flex wp-block-gallery-is-layout-flex\">\n<figure class=\"wp-block-image size-large\"><a href=\"https:\/\/agora.xtec.cat\/ceip-jaumeprimer-pineda\/wp-content\/uploads\/usu1816\/2026\/04\/WhatsApp-Image-2026-04-23-at-11.35.54-5.jpeg\"><img loading=\"lazy\" decoding=\"async\" width=\"768\" height=\"1024\" data-id=\"9814\" src=\"https:\/\/agora.xtec.cat\/ceip-jaumeprimer-pineda\/wp-content\/uploads\/usu1816\/2026\/04\/WhatsApp-Image-2026-04-23-at-11.35.54-5-768x1024.jpeg\" alt=\"\" class=\"wp-image-9814\" srcset=\"https:\/\/agora.xtec.cat\/ceip-jaumeprimer-pineda\/wp-content\/uploads\/usu1816\/2026\/04\/WhatsApp-Image-2026-04-23-at-11.35.54-5-768x1024.jpeg 768w, https:\/\/agora.xtec.cat\/ceip-jaumeprimer-pineda\/wp-content\/uploads\/usu1816\/2026\/04\/WhatsApp-Image-2026-04-23-at-11.35.54-5-225x300.jpeg 225w, https:\/\/agora.xtec.cat\/ceip-jaumeprimer-pineda\/wp-content\/uploads\/usu1816\/2026\/04\/WhatsApp-Image-2026-04-23-at-11.35.54-5-1152x1536.jpeg 1152w, https:\/\/agora.xtec.cat\/ceip-jaumeprimer-pineda\/wp-content\/uploads\/usu1816\/2026\/04\/WhatsApp-Image-2026-04-23-at-11.35.54-5.jpeg 1536w\" sizes=\"auto, (max-width: 768px) 100vw, 768px\" \/><\/a><\/figure>\n\n\n\n<figure class=\"wp-block-image size-large\"><a href=\"https:\/\/agora.xtec.cat\/ceip-jaumeprimer-pineda\/wp-content\/uploads\/usu1816\/2026\/04\/WhatsApp-Image-2026-04-23-at-11.35.54-4.jpeg\"><img loading=\"lazy\" decoding=\"async\" width=\"768\" height=\"1024\" data-id=\"9818\" src=\"https:\/\/agora.xtec.cat\/ceip-jaumeprimer-pineda\/wp-content\/uploads\/usu1816\/2026\/04\/WhatsApp-Image-2026-04-23-at-11.35.54-4-768x1024.jpeg\" alt=\"\" class=\"wp-image-9818\" srcset=\"https:\/\/agora.xtec.cat\/ceip-jaumeprimer-pineda\/wp-content\/uploads\/usu1816\/2026\/04\/WhatsApp-Image-2026-04-23-at-11.35.54-4-768x1024.jpeg 768w, https:\/\/agora.xtec.cat\/ceip-jaumeprimer-pineda\/wp-content\/uploads\/usu1816\/2026\/04\/WhatsApp-Image-2026-04-23-at-11.35.54-4-225x300.jpeg 225w, https:\/\/agora.xtec.cat\/ceip-jaumeprimer-pineda\/wp-content\/uploads\/usu1816\/2026\/04\/WhatsApp-Image-2026-04-23-at-11.35.54-4-1152x1536.jpeg 1152w, https:\/\/agora.xtec.cat\/ceip-jaumeprimer-pineda\/wp-content\/uploads\/usu1816\/2026\/04\/WhatsApp-Image-2026-04-23-at-11.35.54-4.jpeg 1536w\" sizes=\"auto, (max-width: 768px) 100vw, 768px\" \/><\/a><\/figure>\n\n\n\n<figure class=\"wp-block-image size-large\"><a href=\"https:\/\/agora.xtec.cat\/ceip-jaumeprimer-pineda\/wp-content\/uploads\/usu1816\/2026\/04\/WhatsApp-Image-2026-04-23-at-11.35.54-3.jpeg\"><img loading=\"lazy\" decoding=\"async\" width=\"768\" height=\"1024\" data-id=\"9819\" src=\"https:\/\/agora.xtec.cat\/ceip-jaumeprimer-pineda\/wp-content\/uploads\/usu1816\/2026\/04\/WhatsApp-Image-2026-04-23-at-11.35.54-3-768x1024.jpeg\" alt=\"\" class=\"wp-image-9819\" srcset=\"https:\/\/agora.xtec.cat\/ceip-jaumeprimer-pineda\/wp-content\/uploads\/usu1816\/2026\/04\/WhatsApp-Image-2026-04-23-at-11.35.54-3-768x1024.jpeg 768w, https:\/\/agora.xtec.cat\/ceip-jaumeprimer-pineda\/wp-content\/uploads\/usu1816\/2026\/04\/WhatsApp-Image-2026-04-23-at-11.35.54-3-225x300.jpeg 225w, https:\/\/agora.xtec.cat\/ceip-jaumeprimer-pineda\/wp-content\/uploads\/usu1816\/2026\/04\/WhatsApp-Image-2026-04-23-at-11.35.54-3-1152x1536.jpeg 1152w, https:\/\/agora.xtec.cat\/ceip-jaumeprimer-pineda\/wp-content\/uploads\/usu1816\/2026\/04\/WhatsApp-Image-2026-04-23-at-11.35.54-3.jpeg 1536w\" sizes=\"auto, (max-width: 768px) 100vw, 768px\" \/><\/a><\/figure>\n\n\n\n<figure class=\"wp-block-image size-large\"><a href=\"https:\/\/agora.xtec.cat\/ceip-jaumeprimer-pineda\/wp-content\/uploads\/usu1816\/2026\/04\/WhatsApp-Image-2026-04-23-at-11.35.54-2.jpeg\"><img loading=\"lazy\" decoding=\"async\" width=\"768\" height=\"1024\" data-id=\"9816\" src=\"https:\/\/agora.xtec.cat\/ceip-jaumeprimer-pineda\/wp-content\/uploads\/usu1816\/2026\/04\/WhatsApp-Image-2026-04-23-at-11.35.54-2-768x1024.jpeg\" alt=\"\" class=\"wp-image-9816\" srcset=\"https:\/\/agora.xtec.cat\/ceip-jaumeprimer-pineda\/wp-content\/uploads\/usu1816\/2026\/04\/WhatsApp-Image-2026-04-23-at-11.35.54-2-768x1024.jpeg 768w, https:\/\/agora.xtec.cat\/ceip-jaumeprimer-pineda\/wp-content\/uploads\/usu1816\/2026\/04\/WhatsApp-Image-2026-04-23-at-11.35.54-2-225x300.jpeg 225w, https:\/\/agora.xtec.cat\/ceip-jaumeprimer-pineda\/wp-content\/uploads\/usu1816\/2026\/04\/WhatsApp-Image-2026-04-23-at-11.35.54-2-1152x1536.jpeg 1152w, https:\/\/agora.xtec.cat\/ceip-jaumeprimer-pineda\/wp-content\/uploads\/usu1816\/2026\/04\/WhatsApp-Image-2026-04-23-at-11.35.54-2.jpeg 1536w\" sizes=\"auto, (max-width: 768px) 100vw, 768px\" \/><\/a><\/figure>\n\n\n\n<figure class=\"wp-block-image size-large\"><a href=\"https:\/\/agora.xtec.cat\/ceip-jaumeprimer-pineda\/wp-content\/uploads\/usu1816\/2026\/04\/WhatsApp-Image-2026-04-23-at-11.35.54-1.jpeg\"><img loading=\"lazy\" decoding=\"async\" width=\"768\" height=\"1024\" data-id=\"9817\" src=\"https:\/\/agora.xtec.cat\/ceip-jaumeprimer-pineda\/wp-content\/uploads\/usu1816\/2026\/04\/WhatsApp-Image-2026-04-23-at-11.35.54-1-768x1024.jpeg\" alt=\"\" class=\"wp-image-9817\" srcset=\"https:\/\/agora.xtec.cat\/ceip-jaumeprimer-pineda\/wp-content\/uploads\/usu1816\/2026\/04\/WhatsApp-Image-2026-04-23-at-11.35.54-1-768x1024.jpeg 768w, https:\/\/agora.xtec.cat\/ceip-jaumeprimer-pineda\/wp-content\/uploads\/usu1816\/2026\/04\/WhatsApp-Image-2026-04-23-at-11.35.54-1-225x300.jpeg 225w, https:\/\/agora.xtec.cat\/ceip-jaumeprimer-pineda\/wp-content\/uploads\/usu1816\/2026\/04\/WhatsApp-Image-2026-04-23-at-11.35.54-1-1152x1536.jpeg 1152w, https:\/\/agora.xtec.cat\/ceip-jaumeprimer-pineda\/wp-content\/uploads\/usu1816\/2026\/04\/WhatsApp-Image-2026-04-23-at-11.35.54-1.jpeg 1536w\" sizes=\"auto, (max-width: 768px) 100vw, 768px\" \/><\/a><\/figure>\n\n\n\n<figure class=\"wp-block-image size-large\"><a href=\"https:\/\/agora.xtec.cat\/ceip-jaumeprimer-pineda\/wp-content\/uploads\/usu1816\/2026\/04\/WhatsApp-Image-2026-04-23-at-11.35.54.jpeg\"><img loading=\"lazy\" decoding=\"async\" width=\"768\" height=\"1024\" data-id=\"9815\" src=\"https:\/\/agora.xtec.cat\/ceip-jaumeprimer-pineda\/wp-content\/uploads\/usu1816\/2026\/04\/WhatsApp-Image-2026-04-23-at-11.35.54-768x1024.jpeg\" alt=\"\" class=\"wp-image-9815\" srcset=\"https:\/\/agora.xtec.cat\/ceip-jaumeprimer-pineda\/wp-content\/uploads\/usu1816\/2026\/04\/WhatsApp-Image-2026-04-23-at-11.35.54-768x1024.jpeg 768w, https:\/\/agora.xtec.cat\/ceip-jaumeprimer-pineda\/wp-content\/uploads\/usu1816\/2026\/04\/WhatsApp-Image-2026-04-23-at-11.35.54-225x300.jpeg 225w, https:\/\/agora.xtec.cat\/ceip-jaumeprimer-pineda\/wp-content\/uploads\/usu1816\/2026\/04\/WhatsApp-Image-2026-04-23-at-11.35.54-1152x1536.jpeg 1152w, https:\/\/agora.xtec.cat\/ceip-jaumeprimer-pineda\/wp-content\/uploads\/usu1816\/2026\/04\/WhatsApp-Image-2026-04-23-at-11.35.54.jpeg 1536w\" sizes=\"auto, (max-width: 768px) 100vw, 768px\" \/><\/a><\/figure>\n<\/figure>\n","protected":false},"excerpt":{"rendered":"<p>Ahir i avui, l\u2019alumnat de 6\u00e8 ha impulsat una jornada molt especial adre\u00e7ada a la resta d\u2019alumnes del centre. Amb [&hellip;]<\/p>\n","protected":false},"author":1,"featured_media":9819,"comment_status":"open","ping_status":"open","sticky":false,"template":"","format":"standard","meta":{"_bbp_topic_count":0,"_bbp_reply_count":0,"_bbp_total_topic_count":0,"_bbp_total_reply_count":0,"_bbp_voice_count":0,"_bbp_anonymous_reply_count":0,"_bbp_topic_count_hidden":0,"_bbp_reply_count_hidden":0,"_bbp_forum_subforum_count":0,"site-sidebar-layout":"default","site-content-layout":"","ast-site-content-layout":"default","site-content-style":"default","site-sidebar-style":"default","ast-global-header-display":"","ast-banner-title-visibility":"","ast-main-header-display":"","ast-hfb-above-header-display":"","ast-hfb-below-header-display":"","ast-hfb-mobile-header-display":"","site-post-title":"","ast-breadcrumbs-content":"","ast-featured-img":"","footer-sml-layout":"","theme-transparent-header-meta":"","adv-header-id-meta":"","stick-header-meta":"","header-above-stick-meta":"","header-main-stick-meta":"","header-below-stick-meta":"","astra-migrate-meta-layouts":"set","ast-page-background-enabled":"default","ast-page-background-meta":{"desktop":{"background-color":"var(--ast-global-color-4)","background-image":"","background-repeat":"repeat","background-position":"center center","background-size":"auto","background-attachment":"scroll","background-type":"","background-media":"","overlay-type":"","overlay-color":"","overlay-opacity":"","overlay-gradient":""},"tablet":{"background-color":"","background-image":"","background-repeat":"repeat","background-position":"center center","background-size":"auto","background-attachment":"scroll","background-type":"","background-media":"","overlay-type":"","overlay-color":"","overlay-opacity":"","overlay-gradient":""},"mobile":{"background-color":"","background-image":"","background-repeat":"repeat","background-position":"center center","background-size":"auto","background-attachment":"scroll","background-type":"","background-media":"","overlay-type":"","overlay-color":"","overlay-opacity":"","overlay-gradient":""}},"ast-content-background-meta":{"desktop":{"background-color":"var(--ast-global-color-5)","background-image":"","background-repeat":"repeat","background-position":"center center","background-size":"auto","background-attachment":"scroll","background-type":"","background-media":"","overlay-type":"","overlay-color":"","overlay-opacity":"","overlay-gradient":""},"tablet":{"background-color":"var(--ast-global-color-5)","background-image":"","background-repeat":"repeat","background-position":"center center","background-size":"auto","background-attachment":"scroll","background-type":"","background-media":"","overlay-type":"","overlay-color":"","overlay-opacity":"","overlay-gradient":""},"mobile":{"background-color":"var(--ast-global-color-5)","background-image":"","background-repeat":"repeat","background-position":"center center","background-size":"auto","background-attachment":"scroll","background-type":"","background-media":"","overlay-type":"","overlay-color":"","overlay-opacity":"","overlay-gradient":""}},"footnotes":""},"categories":[60,68,1,4],"tags":[],"class_list":["post-9813","post","type-post","status-publish","format-standard","has-post-thumbnail","hentry","category-cicle-superior","category-festes","category-general","category-portada"],"post_mailing_queue_ids":[],"_links":{"self":[{"href":"https:\/\/agora.xtec.cat\/ceip-jaumeprimer-pineda\/wp-json\/wp\/v2\/posts\/9813","targetHints":{"allow":["GET"]}}],"collection":[{"href":"https:\/\/agora.xtec.cat\/ceip-jaumeprimer-pineda\/wp-json\/wp\/v2\/posts"}],"about":[{"href":"https:\/\/agora.xtec.cat\/ceip-jaumeprimer-pineda\/wp-json\/wp\/v2\/types\/post"}],"author":[{"embeddable":true,"href":"https:\/\/agora.xtec.cat\/ceip-jaumeprimer-pineda\/wp-json\/wp\/v2\/users\/1"}],"replies":[{"embeddable":true,"href":"https:\/\/agora.xtec.cat\/ceip-jaumeprimer-pineda\/wp-json\/wp\/v2\/comments?post=9813"}],"version-history":[{"count":1,"href":"https:\/\/agora.xtec.cat\/ceip-jaumeprimer-pineda\/wp-json\/wp\/v2\/posts\/9813\/revisions"}],"predecessor-version":[{"id":9820,"href":"https:\/\/agora.xtec.cat\/ceip-jaumeprimer-pineda\/wp-json\/wp\/v2\/posts\/9813\/revisions\/9820"}],"wp:featuredmedia":[{"embeddable":true,"href":"https:\/\/agora.xtec.cat\/ceip-jaumeprimer-pineda\/wp-json\/wp\/v2\/media\/9819"}],"wp:attachment":[{"href":"https:\/\/agora.xtec.cat\/ceip-jaumeprimer-pineda\/wp-json\/wp\/v2\/media?parent=9813"}],"wp:term":[{"taxonomy":"category","embeddable":true,"href":"https:\/\/agora.xtec.cat\/ceip-jaumeprimer-pineda\/wp-json\/wp\/v2\/categories?post=9813"},{"taxonomy":"post_tag","embeddable":true,"href":"https:\/\/agora.xtec.cat\/ceip-jaumeprimer-pineda\/wp-json\/wp\/v2\/tags?post=9813"}],"curies":[{"name":"wp","href":"https:\/\/api.w.org\/{rel}","templated":true}]}}