{"id":9468,"date":"2025-11-14T09:36:53","date_gmt":"2025-11-14T08:36:53","guid":{"rendered":"https:\/\/agora.xtec.cat\/ceip-jaumeprimer-pineda\/?p=9468"},"modified":"2025-11-14T09:36:54","modified_gmt":"2025-11-14T08:36:54","slug":"sortida-a-besalu-6e-de-primaria","status":"publish","type":"post","link":"https:\/\/agora.xtec.cat\/ceip-jaumeprimer-pineda\/general\/sortida-a-besalu-6e-de-primaria\/","title":{"rendered":"Sortida a Besal\u00fa &#8211; 6\u00e8 de Prim\u00e0ria"},"content":{"rendered":"\n<p>El passat dijous, els alumnes de 6\u00e8 de Prim\u00e0ria van visitar Besal\u00fa per aprofundir en el treball sobre l\u2019edat mitjana que estan realitzant a les aules. Durant la sortida, van poder descobrir de primera m\u00e0 com era la vida a la vila medieval i aprendre aspectes molt interessants sobre la comunitat jueva d\u2019aquell per\u00edode.<\/p>\n\n\n\n<p>Va ser una experi\u00e8ncia enriquidora i molt positiva, en qu\u00e8 els nois i noies van gaudir mentre consolidaven aprenentatges i vivien de prop la hist\u00f2ria que estan estudiant. Sens dubte, una jornada que recordaran amb il\u00b7lusi\u00f3.<\/p>\n\n\n\n<figure class=\"wp-block-gallery has-nested-images columns-default is-cropped wp-block-gallery-1 is-layout-flex wp-block-gallery-is-layout-flex\">\n<figure class=\"wp-block-image size-large\"><a href=\"https:\/\/agora.xtec.cat\/ceip-jaumeprimer-pineda\/wp-content\/uploads\/usu1816\/2025\/11\/Captura-de-pantalla-2025-11-14-093529.png\"><img loading=\"lazy\" decoding=\"async\" width=\"754\" height=\"544\" data-id=\"9470\" src=\"https:\/\/agora.xtec.cat\/ceip-jaumeprimer-pineda\/wp-content\/uploads\/usu1816\/2025\/11\/Captura-de-pantalla-2025-11-14-093529.png\" alt=\"\" class=\"wp-image-9470\" srcset=\"https:\/\/agora.xtec.cat\/ceip-jaumeprimer-pineda\/wp-content\/uploads\/usu1816\/2025\/11\/Captura-de-pantalla-2025-11-14-093529.png 754w, https:\/\/agora.xtec.cat\/ceip-jaumeprimer-pineda\/wp-content\/uploads\/usu1816\/2025\/11\/Captura-de-pantalla-2025-11-14-093529-300x216.png 300w\" sizes=\"auto, (max-width: 754px) 100vw, 754px\" \/><\/a><\/figure>\n\n\n\n<figure class=\"wp-block-image size-large\"><a href=\"https:\/\/agora.xtec.cat\/ceip-jaumeprimer-pineda\/wp-content\/uploads\/usu1816\/2025\/11\/Captura-de-pantalla-2025-11-14-093507.png\"><img loading=\"lazy\" decoding=\"async\" width=\"433\" height=\"529\" data-id=\"9471\" src=\"https:\/\/agora.xtec.cat\/ceip-jaumeprimer-pineda\/wp-content\/uploads\/usu1816\/2025\/11\/Captura-de-pantalla-2025-11-14-093507.png\" alt=\"\" class=\"wp-image-9471\" srcset=\"https:\/\/agora.xtec.cat\/ceip-jaumeprimer-pineda\/wp-content\/uploads\/usu1816\/2025\/11\/Captura-de-pantalla-2025-11-14-093507.png 433w, https:\/\/agora.xtec.cat\/ceip-jaumeprimer-pineda\/wp-content\/uploads\/usu1816\/2025\/11\/Captura-de-pantalla-2025-11-14-093507-246x300.png 246w\" sizes=\"auto, (max-width: 433px) 100vw, 433px\" \/><\/a><\/figure>\n\n\n\n<figure class=\"wp-block-image size-large\"><a href=\"https:\/\/agora.xtec.cat\/ceip-jaumeprimer-pineda\/wp-content\/uploads\/usu1816\/2025\/11\/Captura-de-pantalla-2025-11-14-093445.png\"><img loading=\"lazy\" decoding=\"async\" width=\"757\" height=\"549\" data-id=\"9472\" src=\"https:\/\/agora.xtec.cat\/ceip-jaumeprimer-pineda\/wp-content\/uploads\/usu1816\/2025\/11\/Captura-de-pantalla-2025-11-14-093445.png\" alt=\"\" class=\"wp-image-9472\" srcset=\"https:\/\/agora.xtec.cat\/ceip-jaumeprimer-pineda\/wp-content\/uploads\/usu1816\/2025\/11\/Captura-de-pantalla-2025-11-14-093445.png 757w, https:\/\/agora.xtec.cat\/ceip-jaumeprimer-pineda\/wp-content\/uploads\/usu1816\/2025\/11\/Captura-de-pantalla-2025-11-14-093445-300x218.png 300w\" sizes=\"auto, (max-width: 757px) 100vw, 757px\" \/><\/a><\/figure>\n<\/figure>\n","protected":false},"excerpt":{"rendered":"<p>El passat dijous, els alumnes de 6\u00e8 de Prim\u00e0ria van visitar Besal\u00fa per aprofundir en el treball sobre l\u2019edat mitjana [&hellip;]<\/p>\n","protected":false},"author":88,"featured_media":9469,"comment_status":"open","ping_status":"open","sticky":false,"template":"","format":"standard","meta":{"_bbp_topic_count":0,"_bbp_reply_count":0,"_bbp_total_topic_count":0,"_bbp_total_reply_count":0,"_bbp_voice_count":0,"_bbp_anonymous_reply_count":0,"_bbp_topic_count_hidden":0,"_bbp_reply_count_hidden":0,"_bbp_forum_subforum_count":0,"site-sidebar-layout":"default","site-content-layout":"","ast-site-content-layout":"default","site-content-style":"default","site-sidebar-style":"default","ast-global-header-display":"","ast-banner-title-visibility":"","ast-main-header-display":"","ast-hfb-above-header-display":"","ast-hfb-below-header-display":"","ast-hfb-mobile-header-display":"","site-post-title":"","ast-breadcrumbs-content":"","ast-featured-img":"","footer-sml-layout":"","theme-transparent-header-meta":"","adv-header-id-meta":"","stick-header-meta":"","header-above-stick-meta":"","header-main-stick-meta":"","header-below-stick-meta":"","astra-migrate-meta-layouts":"set","ast-page-background-enabled":"default","ast-page-background-meta":{"desktop":{"background-color":"var(--ast-global-color-4)","background-image":"","background-repeat":"repeat","background-position":"center center","background-size":"auto","background-attachment":"scroll","background-type":"","background-media":"","overlay-type":"","overlay-color":"","overlay-opacity":"","overlay-gradient":""},"tablet":{"background-color":"","background-image":"","background-repeat":"repeat","background-position":"center center","background-size":"auto","background-attachment":"scroll","background-type":"","background-media":"","overlay-type":"","overlay-color":"","overlay-opacity":"","overlay-gradient":""},"mobile":{"background-color":"","background-image":"","background-repeat":"repeat","background-position":"center center","background-size":"auto","background-attachment":"scroll","background-type":"","background-media":"","overlay-type":"","overlay-color":"","overlay-opacity":"","overlay-gradient":""}},"ast-content-background-meta":{"desktop":{"background-color":"var(--ast-global-color-5)","background-image":"","background-repeat":"repeat","background-position":"center center","background-size":"auto","background-attachment":"scroll","background-type":"","background-media":"","overlay-type":"","overlay-color":"","overlay-opacity":"","overlay-gradient":""},"tablet":{"background-color":"var(--ast-global-color-5)","background-image":"","background-repeat":"repeat","background-position":"center center","background-size":"auto","background-attachment":"scroll","background-type":"","background-media":"","overlay-type":"","overlay-color":"","overlay-opacity":"","overlay-gradient":""},"mobile":{"background-color":"var(--ast-global-color-5)","background-image":"","background-repeat":"repeat","background-position":"center center","background-size":"auto","background-attachment":"scroll","background-type":"","background-media":"","overlay-type":"","overlay-color":"","overlay-opacity":"","overlay-gradient":""}},"footnotes":""},"categories":[60,1,4],"tags":[],"class_list":["post-9468","post","type-post","status-publish","format-standard","has-post-thumbnail","hentry","category-cicle-superior","category-general","category-portada"],"post_mailing_queue_ids":[],"_links":{"self":[{"href":"https:\/\/agora.xtec.cat\/ceip-jaumeprimer-pineda\/wp-json\/wp\/v2\/posts\/9468","targetHints":{"allow":["GET"]}}],"collection":[{"href":"https:\/\/agora.xtec.cat\/ceip-jaumeprimer-pineda\/wp-json\/wp\/v2\/posts"}],"about":[{"href":"https:\/\/agora.xtec.cat\/ceip-jaumeprimer-pineda\/wp-json\/wp\/v2\/types\/post"}],"author":[{"embeddable":true,"href":"https:\/\/agora.xtec.cat\/ceip-jaumeprimer-pineda\/wp-json\/wp\/v2\/users\/88"}],"replies":[{"embeddable":true,"href":"https:\/\/agora.xtec.cat\/ceip-jaumeprimer-pineda\/wp-json\/wp\/v2\/comments?post=9468"}],"version-history":[{"count":1,"href":"https:\/\/agora.xtec.cat\/ceip-jaumeprimer-pineda\/wp-json\/wp\/v2\/posts\/9468\/revisions"}],"predecessor-version":[{"id":9473,"href":"https:\/\/agora.xtec.cat\/ceip-jaumeprimer-pineda\/wp-json\/wp\/v2\/posts\/9468\/revisions\/9473"}],"wp:featuredmedia":[{"embeddable":true,"href":"https:\/\/agora.xtec.cat\/ceip-jaumeprimer-pineda\/wp-json\/wp\/v2\/media\/9469"}],"wp:attachment":[{"href":"https:\/\/agora.xtec.cat\/ceip-jaumeprimer-pineda\/wp-json\/wp\/v2\/media?parent=9468"}],"wp:term":[{"taxonomy":"category","embeddable":true,"href":"https:\/\/agora.xtec.cat\/ceip-jaumeprimer-pineda\/wp-json\/wp\/v2\/categories?post=9468"},{"taxonomy":"post_tag","embeddable":true,"href":"https:\/\/agora.xtec.cat\/ceip-jaumeprimer-pineda\/wp-json\/wp\/v2\/tags?post=9468"}],"curies":[{"name":"wp","href":"https:\/\/api.w.org\/{rel}","templated":true}]}}