{"id":8723,"date":"2024-11-08T21:58:17","date_gmt":"2024-11-08T20:58:17","guid":{"rendered":"https:\/\/agora.xtec.cat\/ceip-jaumeprimer-pineda\/?p=8723"},"modified":"2024-11-08T22:06:14","modified_gmt":"2024-11-08T21:06:14","slug":"sortida-al-parc-de-sant-salvador","status":"publish","type":"post","link":"https:\/\/agora.xtec.cat\/ceip-jaumeprimer-pineda\/general\/sortida-al-parc-de-sant-salvador\/","title":{"rendered":"SORTIDA AL PARC DE SANT SALVADOR"},"content":{"rendered":"<p><a href=\"https:\/\/agora.xtec.cat\/ceip-jaumeprimer-pineda\/general\/sortida-al-parc-de-sant-salvador\/attachment\/d326d8fd-e950-43fb-afb3-1c3e8fbb6b92\/\" rel=\"attachment wp-att-8728\"><img loading=\"lazy\" decoding=\"async\" class=\"aligncenter size-large wp-image-8728\" src=\"https:\/\/agora.xtec.cat\/ceip-jaumeprimer-pineda\/wp-content\/uploads\/usu1816\/2024\/11\/d326d8fd-e950-43fb-afb3-1c3e8fbb6b92-768x1024.jpg\" alt=\"\" width=\"768\" height=\"1024\" srcset=\"https:\/\/agora.xtec.cat\/ceip-jaumeprimer-pineda\/wp-content\/uploads\/usu1816\/2024\/11\/d326d8fd-e950-43fb-afb3-1c3e8fbb6b92-768x1024.jpg 768w, https:\/\/agora.xtec.cat\/ceip-jaumeprimer-pineda\/wp-content\/uploads\/usu1816\/2024\/11\/d326d8fd-e950-43fb-afb3-1c3e8fbb6b92-225x300.jpg 225w, https:\/\/agora.xtec.cat\/ceip-jaumeprimer-pineda\/wp-content\/uploads\/usu1816\/2024\/11\/d326d8fd-e950-43fb-afb3-1c3e8fbb6b92-1152x1536.jpg 1152w, https:\/\/agora.xtec.cat\/ceip-jaumeprimer-pineda\/wp-content\/uploads\/usu1816\/2024\/11\/d326d8fd-e950-43fb-afb3-1c3e8fbb6b92.jpg 1200w\" sizes=\"auto, (max-width: 768px) 100vw, 768px\" \/><\/a><\/p>\n<p>&nbsp;<\/p>\n<p>Avui, tot infantil hem anat a gaudir de la tardor al parc de Sant Salvador.<\/p>\n<p>All\u00e0 ens hem trobat amb una sorpresa! Els follets de la tardor ens havien deixat un regal i una carta que ens convidaven a fer una vareta i una corona de la tardor amb els elements que trobessim fent una volta al bosc, i aix\u00ed, recordar aquesta estaci\u00f3 i els colors tan bonics que t\u00e9.<\/p>\n<p><a href=\"https:\/\/agora.xtec.cat\/ceip-jaumeprimer-pineda\/aules\/\">Per accedir a les imatges\u00a0 \ud83d\udcf7<\/a><\/p>\n","protected":false},"excerpt":{"rendered":"<p>&nbsp; Avui, tot infantil hem anat a gaudir de la tardor al parc de Sant Salvador. All\u00e0 ens hem trobat [&hellip;]<\/p>\n","protected":false},"author":1,"featured_media":0,"comment_status":"open","ping_status":"closed","sticky":false,"template":"","format":"standard","meta":{"_bbp_topic_count":0,"_bbp_reply_count":0,"_bbp_total_topic_count":0,"_bbp_total_reply_count":0,"_bbp_voice_count":0,"_bbp_anonymous_reply_count":0,"_bbp_topic_count_hidden":0,"_bbp_reply_count_hidden":0,"_bbp_forum_subforum_count":0,"site-sidebar-layout":"default","site-content-layout":"","ast-site-content-layout":"","site-content-style":"default","site-sidebar-style":"default","ast-global-header-display":"","ast-banner-title-visibility":"","ast-main-header-display":"","ast-hfb-above-header-display":"","ast-hfb-below-header-display":"","ast-hfb-mobile-header-display":"","site-post-title":"","ast-breadcrumbs-content":"","ast-featured-img":"","footer-sml-layout":"","theme-transparent-header-meta":"","adv-header-id-meta":"","stick-header-meta":"","header-above-stick-meta":"","header-main-stick-meta":"","header-below-stick-meta":"","astra-migrate-meta-layouts":"default","ast-page-background-enabled":"default","ast-page-background-meta":{"desktop":{"background-color":"var(--ast-global-color-4)","background-image":"","background-repeat":"repeat","background-position":"center center","background-size":"auto","background-attachment":"scroll","background-type":"","background-media":"","overlay-type":"","overlay-color":"","overlay-opacity":"","overlay-gradient":""},"tablet":{"background-color":"","background-image":"","background-repeat":"repeat","background-position":"center center","background-size":"auto","background-attachment":"scroll","background-type":"","background-media":"","overlay-type":"","overlay-color":"","overlay-opacity":"","overlay-gradient":""},"mobile":{"background-color":"","background-image":"","background-repeat":"repeat","background-position":"center center","background-size":"auto","background-attachment":"scroll","background-type":"","background-media":"","overlay-type":"","overlay-color":"","overlay-opacity":"","overlay-gradient":""}},"ast-content-background-meta":{"desktop":{"background-color":"var(--ast-global-color-5)","background-image":"","background-repeat":"repeat","background-position":"center center","background-size":"auto","background-attachment":"scroll","background-type":"","background-media":"","overlay-type":"","overlay-color":"","overlay-opacity":"","overlay-gradient":""},"tablet":{"background-color":"var(--ast-global-color-5)","background-image":"","background-repeat":"repeat","background-position":"center center","background-size":"auto","background-attachment":"scroll","background-type":"","background-media":"","overlay-type":"","overlay-color":"","overlay-opacity":"","overlay-gradient":""},"mobile":{"background-color":"var(--ast-global-color-5)","background-image":"","background-repeat":"repeat","background-position":"center center","background-size":"auto","background-attachment":"scroll","background-type":"","background-media":"","overlay-type":"","overlay-color":"","overlay-opacity":"","overlay-gradient":""}},"footnotes":""},"categories":[63,1,102,103,104,4],"tags":[491,487,488,489,154],"class_list":["post-8723","post","type-post","status-publish","format-standard","hentry","category-infantil-primaria","category-general","category-i3","category-i4","category-i5","category-portada","tag-educacio-infantil","tag-i3","tag-i4","tag-i5","tag-sortida"],"post_mailing_queue_ids":[],"_links":{"self":[{"href":"https:\/\/agora.xtec.cat\/ceip-jaumeprimer-pineda\/wp-json\/wp\/v2\/posts\/8723","targetHints":{"allow":["GET"]}}],"collection":[{"href":"https:\/\/agora.xtec.cat\/ceip-jaumeprimer-pineda\/wp-json\/wp\/v2\/posts"}],"about":[{"href":"https:\/\/agora.xtec.cat\/ceip-jaumeprimer-pineda\/wp-json\/wp\/v2\/types\/post"}],"author":[{"embeddable":true,"href":"https:\/\/agora.xtec.cat\/ceip-jaumeprimer-pineda\/wp-json\/wp\/v2\/users\/1"}],"replies":[{"embeddable":true,"href":"https:\/\/agora.xtec.cat\/ceip-jaumeprimer-pineda\/wp-json\/wp\/v2\/comments?post=8723"}],"version-history":[{"count":5,"href":"https:\/\/agora.xtec.cat\/ceip-jaumeprimer-pineda\/wp-json\/wp\/v2\/posts\/8723\/revisions"}],"predecessor-version":[{"id":8729,"href":"https:\/\/agora.xtec.cat\/ceip-jaumeprimer-pineda\/wp-json\/wp\/v2\/posts\/8723\/revisions\/8729"}],"wp:attachment":[{"href":"https:\/\/agora.xtec.cat\/ceip-jaumeprimer-pineda\/wp-json\/wp\/v2\/media?parent=8723"}],"wp:term":[{"taxonomy":"category","embeddable":true,"href":"https:\/\/agora.xtec.cat\/ceip-jaumeprimer-pineda\/wp-json\/wp\/v2\/categories?post=8723"},{"taxonomy":"post_tag","embeddable":true,"href":"https:\/\/agora.xtec.cat\/ceip-jaumeprimer-pineda\/wp-json\/wp\/v2\/tags?post=8723"}],"curies":[{"name":"wp","href":"https:\/\/api.w.org\/{rel}","templated":true}]}}