{"id":8481,"date":"2024-04-10T20:11:15","date_gmt":"2024-04-10T18:11:15","guid":{"rendered":"https:\/\/agora.xtec.cat\/ceip-jaumeprimer-pineda\/?p=8481"},"modified":"2024-05-28T11:40:48","modified_gmt":"2024-05-28T09:40:48","slug":"sortida-a-caminem-descalcos","status":"publish","type":"post","link":"https:\/\/agora.xtec.cat\/ceip-jaumeprimer-pineda\/general\/sortida-a-caminem-descalcos\/","title":{"rendered":"SORTIDA A CAMINA DESCAL\u00c7"},"content":{"rendered":"<p>Avui els infants d&#8217;educaci\u00f3 infantil han pogut gaudir l&#8217;activitat de &#8220;Camina descal\u00e7&#8221; de la Selva de l&#8217;Aventura d&#8217;Arb\u00f9cies.<\/p>\n<p>\u00c9s una activitat on els grups m\u00e9s petits de la casa han pogut despertar els sentits tot caminant pel bosc.<\/p>\n<p>Han gaudit de diferents estances on amb el tacte han sentit diferents sensacions de textures, temperatures i humitat; han escoltat els diferents sons de la natura, han observat la flora i la fauna i els seus colors i han pogut despertar l&#8217;olfacte amb diferents plantes arom\u00e0tiques.<\/p>\n<p>Han gaudit d&#8217;un dia ple d&#8217;emocions i sensacions!<\/p>\n<p style=\"text-align: center;\"><a href=\"https:\/\/www.selvaventura.com\/camina-descalc-1\"><img loading=\"lazy\" decoding=\"async\" class=\"size-full wp-image-8484 aligncenter\" src=\"https:\/\/agora.xtec.cat\/ceip-jaumeprimer-pineda\/wp-content\/uploads\/usu1816\/2024\/04\/camina_descalc_web3.webp\" alt=\"\" width=\"370\" height=\"247\" srcset=\"https:\/\/agora.xtec.cat\/ceip-jaumeprimer-pineda\/wp-content\/uploads\/usu1816\/2024\/04\/camina_descalc_web3.webp 370w, https:\/\/agora.xtec.cat\/ceip-jaumeprimer-pineda\/wp-content\/uploads\/usu1816\/2024\/04\/camina_descalc_web3-300x200.webp 300w\" sizes=\"auto, (max-width: 370px) 100vw, 370px\" \/><\/a>Si cliqueu a la fotograf\u00eda podreu veure la web<\/p>\n<p>&nbsp;<\/p>\n<p>Per poder veure les fotos aneu a les <a href=\"https:\/\/agora.xtec.cat\/ceip-jaumeprimer-pineda\/aules\/\"><strong>aules virtuals<\/strong><\/a> i accediu a la vostra promoci\u00f3.<\/p>\n<p>&nbsp;<\/p>\n","protected":false},"excerpt":{"rendered":"<p>Avui els infants d&#8217;educaci\u00f3 infantil han pogut gaudir l&#8217;activitat de &#8220;Camina descal\u00e7&#8221; de la Selva de l&#8217;Aventura d&#8217;Arb\u00f9cies. \u00c9s una [&hellip;]<\/p>\n","protected":false},"author":66,"featured_media":0,"comment_status":"open","ping_status":"closed","sticky":false,"template":"","format":"standard","meta":{"_bbp_topic_count":0,"_bbp_reply_count":0,"_bbp_total_topic_count":0,"_bbp_total_reply_count":0,"_bbp_voice_count":0,"_bbp_anonymous_reply_count":0,"_bbp_topic_count_hidden":0,"_bbp_reply_count_hidden":0,"_bbp_forum_subforum_count":0,"site-sidebar-layout":"default","site-content-layout":"","ast-site-content-layout":"","site-content-style":"default","site-sidebar-style":"default","ast-global-header-display":"","ast-banner-title-visibility":"","ast-main-header-display":"","ast-hfb-above-header-display":"","ast-hfb-below-header-display":"","ast-hfb-mobile-header-display":"","site-post-title":"","ast-breadcrumbs-content":"","ast-featured-img":"","footer-sml-layout":"","theme-transparent-header-meta":"","adv-header-id-meta":"","stick-header-meta":"","header-above-stick-meta":"","header-main-stick-meta":"","header-below-stick-meta":"","astra-migrate-meta-layouts":"default","ast-page-background-enabled":"default","ast-page-background-meta":{"desktop":{"background-color":"var(--ast-global-color-4)","background-image":"","background-repeat":"repeat","background-position":"center center","background-size":"auto","background-attachment":"scroll","background-type":"","background-media":"","overlay-type":"","overlay-color":"","overlay-opacity":"","overlay-gradient":""},"tablet":{"background-color":"","background-image":"","background-repeat":"repeat","background-position":"center center","background-size":"auto","background-attachment":"scroll","background-type":"","background-media":"","overlay-type":"","overlay-color":"","overlay-opacity":"","overlay-gradient":""},"mobile":{"background-color":"","background-image":"","background-repeat":"repeat","background-position":"center center","background-size":"auto","background-attachment":"scroll","background-type":"","background-media":"","overlay-type":"","overlay-color":"","overlay-opacity":"","overlay-gradient":""}},"ast-content-background-meta":{"desktop":{"background-color":"var(--ast-global-color-5)","background-image":"","background-repeat":"repeat","background-position":"center center","background-size":"auto","background-attachment":"scroll","background-type":"","background-media":"","overlay-type":"","overlay-color":"","overlay-opacity":"","overlay-gradient":""},"tablet":{"background-color":"var(--ast-global-color-5)","background-image":"","background-repeat":"repeat","background-position":"center center","background-size":"auto","background-attachment":"scroll","background-type":"","background-media":"","overlay-type":"","overlay-color":"","overlay-opacity":"","overlay-gradient":""},"mobile":{"background-color":"var(--ast-global-color-5)","background-image":"","background-repeat":"repeat","background-position":"center center","background-size":"auto","background-attachment":"scroll","background-type":"","background-media":"","overlay-type":"","overlay-color":"","overlay-opacity":"","overlay-gradient":""}},"footnotes":""},"categories":[63,1,102,103,104,4],"tags":[494,491,163,95,487,488,489,330],"class_list":["post-8481","post","type-post","status-publish","format-standard","hentry","category-infantil-primaria","category-general","category-i3","category-i4","category-i5","category-portada","tag-camina-descalc","tag-educacio-infantil","tag-escola","tag-excursio","tag-i3","tag-i4","tag-i5","tag-infantil"],"post_mailing_queue_ids":[],"_links":{"self":[{"href":"https:\/\/agora.xtec.cat\/ceip-jaumeprimer-pineda\/wp-json\/wp\/v2\/posts\/8481","targetHints":{"allow":["GET"]}}],"collection":[{"href":"https:\/\/agora.xtec.cat\/ceip-jaumeprimer-pineda\/wp-json\/wp\/v2\/posts"}],"about":[{"href":"https:\/\/agora.xtec.cat\/ceip-jaumeprimer-pineda\/wp-json\/wp\/v2\/types\/post"}],"author":[{"embeddable":true,"href":"https:\/\/agora.xtec.cat\/ceip-jaumeprimer-pineda\/wp-json\/wp\/v2\/users\/66"}],"replies":[{"embeddable":true,"href":"https:\/\/agora.xtec.cat\/ceip-jaumeprimer-pineda\/wp-json\/wp\/v2\/comments?post=8481"}],"version-history":[{"count":6,"href":"https:\/\/agora.xtec.cat\/ceip-jaumeprimer-pineda\/wp-json\/wp\/v2\/posts\/8481\/revisions"}],"predecessor-version":[{"id":8489,"href":"https:\/\/agora.xtec.cat\/ceip-jaumeprimer-pineda\/wp-json\/wp\/v2\/posts\/8481\/revisions\/8489"}],"wp:attachment":[{"href":"https:\/\/agora.xtec.cat\/ceip-jaumeprimer-pineda\/wp-json\/wp\/v2\/media?parent=8481"}],"wp:term":[{"taxonomy":"category","embeddable":true,"href":"https:\/\/agora.xtec.cat\/ceip-jaumeprimer-pineda\/wp-json\/wp\/v2\/categories?post=8481"},{"taxonomy":"post_tag","embeddable":true,"href":"https:\/\/agora.xtec.cat\/ceip-jaumeprimer-pineda\/wp-json\/wp\/v2\/tags?post=8481"}],"curies":[{"name":"wp","href":"https:\/\/api.w.org\/{rel}","templated":true}]}}