{"id":7609,"date":"2022-12-16T12:44:44","date_gmt":"2022-12-16T11:44:44","guid":{"rendered":"https:\/\/agora.xtec.cat\/ceip-jaumeprimer-pineda\/?p=7609"},"modified":"2022-12-18T08:37:56","modified_gmt":"2022-12-18T07:37:56","slug":"marato-2022","status":"publish","type":"post","link":"https:\/\/agora.xtec.cat\/ceip-jaumeprimer-pineda\/portada\/marato-2022\/","title":{"rendered":"MARAT\u00d3 2022"},"content":{"rendered":"<p><a href=\"https:\/\/agora.xtec.cat\/ceip-jaumeprimer-pineda\/wp-content\/uploads\/usu1816\/2022\/12\/prova-scaled.jpg\"><img loading=\"lazy\" decoding=\"async\" class=\"size-full wp-image-7610\" src=\"https:\/\/agora.xtec.cat\/ceip-jaumeprimer-pineda\/wp-content\/uploads\/usu1816\/2022\/12\/prova-scaled.jpg\" alt=\"\" width=\"2560\" height=\"1920\" srcset=\"https:\/\/agora.xtec.cat\/ceip-jaumeprimer-pineda\/wp-content\/uploads\/usu1816\/2022\/12\/prova-scaled.jpg 2560w, https:\/\/agora.xtec.cat\/ceip-jaumeprimer-pineda\/wp-content\/uploads\/usu1816\/2022\/12\/prova-300x225.jpg 300w, https:\/\/agora.xtec.cat\/ceip-jaumeprimer-pineda\/wp-content\/uploads\/usu1816\/2022\/12\/prova-1024x768.jpg 1024w, https:\/\/agora.xtec.cat\/ceip-jaumeprimer-pineda\/wp-content\/uploads\/usu1816\/2022\/12\/prova-768x576.jpg 768w, https:\/\/agora.xtec.cat\/ceip-jaumeprimer-pineda\/wp-content\/uploads\/usu1816\/2022\/12\/prova-1536x1152.jpg 1536w, https:\/\/agora.xtec.cat\/ceip-jaumeprimer-pineda\/wp-content\/uploads\/usu1816\/2022\/12\/prova-2048x1536.jpg 2048w, https:\/\/agora.xtec.cat\/ceip-jaumeprimer-pineda\/wp-content\/uploads\/usu1816\/2022\/12\/prova-200x150.jpg 200w\" sizes=\"auto, (max-width: 2560px) 100vw, 2560px\" \/><\/a><\/p>\n<p style=\"text-align: center;\">Com cada curs, a l&#8217;escola fem pinya amb la Marat\u00f3 i aquest any m\u00e9s que mai hem fet un gran&#8230;<\/p>\n<pre id=\"tw-target-text\" class=\"tw-data-text tw-text-large tw-ta\" dir=\"ltr\" data-placeholder=\"Traducci\u00f3\"><span class=\"Y2IQFc\" lang=\"ru\">    \u041a\u0430\u043a \u0438 \u043a\u0430\u0436\u0434\u044b\u0439 \u0433\u043e\u0434, \u0432 \u0448\u043a\u043e\u043b\u0435 \u043c\u044b \u0443\u0447\u0430\u0441\u0442\u0432\u0443\u0435\u043c \u0432 \u043c\u0430\u0440\u0430\u0444\u043e\u043d\u0435, \u0438 \u0432 \u044d\u0442\u043e\u043c \u0433\u043e\u0434\u0443, \u043a\u0430\u043a \u043d\u0438\u043a\u043e\u0433\u0434\u0430, \r\n    \u0443 \u043c\u0435\u043d\u044f \u0431\u044b\u043b\u043e \u043e\u0442\u043b\u0438\u0447\u043d\u043e\u0435...<\/span><\/pre>\n<h1 style=\"text-align: center;\">BUM-BUM!!!<\/h1>\n<div class=\"ast-oembed-container \" style=\"height: 100%;\"><iframe loading=\"lazy\" title=\"Marat\u00f3 22\" width=\"500\" height=\"281\" src=\"https:\/\/www.youtube.com\/embed\/YXjM-WQSVFQ?feature=oembed\" frameborder=\"0\" allow=\"accelerometer; autoplay; clipboard-write; encrypted-media; gyroscope; picture-in-picture; web-share\" referrerpolicy=\"strict-origin-when-cross-origin\" allowfullscreen><\/iframe><\/div>\n<p>La nostra escola \u00e9s una escola d&#8217;acollida on la solidaritat, la integraci\u00f3, l&#8217;empatia i el companyerisme s\u00f3n l&#8217;ess\u00e8ncia del dia a dia a l&#8217;escola. Avui les i els alumnes Ucra\u00efnesos ens han apropat al seu pa\u00eds amb una dansa i can\u00e7\u00f3 amb la que ells i elles s&#8217;hi identifiquen. Ha estat un moment molt emocionant. TOTS SOM JAUME I!<\/p>\n<pre id=\"tw-target-text\" class=\"tw-data-text tw-text-large tw-ta\" dir=\"ltr\" data-placeholder=\"Traducci\u00f3\"><span class=\"Y2IQFc\" lang=\"ru\">\u041d\u0430\u0448\u0430 \u0448\u043a\u043e\u043b\u0430 - \u044d\u0442\u043e \u0433\u043e\u0441\u0442\u0435\u043f\u0440\u0438\u0438\u043c\u043d\u0430\u044f \u0448\u043a\u043e\u043b\u0430, \u0433\u0434\u0435 \u0441\u043e\u043b\u0438\u0434\u0430\u0440\u043d\u043e\u0441\u0442\u044c, \u0438\u043d\u0442\u0435\u0433\u0440\u0430\u0446\u0438\u044f, \u0441\u043e\u0447\u0443\u0432\u0441\u0442\u0432\u0438\u0435 \u0438 \u0434\u0443\u0445\r\n\u0442\u043e\u0432\u0430\u0440\u0438\u0449\u0435\u0441\u0442\u0432\u0430 \u044f\u0432\u043b\u044f\u044e\u0442\u0441\u044f \u0441\u0443\u0449\u043d\u043e\u0441\u0442\u044c\u044e \u043f\u043e\u0432\u0441\u0435\u0434\u043d\u0435\u0432\u043d\u043e\u0439 \u0436\u0438\u0437\u043d\u0438 \u0432 \u0448\u043a\u043e\u043b\u0435. \u0421\u0435\u0433\u043e\u0434\u043d\u044f \u0443\u043a\u0440\u0430\u0438\u043d\u0441\u043a\u0438\u0435 \r\n\u0441\u0442\u0443\u0434\u0435\u043d\u0442\u044b \u043f\u0440\u0438\u0431\u043b\u0438\u0437\u0438\u043b\u0438 \u043d\u0430\u0441 \u043a \u0441\u0432\u043e\u0435\u0439 \u0441\u0442\u0440\u0430\u043d\u0435 \u0442\u0430\u043d\u0446\u0435\u043c \u0438 \u043f\u0435\u0441\u043d\u0435\u0439, \u0441 \u043a\u043e\u0442\u043e\u0440\u044b\u043c\u0438 \u043e\u043d\u0438 \u0441\u0435\u0431\u044f \u0441 \u043d\u0435\u0439 \r\n\u0438\u0434\u0435\u043d\u0442\u0438\u0444\u0438\u0446\u0438\u0440\u0443\u044e\u0442. \u042d\u0442\u043e \u0431\u044b\u043b\u043e \u043e\u0447\u0435\u043d\u044c \u0437\u0430\u0445\u0432\u0430\u0442\u044b\u0432\u0430\u044e\u0449\u0435\u0435 \u0432\u0440\u0435\u043c\u044f. \u041c\u042b \u0412\u0421\u0415 \u0416\u0410\u0423\u041c\u0415 \u042f!<\/span><\/pre>\n<pre class=\"tw-data-text tw-text-large tw-ta\" dir=\"ltr\" data-placeholder=\"Traducci\u00f3\">\r\n<\/pre>\n<div class=\"ast-oembed-container \" style=\"height: 100%;\"><iframe loading=\"lazy\" title=\"16 de desembre de 2022\" width=\"500\" height=\"375\" src=\"https:\/\/www.youtube.com\/embed\/z604AxxWCzE?feature=oembed\" frameborder=\"0\" allow=\"accelerometer; autoplay; clipboard-write; encrypted-media; gyroscope; picture-in-picture; web-share\" referrerpolicy=\"strict-origin-when-cross-origin\" allowfullscreen><\/iframe><\/div>\n","protected":false},"excerpt":{"rendered":"<p>Com cada curs, a l&#8217;escola fem pinya amb la Marat\u00f3 i aquest any m\u00e9s que mai hem fet un gran&#8230; [&hellip;]<\/p>\n","protected":false},"author":1,"featured_media":7613,"comment_status":"open","ping_status":"closed","sticky":false,"template":"","format":"standard","meta":{"_bbp_topic_count":0,"_bbp_reply_count":0,"_bbp_total_topic_count":0,"_bbp_total_reply_count":0,"_bbp_voice_count":0,"_bbp_anonymous_reply_count":0,"_bbp_topic_count_hidden":0,"_bbp_reply_count_hidden":0,"_bbp_forum_subforum_count":0,"site-sidebar-layout":"default","site-content-layout":"","ast-site-content-layout":"","site-content-style":"default","site-sidebar-style":"default","ast-global-header-display":"","ast-banner-title-visibility":"","ast-main-header-display":"","ast-hfb-above-header-display":"","ast-hfb-below-header-display":"","ast-hfb-mobile-header-display":"","site-post-title":"","ast-breadcrumbs-content":"","ast-featured-img":"","footer-sml-layout":"","theme-transparent-header-meta":"","adv-header-id-meta":"","stick-header-meta":"","header-above-stick-meta":"","header-main-stick-meta":"","header-below-stick-meta":"","astra-migrate-meta-layouts":"default","ast-page-background-enabled":"default","ast-page-background-meta":{"desktop":{"background-color":"var(--ast-global-color-4)","background-image":"","background-repeat":"repeat","background-position":"center center","background-size":"auto","background-attachment":"scroll","background-type":"","background-media":"","overlay-type":"","overlay-color":"","overlay-opacity":"","overlay-gradient":""},"tablet":{"background-color":"","background-image":"","background-repeat":"repeat","background-position":"center center","background-size":"auto","background-attachment":"scroll","background-type":"","background-media":"","overlay-type":"","overlay-color":"","overlay-opacity":"","overlay-gradient":""},"mobile":{"background-color":"","background-image":"","background-repeat":"repeat","background-position":"center center","background-size":"auto","background-attachment":"scroll","background-type":"","background-media":"","overlay-type":"","overlay-color":"","overlay-opacity":"","overlay-gradient":""}},"ast-content-background-meta":{"desktop":{"background-color":"var(--ast-global-color-5)","background-image":"","background-repeat":"repeat","background-position":"center center","background-size":"auto","background-attachment":"scroll","background-type":"","background-media":"","overlay-type":"","overlay-color":"","overlay-opacity":"","overlay-gradient":""},"tablet":{"background-color":"var(--ast-global-color-5)","background-image":"","background-repeat":"repeat","background-position":"center center","background-size":"auto","background-attachment":"scroll","background-type":"","background-media":"","overlay-type":"","overlay-color":"","overlay-opacity":"","overlay-gradient":""},"mobile":{"background-color":"var(--ast-global-color-5)","background-image":"","background-repeat":"repeat","background-position":"center center","background-size":"auto","background-attachment":"scroll","background-type":"","background-media":"","overlay-type":"","overlay-color":"","overlay-opacity":"","overlay-gradient":""}},"footnotes":""},"categories":[63,62,61,4],"tags":[],"class_list":["post-7609","post","type-post","status-publish","format-standard","has-post-thumbnail","hentry","category-infantil-primaria","category-cicle-inicial","category-cicle-mitja","category-portada"],"post_mailing_queue_ids":[],"_links":{"self":[{"href":"https:\/\/agora.xtec.cat\/ceip-jaumeprimer-pineda\/wp-json\/wp\/v2\/posts\/7609","targetHints":{"allow":["GET"]}}],"collection":[{"href":"https:\/\/agora.xtec.cat\/ceip-jaumeprimer-pineda\/wp-json\/wp\/v2\/posts"}],"about":[{"href":"https:\/\/agora.xtec.cat\/ceip-jaumeprimer-pineda\/wp-json\/wp\/v2\/types\/post"}],"author":[{"embeddable":true,"href":"https:\/\/agora.xtec.cat\/ceip-jaumeprimer-pineda\/wp-json\/wp\/v2\/users\/1"}],"replies":[{"embeddable":true,"href":"https:\/\/agora.xtec.cat\/ceip-jaumeprimer-pineda\/wp-json\/wp\/v2\/comments?post=7609"}],"version-history":[{"count":3,"href":"https:\/\/agora.xtec.cat\/ceip-jaumeprimer-pineda\/wp-json\/wp\/v2\/posts\/7609\/revisions"}],"predecessor-version":[{"id":7615,"href":"https:\/\/agora.xtec.cat\/ceip-jaumeprimer-pineda\/wp-json\/wp\/v2\/posts\/7609\/revisions\/7615"}],"wp:featuredmedia":[{"embeddable":true,"href":"https:\/\/agora.xtec.cat\/ceip-jaumeprimer-pineda\/wp-json\/wp\/v2\/media\/7613"}],"wp:attachment":[{"href":"https:\/\/agora.xtec.cat\/ceip-jaumeprimer-pineda\/wp-json\/wp\/v2\/media?parent=7609"}],"wp:term":[{"taxonomy":"category","embeddable":true,"href":"https:\/\/agora.xtec.cat\/ceip-jaumeprimer-pineda\/wp-json\/wp\/v2\/categories?post=7609"},{"taxonomy":"post_tag","embeddable":true,"href":"https:\/\/agora.xtec.cat\/ceip-jaumeprimer-pineda\/wp-json\/wp\/v2\/tags?post=7609"}],"curies":[{"name":"wp","href":"https:\/\/api.w.org\/{rel}","templated":true}]}}