{"id":7016,"date":"2022-04-21T22:15:51","date_gmt":"2022-04-21T20:15:51","guid":{"rendered":"https:\/\/agora.xtec.cat\/ceip-jaumeprimer-pineda\/?p=7016"},"modified":"2022-09-04T22:49:43","modified_gmt":"2022-09-04T20:49:43","slug":"sant-jordi-2022","status":"publish","type":"post","link":"https:\/\/agora.xtec.cat\/ceip-jaumeprimer-pineda\/cicle-superior\/sant-jordi-2022\/","title":{"rendered":"Sant Jordi 2022"},"content":{"rendered":"<div class=\"ast-oembed-container \" style=\"height: 100%;\"><iframe loading=\"lazy\" title=\"St Jordi 22\" width=\"500\" height=\"375\" src=\"https:\/\/www.youtube.com\/embed\/xWfVUPNGBUY?feature=oembed\" frameborder=\"0\" allow=\"accelerometer; autoplay; clipboard-write; encrypted-media; gyroscope; picture-in-picture; web-share\" referrerpolicy=\"strict-origin-when-cross-origin\" allowfullscreen><\/iframe><\/div>\n<p>Com cada any St. Jordi \u00e9s una diada molt esperada; plena de contes, hist\u00f2ries, sentiments i emocions.<\/p>\n<p>Aquests dies l&#8217;escola s&#8217;endinsa al m\u00f3n de les lletres, la creativitat i l&#8217;art. Entre tots i totes deixem anar la imaginaci\u00f3 per crear, escriure, llegir, modelar, cantar i ballar el nostre St. Jordi d&#8217;aquest curs.<\/p>\n<p>Entre tots hem convertit l&#8217;escola en la cova dels dracs, que cada grup l&#8217;ha creat tal i com se l&#8217;imagina. La biblioteca de l&#8217;escola s&#8217;omple de literatura pr\u00f2pia; amb endevinalles, contes, poemes i hist\u00f2ries que neixen dels nostres pensaments. I com no pot ser d&#8217;una altra manera, difonem la diada a les nostres fam\u00edlies mitjan\u00e7ant roses i punts de llibre, perqu\u00e8 junts podem compartir un munt d&#8217;hores de lectura plegats.<\/p>\n<p>Volem compartir amb totes vosaltres el munt d&#8217;activitats que hem fet. <strong>FES UN CLICK!<\/strong><\/p>\n<ul>\n<li><a href=\"https:\/\/drive.google.com\/drive\/folders\/10OQqSPADJRKMG4FjkPOQcy59O3SCMY4k?usp=sharing\"><strong>P3, P4 i P5<\/strong><\/a><\/li>\n<li><a href=\"https:\/\/drive.google.com\/drive\/folders\/1lAiSqP5v_NgbvLuBeauAcX9IjHmW77VM?usp=sharing\"><strong>1r i 2n<\/strong><\/a><\/li>\n<li><a href=\"https:\/\/drive.google.com\/drive\/folders\/1E41e9TWPCNd8L4OexB3orHDHDVow-esq?usp=sharing\"><strong>3r i 4rt<\/strong><\/a><\/li>\n<li><a href=\"https:\/\/drive.google.com\/drive\/folders\/1xe-qNFwEpKkEH5_sIHctAKns6H69_QUi?usp=sharing\"><strong>5\u00e8 i 6\u00e8<\/strong><\/a><\/li>\n<li><a href=\"https:\/\/drive.google.com\/drive\/folders\/1LnCYJTIlVoh-3XHfZO0FkCSsNr2yXVt3?usp=sharing\"><strong>Els nostres jocs florals<\/strong><\/a><\/li>\n<li><a href=\"https:\/\/drive.google.com\/drive\/folders\/1ZcEj6VnyxX6axLhCOQ1tb-hYkeTOqnxT?usp=sharing\"><strong>Els nostres contes<\/strong><\/a><\/li>\n<\/ul>\n","protected":false},"excerpt":{"rendered":"<p>Com cada any St. Jordi \u00e9s una diada molt esperada; plena de contes, hist\u00f2ries, sentiments i emocions. Aquests dies l&#8217;escola [&hellip;]<\/p>\n","protected":false},"author":1,"featured_media":0,"comment_status":"open","ping_status":"closed","sticky":false,"template":"","format":"standard","meta":{"_bbp_topic_count":0,"_bbp_reply_count":0,"_bbp_total_topic_count":0,"_bbp_total_reply_count":0,"_bbp_voice_count":0,"_bbp_anonymous_reply_count":0,"_bbp_topic_count_hidden":0,"_bbp_reply_count_hidden":0,"_bbp_forum_subforum_count":0,"site-sidebar-layout":"default","site-content-layout":"","ast-site-content-layout":"","site-content-style":"default","site-sidebar-style":"default","ast-global-header-display":"","ast-banner-title-visibility":"","ast-main-header-display":"","ast-hfb-above-header-display":"","ast-hfb-below-header-display":"","ast-hfb-mobile-header-display":"","site-post-title":"","ast-breadcrumbs-content":"","ast-featured-img":"","footer-sml-layout":"","theme-transparent-header-meta":"","adv-header-id-meta":"","stick-header-meta":"","header-above-stick-meta":"","header-main-stick-meta":"","header-below-stick-meta":"","astra-migrate-meta-layouts":"default","ast-page-background-enabled":"default","ast-page-background-meta":{"desktop":{"background-color":"var(--ast-global-color-4)","background-image":"","background-repeat":"repeat","background-position":"center center","background-size":"auto","background-attachment":"scroll","background-type":"","background-media":"","overlay-type":"","overlay-color":"","overlay-opacity":"","overlay-gradient":""},"tablet":{"background-color":"","background-image":"","background-repeat":"repeat","background-position":"center center","background-size":"auto","background-attachment":"scroll","background-type":"","background-media":"","overlay-type":"","overlay-color":"","overlay-opacity":"","overlay-gradient":""},"mobile":{"background-color":"","background-image":"","background-repeat":"repeat","background-position":"center center","background-size":"auto","background-attachment":"scroll","background-type":"","background-media":"","overlay-type":"","overlay-color":"","overlay-opacity":"","overlay-gradient":""}},"ast-content-background-meta":{"desktop":{"background-color":"var(--ast-global-color-5)","background-image":"","background-repeat":"repeat","background-position":"center center","background-size":"auto","background-attachment":"scroll","background-type":"","background-media":"","overlay-type":"","overlay-color":"","overlay-opacity":"","overlay-gradient":""},"tablet":{"background-color":"var(--ast-global-color-5)","background-image":"","background-repeat":"repeat","background-position":"center center","background-size":"auto","background-attachment":"scroll","background-type":"","background-media":"","overlay-type":"","overlay-color":"","overlay-opacity":"","overlay-gradient":""},"mobile":{"background-color":"var(--ast-global-color-5)","background-image":"","background-repeat":"repeat","background-position":"center center","background-size":"auto","background-attachment":"scroll","background-type":"","background-media":"","overlay-type":"","overlay-color":"","overlay-opacity":"","overlay-gradient":""}},"footnotes":""},"categories":[63,62,61,60,68],"tags":[],"class_list":["post-7016","post","type-post","status-publish","format-standard","hentry","category-infantil-primaria","category-cicle-inicial","category-cicle-mitja","category-cicle-superior","category-festes"],"post_mailing_queue_ids":[],"_links":{"self":[{"href":"https:\/\/agora.xtec.cat\/ceip-jaumeprimer-pineda\/wp-json\/wp\/v2\/posts\/7016","targetHints":{"allow":["GET"]}}],"collection":[{"href":"https:\/\/agora.xtec.cat\/ceip-jaumeprimer-pineda\/wp-json\/wp\/v2\/posts"}],"about":[{"href":"https:\/\/agora.xtec.cat\/ceip-jaumeprimer-pineda\/wp-json\/wp\/v2\/types\/post"}],"author":[{"embeddable":true,"href":"https:\/\/agora.xtec.cat\/ceip-jaumeprimer-pineda\/wp-json\/wp\/v2\/users\/1"}],"replies":[{"embeddable":true,"href":"https:\/\/agora.xtec.cat\/ceip-jaumeprimer-pineda\/wp-json\/wp\/v2\/comments?post=7016"}],"version-history":[{"count":3,"href":"https:\/\/agora.xtec.cat\/ceip-jaumeprimer-pineda\/wp-json\/wp\/v2\/posts\/7016\/revisions"}],"predecessor-version":[{"id":7019,"href":"https:\/\/agora.xtec.cat\/ceip-jaumeprimer-pineda\/wp-json\/wp\/v2\/posts\/7016\/revisions\/7019"}],"wp:attachment":[{"href":"https:\/\/agora.xtec.cat\/ceip-jaumeprimer-pineda\/wp-json\/wp\/v2\/media?parent=7016"}],"wp:term":[{"taxonomy":"category","embeddable":true,"href":"https:\/\/agora.xtec.cat\/ceip-jaumeprimer-pineda\/wp-json\/wp\/v2\/categories?post=7016"},{"taxonomy":"post_tag","embeddable":true,"href":"https:\/\/agora.xtec.cat\/ceip-jaumeprimer-pineda\/wp-json\/wp\/v2\/tags?post=7016"}],"curies":[{"name":"wp","href":"https:\/\/api.w.org\/{rel}","templated":true}]}}