{"id":5010,"date":"2021-03-08T21:45:42","date_gmt":"2021-03-08T20:45:42","guid":{"rendered":"http:\/\/agora.xtec.cat\/ceip-jaumeprimer-pineda\/?p=5010"},"modified":"2021-03-11T13:31:12","modified_gmt":"2021-03-11T12:31:12","slug":"8-de-marc-dia-internacional-de-la-dona","status":"publish","type":"post","link":"https:\/\/agora.xtec.cat\/ceip-jaumeprimer-pineda\/general\/8-de-marc-dia-internacional-de-la-dona\/","title":{"rendered":"8 de mar\u00e7, dia internacional de la dona"},"content":{"rendered":"<p>Avui 8 de mar\u00e7 \u00e9s el dia internacional de les dones, per aquest motiu els nois i noies de 5\u00e8 i 6\u00e8 hem llegit sobre dones que han marcat la nostra societat i ens hem adonat de les grans dificultats que van patir la majoria d&#8217;elles per poder fer el que elles volien.<\/p>\n<p>D&#8217;aquesta manera hem pogut commemorar la lluita de la dona per la participaci\u00f3 en la societat, l&#8217;emancipaci\u00f3 i el desenvolupament \u00edntegre!<\/p>\n<p><a href=\"https:\/\/agora.xtec.cat\/ceip-jaumeprimer-pineda\/wp-content\/uploads\/usu1816\/2021\/03\/WhatsApp-Image-2021-03-11-at-13.29.37.jpeg\"><img loading=\"lazy\" decoding=\"async\" class=\"aligncenter wp-image-5070 size-large\" src=\"https:\/\/agora.xtec.cat\/ceip-jaumeprimer-pineda\/wp-content\/uploads\/usu1816\/2021\/03\/WhatsApp-Image-2021-03-11-at-13.29.37-576x1024.jpeg\" alt=\"\" width=\"576\" height=\"1024\" srcset=\"https:\/\/agora.xtec.cat\/ceip-jaumeprimer-pineda\/wp-content\/uploads\/usu1816\/2021\/03\/WhatsApp-Image-2021-03-11-at-13.29.37-576x1024.jpeg 576w, https:\/\/agora.xtec.cat\/ceip-jaumeprimer-pineda\/wp-content\/uploads\/usu1816\/2021\/03\/WhatsApp-Image-2021-03-11-at-13.29.37-169x300.jpeg 169w, https:\/\/agora.xtec.cat\/ceip-jaumeprimer-pineda\/wp-content\/uploads\/usu1816\/2021\/03\/WhatsApp-Image-2021-03-11-at-13.29.37-768x1365.jpeg 768w, https:\/\/agora.xtec.cat\/ceip-jaumeprimer-pineda\/wp-content\/uploads\/usu1816\/2021\/03\/WhatsApp-Image-2021-03-11-at-13.29.37.jpeg 1152w\" sizes=\"auto, (max-width: 576px) 100vw, 576px\" \/><\/a><a href=\"https:\/\/agora.xtec.cat\/ceip-jaumeprimer-pineda\/wp-content\/uploads\/usu1816\/2021\/03\/WhatsApp-Image-2021-03-06-at-10.58.08.jpeg\"><img loading=\"lazy\" decoding=\"async\" class=\"aligncenter wp-image-5013 size-full\" src=\"https:\/\/agora.xtec.cat\/ceip-jaumeprimer-pineda\/wp-content\/uploads\/usu1816\/2021\/03\/WhatsApp-Image-2021-03-06-at-10.58.08.jpeg\" alt=\"\" width=\"1024\" height=\"1024\" srcset=\"https:\/\/agora.xtec.cat\/ceip-jaumeprimer-pineda\/wp-content\/uploads\/usu1816\/2021\/03\/WhatsApp-Image-2021-03-06-at-10.58.08.jpeg 1024w, https:\/\/agora.xtec.cat\/ceip-jaumeprimer-pineda\/wp-content\/uploads\/usu1816\/2021\/03\/WhatsApp-Image-2021-03-06-at-10.58.08-150x150.jpeg 150w, https:\/\/agora.xtec.cat\/ceip-jaumeprimer-pineda\/wp-content\/uploads\/usu1816\/2021\/03\/WhatsApp-Image-2021-03-06-at-10.58.08-300x300.jpeg 300w, https:\/\/agora.xtec.cat\/ceip-jaumeprimer-pineda\/wp-content\/uploads\/usu1816\/2021\/03\/WhatsApp-Image-2021-03-06-at-10.58.08-768x768.jpeg 768w\" sizes=\"auto, (max-width: 1024px) 100vw, 1024px\" \/><\/a><\/p>\n<p><a href=\"https:\/\/agora.xtec.cat\/ceip-jaumeprimer-pineda\/wp-content\/uploads\/usu1816\/2021\/03\/2E0DDA21-DB76-4AD0-9A59-2E33E91128A5.jpg\"><img loading=\"lazy\" decoding=\"async\" class=\"aligncenter wp-image-5011 size-large\" src=\"https:\/\/agora.xtec.cat\/ceip-jaumeprimer-pineda\/wp-content\/uploads\/usu1816\/2021\/03\/2E0DDA21-DB76-4AD0-9A59-2E33E91128A5-576x1024.jpg\" alt=\"\" width=\"576\" height=\"1024\" srcset=\"https:\/\/agora.xtec.cat\/ceip-jaumeprimer-pineda\/wp-content\/uploads\/usu1816\/2021\/03\/2E0DDA21-DB76-4AD0-9A59-2E33E91128A5-576x1024.jpg 576w, https:\/\/agora.xtec.cat\/ceip-jaumeprimer-pineda\/wp-content\/uploads\/usu1816\/2021\/03\/2E0DDA21-DB76-4AD0-9A59-2E33E91128A5-169x300.jpg 169w, https:\/\/agora.xtec.cat\/ceip-jaumeprimer-pineda\/wp-content\/uploads\/usu1816\/2021\/03\/2E0DDA21-DB76-4AD0-9A59-2E33E91128A5-768x1365.jpg 768w, https:\/\/agora.xtec.cat\/ceip-jaumeprimer-pineda\/wp-content\/uploads\/usu1816\/2021\/03\/2E0DDA21-DB76-4AD0-9A59-2E33E91128A5.jpg 1242w\" sizes=\"auto, (max-width: 576px) 100vw, 576px\" \/><\/a> <a href=\"https:\/\/agora.xtec.cat\/ceip-jaumeprimer-pineda\/wp-content\/uploads\/usu1816\/2021\/03\/WhatsApp-Image-2021-03-06-at-10.35.02.jpeg\"><img loading=\"lazy\" decoding=\"async\" class=\"aligncenter wp-image-5012 size-large\" src=\"https:\/\/agora.xtec.cat\/ceip-jaumeprimer-pineda\/wp-content\/uploads\/usu1816\/2021\/03\/WhatsApp-Image-2021-03-06-at-10.35.02-1024x768.jpeg\" alt=\"\" width=\"1024\" height=\"768\" srcset=\"https:\/\/agora.xtec.cat\/ceip-jaumeprimer-pineda\/wp-content\/uploads\/usu1816\/2021\/03\/WhatsApp-Image-2021-03-06-at-10.35.02-1024x768.jpeg 1024w, https:\/\/agora.xtec.cat\/ceip-jaumeprimer-pineda\/wp-content\/uploads\/usu1816\/2021\/03\/WhatsApp-Image-2021-03-06-at-10.35.02-300x225.jpeg 300w, https:\/\/agora.xtec.cat\/ceip-jaumeprimer-pineda\/wp-content\/uploads\/usu1816\/2021\/03\/WhatsApp-Image-2021-03-06-at-10.35.02-768x576.jpeg 768w, https:\/\/agora.xtec.cat\/ceip-jaumeprimer-pineda\/wp-content\/uploads\/usu1816\/2021\/03\/WhatsApp-Image-2021-03-06-at-10.35.02-200x150.jpeg 200w, https:\/\/agora.xtec.cat\/ceip-jaumeprimer-pineda\/wp-content\/uploads\/usu1816\/2021\/03\/WhatsApp-Image-2021-03-06-at-10.35.02.jpeg 2000w\" sizes=\"auto, (max-width: 1024px) 100vw, 1024px\" \/><\/a> <a href=\"https:\/\/agora.xtec.cat\/ceip-jaumeprimer-pineda\/wp-content\/uploads\/usu1816\/2021\/03\/WhatsApp-Image-2021-03-08-at-11.45.37.jpeg\"><img loading=\"lazy\" decoding=\"async\" class=\"aligncenter wp-image-5037 size-large\" src=\"https:\/\/agora.xtec.cat\/ceip-jaumeprimer-pineda\/wp-content\/uploads\/usu1816\/2021\/03\/WhatsApp-Image-2021-03-08-at-11.45.37-1024x768.jpeg\" alt=\"\" width=\"1024\" height=\"768\" srcset=\"https:\/\/agora.xtec.cat\/ceip-jaumeprimer-pineda\/wp-content\/uploads\/usu1816\/2021\/03\/WhatsApp-Image-2021-03-08-at-11.45.37-1024x768.jpeg 1024w, https:\/\/agora.xtec.cat\/ceip-jaumeprimer-pineda\/wp-content\/uploads\/usu1816\/2021\/03\/WhatsApp-Image-2021-03-08-at-11.45.37-300x225.jpeg 300w, https:\/\/agora.xtec.cat\/ceip-jaumeprimer-pineda\/wp-content\/uploads\/usu1816\/2021\/03\/WhatsApp-Image-2021-03-08-at-11.45.37-768x576.jpeg 768w, https:\/\/agora.xtec.cat\/ceip-jaumeprimer-pineda\/wp-content\/uploads\/usu1816\/2021\/03\/WhatsApp-Image-2021-03-08-at-11.45.37-200x150.jpeg 200w, https:\/\/agora.xtec.cat\/ceip-jaumeprimer-pineda\/wp-content\/uploads\/usu1816\/2021\/03\/WhatsApp-Image-2021-03-08-at-11.45.37.jpeg 1600w\" sizes=\"auto, (max-width: 1024px) 100vw, 1024px\" \/><\/a><a href=\"https:\/\/agora.xtec.cat\/ceip-jaumeprimer-pineda\/wp-content\/uploads\/usu1816\/2021\/03\/image_6483441.jpg\"><img loading=\"lazy\" decoding=\"async\" class=\"aligncenter wp-image-5036 size-large\" src=\"https:\/\/agora.xtec.cat\/ceip-jaumeprimer-pineda\/wp-content\/uploads\/usu1816\/2021\/03\/image_6483441-576x1024.jpg\" alt=\"\" width=\"576\" height=\"1024\" srcset=\"https:\/\/agora.xtec.cat\/ceip-jaumeprimer-pineda\/wp-content\/uploads\/usu1816\/2021\/03\/image_6483441-576x1024.jpg 576w, https:\/\/agora.xtec.cat\/ceip-jaumeprimer-pineda\/wp-content\/uploads\/usu1816\/2021\/03\/image_6483441-169x300.jpg 169w, https:\/\/agora.xtec.cat\/ceip-jaumeprimer-pineda\/wp-content\/uploads\/usu1816\/2021\/03\/image_6483441-768x1365.jpg 768w, https:\/\/agora.xtec.cat\/ceip-jaumeprimer-pineda\/wp-content\/uploads\/usu1816\/2021\/03\/image_6483441.jpg 1242w\" sizes=\"auto, (max-width: 576px) 100vw, 576px\" \/><\/a><\/p>\n","protected":false},"excerpt":{"rendered":"<p>Avui 8 de mar\u00e7 \u00e9s el dia internacional de les dones, per aquest motiu els nois i noies de 5\u00e8 [&hellip;]<\/p>\n","protected":false},"author":1,"featured_media":0,"comment_status":"open","ping_status":"closed","sticky":false,"template":"","format":"standard","meta":{"_bbp_topic_count":0,"_bbp_reply_count":0,"_bbp_total_topic_count":0,"_bbp_total_reply_count":0,"_bbp_voice_count":0,"_bbp_anonymous_reply_count":0,"_bbp_topic_count_hidden":0,"_bbp_reply_count_hidden":0,"_bbp_forum_subforum_count":0,"site-sidebar-layout":"default","site-content-layout":"","ast-site-content-layout":"","site-content-style":"default","site-sidebar-style":"default","ast-global-header-display":"","ast-banner-title-visibility":"","ast-main-header-display":"","ast-hfb-above-header-display":"","ast-hfb-below-header-display":"","ast-hfb-mobile-header-display":"","site-post-title":"","ast-breadcrumbs-content":"","ast-featured-img":"","footer-sml-layout":"","theme-transparent-header-meta":"","adv-header-id-meta":"","stick-header-meta":"","header-above-stick-meta":"","header-main-stick-meta":"","header-below-stick-meta":"","astra-migrate-meta-layouts":"default","ast-page-background-enabled":"default","ast-page-background-meta":{"desktop":{"background-color":"var(--ast-global-color-4)","background-image":"","background-repeat":"repeat","background-position":"center center","background-size":"auto","background-attachment":"scroll","background-type":"","background-media":"","overlay-type":"","overlay-color":"","overlay-opacity":"","overlay-gradient":""},"tablet":{"background-color":"","background-image":"","background-repeat":"repeat","background-position":"center center","background-size":"auto","background-attachment":"scroll","background-type":"","background-media":"","overlay-type":"","overlay-color":"","overlay-opacity":"","overlay-gradient":""},"mobile":{"background-color":"","background-image":"","background-repeat":"repeat","background-position":"center center","background-size":"auto","background-attachment":"scroll","background-type":"","background-media":"","overlay-type":"","overlay-color":"","overlay-opacity":"","overlay-gradient":""}},"ast-content-background-meta":{"desktop":{"background-color":"var(--ast-global-color-5)","background-image":"","background-repeat":"repeat","background-position":"center center","background-size":"auto","background-attachment":"scroll","background-type":"","background-media":"","overlay-type":"","overlay-color":"","overlay-opacity":"","overlay-gradient":""},"tablet":{"background-color":"var(--ast-global-color-5)","background-image":"","background-repeat":"repeat","background-position":"center center","background-size":"auto","background-attachment":"scroll","background-type":"","background-media":"","overlay-type":"","overlay-color":"","overlay-opacity":"","overlay-gradient":""},"mobile":{"background-color":"var(--ast-global-color-5)","background-image":"","background-repeat":"repeat","background-position":"center center","background-size":"auto","background-attachment":"scroll","background-type":"","background-media":"","overlay-type":"","overlay-color":"","overlay-opacity":"","overlay-gradient":""}},"footnotes":""},"categories":[66,60,1],"tags":[],"class_list":["post-5010","post","type-post","status-publish","format-standard","hentry","category-biblioteca","category-cicle-superior","category-general"],"post_mailing_queue_ids":[],"_links":{"self":[{"href":"https:\/\/agora.xtec.cat\/ceip-jaumeprimer-pineda\/wp-json\/wp\/v2\/posts\/5010","targetHints":{"allow":["GET"]}}],"collection":[{"href":"https:\/\/agora.xtec.cat\/ceip-jaumeprimer-pineda\/wp-json\/wp\/v2\/posts"}],"about":[{"href":"https:\/\/agora.xtec.cat\/ceip-jaumeprimer-pineda\/wp-json\/wp\/v2\/types\/post"}],"author":[{"embeddable":true,"href":"https:\/\/agora.xtec.cat\/ceip-jaumeprimer-pineda\/wp-json\/wp\/v2\/users\/1"}],"replies":[{"embeddable":true,"href":"https:\/\/agora.xtec.cat\/ceip-jaumeprimer-pineda\/wp-json\/wp\/v2\/comments?post=5010"}],"version-history":[{"count":3,"href":"https:\/\/agora.xtec.cat\/ceip-jaumeprimer-pineda\/wp-json\/wp\/v2\/posts\/5010\/revisions"}],"predecessor-version":[{"id":5071,"href":"https:\/\/agora.xtec.cat\/ceip-jaumeprimer-pineda\/wp-json\/wp\/v2\/posts\/5010\/revisions\/5071"}],"wp:attachment":[{"href":"https:\/\/agora.xtec.cat\/ceip-jaumeprimer-pineda\/wp-json\/wp\/v2\/media?parent=5010"}],"wp:term":[{"taxonomy":"category","embeddable":true,"href":"https:\/\/agora.xtec.cat\/ceip-jaumeprimer-pineda\/wp-json\/wp\/v2\/categories?post=5010"},{"taxonomy":"post_tag","embeddable":true,"href":"https:\/\/agora.xtec.cat\/ceip-jaumeprimer-pineda\/wp-json\/wp\/v2\/tags?post=5010"}],"curies":[{"name":"wp","href":"https:\/\/api.w.org\/{rel}","templated":true}]}}