{"id":4283,"date":"2020-12-17T08:00:23","date_gmt":"2020-12-17T07:00:23","guid":{"rendered":"http:\/\/agora.xtec.cat\/ceip-jaumeprimer-pineda\/?p=4283"},"modified":"2021-11-24T00:14:36","modified_gmt":"2021-11-23T23:14:36","slug":"la-cantata-de-cicle-inicial","status":"publish","type":"post","link":"https:\/\/agora.xtec.cat\/ceip-jaumeprimer-pineda\/general\/la-cantata-de-cicle-inicial\/","title":{"rendered":"La CANTATA de CICLE INICIAL!"},"content":{"rendered":"<p>Aquest any, com sempre, no pod\u00edem deixar de fer l&#8217;esperada cantata de Nadal!<\/p>\n<p>Els nens i les nenes de cicle inicial ho han fet s\u00faper b\u00e9! Aqu\u00ed trobareu els v\u00eddeos RESUM!<\/p>\n<p>Si voleu veure la cantata sencera el dilluns la trobareu penjada al MOODLE de 1r i 2n!!<\/p>\n<p>Us hem trobat molt a faltar fam\u00edlies!<\/p>\n<div class=\"ast-oembed-container \" style=\"height: 100%;\"><iframe loading=\"lazy\" title=\"cantata 1r RESUM 20 21\" width=\"500\" height=\"281\" src=\"https:\/\/www.youtube.com\/embed\/JtnMpjic0bQ?feature=oembed\" frameborder=\"0\" allow=\"accelerometer; autoplay; clipboard-write; encrypted-media; gyroscope; picture-in-picture; web-share\" referrerpolicy=\"strict-origin-when-cross-origin\" allowfullscreen><\/iframe><\/div>\n<div class=\"ast-oembed-container \" style=\"height: 100%;\"><iframe loading=\"lazy\" title=\"CANTATA 2n\" width=\"500\" height=\"281\" src=\"https:\/\/www.youtube.com\/embed\/PJzoSTpN1yQ?feature=oembed\" frameborder=\"0\" allow=\"accelerometer; autoplay; clipboard-write; encrypted-media; gyroscope; picture-in-picture; web-share\" referrerpolicy=\"strict-origin-when-cross-origin\" allowfullscreen><\/iframe><\/div>\n","protected":false},"excerpt":{"rendered":"<p>Aquest any, com sempre, no pod\u00edem deixar de fer l&#8217;esperada cantata de Nadal! Els nens i les nenes de cicle [&hellip;]<\/p>\n","protected":false},"author":1,"featured_media":4284,"comment_status":"open","ping_status":"closed","sticky":false,"template":"","format":"standard","meta":{"_bbp_topic_count":0,"_bbp_reply_count":0,"_bbp_total_topic_count":0,"_bbp_total_reply_count":0,"_bbp_voice_count":0,"_bbp_anonymous_reply_count":0,"_bbp_topic_count_hidden":0,"_bbp_reply_count_hidden":0,"_bbp_forum_subforum_count":0,"site-sidebar-layout":"default","site-content-layout":"","ast-site-content-layout":"","site-content-style":"default","site-sidebar-style":"default","ast-global-header-display":"","ast-banner-title-visibility":"","ast-main-header-display":"","ast-hfb-above-header-display":"","ast-hfb-below-header-display":"","ast-hfb-mobile-header-display":"","site-post-title":"","ast-breadcrumbs-content":"","ast-featured-img":"","footer-sml-layout":"","theme-transparent-header-meta":"","adv-header-id-meta":"","stick-header-meta":"","header-above-stick-meta":"","header-main-stick-meta":"","header-below-stick-meta":"","astra-migrate-meta-layouts":"default","ast-page-background-enabled":"default","ast-page-background-meta":{"desktop":{"background-color":"var(--ast-global-color-4)","background-image":"","background-repeat":"repeat","background-position":"center center","background-size":"auto","background-attachment":"scroll","background-type":"","background-media":"","overlay-type":"","overlay-color":"","overlay-opacity":"","overlay-gradient":""},"tablet":{"background-color":"","background-image":"","background-repeat":"repeat","background-position":"center center","background-size":"auto","background-attachment":"scroll","background-type":"","background-media":"","overlay-type":"","overlay-color":"","overlay-opacity":"","overlay-gradient":""},"mobile":{"background-color":"","background-image":"","background-repeat":"repeat","background-position":"center center","background-size":"auto","background-attachment":"scroll","background-type":"","background-media":"","overlay-type":"","overlay-color":"","overlay-opacity":"","overlay-gradient":""}},"ast-content-background-meta":{"desktop":{"background-color":"var(--ast-global-color-5)","background-image":"","background-repeat":"repeat","background-position":"center center","background-size":"auto","background-attachment":"scroll","background-type":"","background-media":"","overlay-type":"","overlay-color":"","overlay-opacity":"","overlay-gradient":""},"tablet":{"background-color":"var(--ast-global-color-5)","background-image":"","background-repeat":"repeat","background-position":"center center","background-size":"auto","background-attachment":"scroll","background-type":"","background-media":"","overlay-type":"","overlay-color":"","overlay-opacity":"","overlay-gradient":""},"mobile":{"background-color":"var(--ast-global-color-5)","background-image":"","background-repeat":"repeat","background-position":"center center","background-size":"auto","background-attachment":"scroll","background-type":"","background-media":"","overlay-type":"","overlay-color":"","overlay-opacity":"","overlay-gradient":""}},"footnotes":""},"categories":[62,68,1,71],"tags":[183,122,172,250],"class_list":["post-4283","post","type-post","status-publish","format-standard","has-post-thumbnail","hentry","category-cicle-inicial","category-festes","category-general","category-nadal","tag-cantata","tag-musica","tag-nadal","tag-video"],"post_mailing_queue_ids":[],"_links":{"self":[{"href":"https:\/\/agora.xtec.cat\/ceip-jaumeprimer-pineda\/wp-json\/wp\/v2\/posts\/4283","targetHints":{"allow":["GET"]}}],"collection":[{"href":"https:\/\/agora.xtec.cat\/ceip-jaumeprimer-pineda\/wp-json\/wp\/v2\/posts"}],"about":[{"href":"https:\/\/agora.xtec.cat\/ceip-jaumeprimer-pineda\/wp-json\/wp\/v2\/types\/post"}],"author":[{"embeddable":true,"href":"https:\/\/agora.xtec.cat\/ceip-jaumeprimer-pineda\/wp-json\/wp\/v2\/users\/1"}],"replies":[{"embeddable":true,"href":"https:\/\/agora.xtec.cat\/ceip-jaumeprimer-pineda\/wp-json\/wp\/v2\/comments?post=4283"}],"version-history":[{"count":2,"href":"https:\/\/agora.xtec.cat\/ceip-jaumeprimer-pineda\/wp-json\/wp\/v2\/posts\/4283\/revisions"}],"predecessor-version":[{"id":4295,"href":"https:\/\/agora.xtec.cat\/ceip-jaumeprimer-pineda\/wp-json\/wp\/v2\/posts\/4283\/revisions\/4295"}],"wp:featuredmedia":[{"embeddable":true,"href":"https:\/\/agora.xtec.cat\/ceip-jaumeprimer-pineda\/wp-json\/wp\/v2\/media\/4284"}],"wp:attachment":[{"href":"https:\/\/agora.xtec.cat\/ceip-jaumeprimer-pineda\/wp-json\/wp\/v2\/media?parent=4283"}],"wp:term":[{"taxonomy":"category","embeddable":true,"href":"https:\/\/agora.xtec.cat\/ceip-jaumeprimer-pineda\/wp-json\/wp\/v2\/categories?post=4283"},{"taxonomy":"post_tag","embeddable":true,"href":"https:\/\/agora.xtec.cat\/ceip-jaumeprimer-pineda\/wp-json\/wp\/v2\/tags?post=4283"}],"curies":[{"name":"wp","href":"https:\/\/api.w.org\/{rel}","templated":true}]}}