{"id":3997,"date":"2020-10-31T18:40:03","date_gmt":"2020-10-31T17:40:03","guid":{"rendered":"http:\/\/agora.xtec.cat\/ceip-jaumeprimer-pineda\/?p=3997"},"modified":"2020-10-31T18:40:03","modified_gmt":"2020-10-31T17:40:03","slug":"tarda-de-castanyada-i-halloween","status":"publish","type":"post","link":"https:\/\/agora.xtec.cat\/ceip-jaumeprimer-pineda\/cicle-superior\/tarda-de-castanyada-i-halloween\/","title":{"rendered":"Tarda de Castanyada i Halloween"},"content":{"rendered":"<p>La tarda del passat dijous 29 d&#8217;octubre vam celebrar la Castanyada i el Halloween. Primer, vam mirar v\u00eddeos de terror i despr\u00e9s vam baixar al pati de l&#8217;escola a berenar productes t\u00edpics de la Castanyada: castanyes, panallets&#8230; Estava tot bon\u00edssim! I per \u00faltim vam lluir tota la tarda les nostres magn\u00edfiques disfresses. Mireu quina por feiem!<\/p>\n<p><a href=\"https:\/\/agora.xtec.cat\/ceip-jaumeprimer-pineda\/wp-content\/uploads\/usu1816\/2020\/10\/WhatsApp-Image-2020-10-29-at-16.14.59.jpeg\"><img loading=\"lazy\" decoding=\"async\" class=\"alignnone size-large wp-image-3995\" src=\"https:\/\/agora.xtec.cat\/ceip-jaumeprimer-pineda\/wp-content\/uploads\/usu1816\/2020\/10\/WhatsApp-Image-2020-10-29-at-16.14.59-1024x768.jpeg\" alt=\"\" width=\"1024\" height=\"768\" srcset=\"https:\/\/agora.xtec.cat\/ceip-jaumeprimer-pineda\/wp-content\/uploads\/usu1816\/2020\/10\/WhatsApp-Image-2020-10-29-at-16.14.59-1024x768.jpeg 1024w, https:\/\/agora.xtec.cat\/ceip-jaumeprimer-pineda\/wp-content\/uploads\/usu1816\/2020\/10\/WhatsApp-Image-2020-10-29-at-16.14.59-300x225.jpeg 300w, https:\/\/agora.xtec.cat\/ceip-jaumeprimer-pineda\/wp-content\/uploads\/usu1816\/2020\/10\/WhatsApp-Image-2020-10-29-at-16.14.59-768x576.jpeg 768w, https:\/\/agora.xtec.cat\/ceip-jaumeprimer-pineda\/wp-content\/uploads\/usu1816\/2020\/10\/WhatsApp-Image-2020-10-29-at-16.14.59-200x150.jpeg 200w, https:\/\/agora.xtec.cat\/ceip-jaumeprimer-pineda\/wp-content\/uploads\/usu1816\/2020\/10\/WhatsApp-Image-2020-10-29-at-16.14.59.jpeg 1600w\" sizes=\"auto, (max-width: 1024px) 100vw, 1024px\" \/><\/a> <a href=\"https:\/\/agora.xtec.cat\/ceip-jaumeprimer-pineda\/wp-content\/uploads\/usu1816\/2020\/10\/WhatsApp-Image-2020-10-29-at-16.14.17.jpeg\"><img loading=\"lazy\" decoding=\"async\" class=\"alignnone size-large wp-image-3996\" src=\"https:\/\/agora.xtec.cat\/ceip-jaumeprimer-pineda\/wp-content\/uploads\/usu1816\/2020\/10\/WhatsApp-Image-2020-10-29-at-16.14.17-1024x768.jpeg\" alt=\"\" width=\"1024\" height=\"768\" srcset=\"https:\/\/agora.xtec.cat\/ceip-jaumeprimer-pineda\/wp-content\/uploads\/usu1816\/2020\/10\/WhatsApp-Image-2020-10-29-at-16.14.17-1024x768.jpeg 1024w, https:\/\/agora.xtec.cat\/ceip-jaumeprimer-pineda\/wp-content\/uploads\/usu1816\/2020\/10\/WhatsApp-Image-2020-10-29-at-16.14.17-300x225.jpeg 300w, https:\/\/agora.xtec.cat\/ceip-jaumeprimer-pineda\/wp-content\/uploads\/usu1816\/2020\/10\/WhatsApp-Image-2020-10-29-at-16.14.17-768x576.jpeg 768w, https:\/\/agora.xtec.cat\/ceip-jaumeprimer-pineda\/wp-content\/uploads\/usu1816\/2020\/10\/WhatsApp-Image-2020-10-29-at-16.14.17-200x150.jpeg 200w, https:\/\/agora.xtec.cat\/ceip-jaumeprimer-pineda\/wp-content\/uploads\/usu1816\/2020\/10\/WhatsApp-Image-2020-10-29-at-16.14.17.jpeg 2048w\" sizes=\"auto, (max-width: 1024px) 100vw, 1024px\" \/><\/a><a href=\"https:\/\/agora.xtec.cat\/ceip-jaumeprimer-pineda\/wp-content\/uploads\/usu1816\/2020\/10\/IMG-6033-2.jpg\"><img loading=\"lazy\" decoding=\"async\" class=\"alignnone size-large wp-image-3999\" src=\"https:\/\/agora.xtec.cat\/ceip-jaumeprimer-pineda\/wp-content\/uploads\/usu1816\/2020\/10\/IMG-6033-2-1024x768.jpg\" alt=\"\" width=\"1024\" height=\"768\" srcset=\"https:\/\/agora.xtec.cat\/ceip-jaumeprimer-pineda\/wp-content\/uploads\/usu1816\/2020\/10\/IMG-6033-2-1024x768.jpg 1024w, https:\/\/agora.xtec.cat\/ceip-jaumeprimer-pineda\/wp-content\/uploads\/usu1816\/2020\/10\/IMG-6033-2-300x225.jpg 300w, https:\/\/agora.xtec.cat\/ceip-jaumeprimer-pineda\/wp-content\/uploads\/usu1816\/2020\/10\/IMG-6033-2-768x576.jpg 768w, https:\/\/agora.xtec.cat\/ceip-jaumeprimer-pineda\/wp-content\/uploads\/usu1816\/2020\/10\/IMG-6033-2-200x150.jpg 200w\" sizes=\"auto, (max-width: 1024px) 100vw, 1024px\" \/><\/a><\/p>\n","protected":false},"excerpt":{"rendered":"<p>La tarda del passat dijous 29 d&#8217;octubre vam celebrar la Castanyada i el Halloween. Primer, vam mirar v\u00eddeos de terror [&hellip;]<\/p>\n","protected":false},"author":1,"featured_media":3999,"comment_status":"open","ping_status":"closed","sticky":false,"template":"","format":"standard","meta":{"_bbp_topic_count":0,"_bbp_reply_count":0,"_bbp_total_topic_count":0,"_bbp_total_reply_count":0,"_bbp_voice_count":0,"_bbp_anonymous_reply_count":0,"_bbp_topic_count_hidden":0,"_bbp_reply_count_hidden":0,"_bbp_forum_subforum_count":0,"site-sidebar-layout":"default","site-content-layout":"","ast-site-content-layout":"","site-content-style":"default","site-sidebar-style":"default","ast-global-header-display":"","ast-banner-title-visibility":"","ast-main-header-display":"","ast-hfb-above-header-display":"","ast-hfb-below-header-display":"","ast-hfb-mobile-header-display":"","site-post-title":"","ast-breadcrumbs-content":"","ast-featured-img":"","footer-sml-layout":"","theme-transparent-header-meta":"","adv-header-id-meta":"","stick-header-meta":"","header-above-stick-meta":"","header-main-stick-meta":"","header-below-stick-meta":"","astra-migrate-meta-layouts":"default","ast-page-background-enabled":"default","ast-page-background-meta":{"desktop":{"background-color":"var(--ast-global-color-4)","background-image":"","background-repeat":"repeat","background-position":"center center","background-size":"auto","background-attachment":"scroll","background-type":"","background-media":"","overlay-type":"","overlay-color":"","overlay-opacity":"","overlay-gradient":""},"tablet":{"background-color":"","background-image":"","background-repeat":"repeat","background-position":"center center","background-size":"auto","background-attachment":"scroll","background-type":"","background-media":"","overlay-type":"","overlay-color":"","overlay-opacity":"","overlay-gradient":""},"mobile":{"background-color":"","background-image":"","background-repeat":"repeat","background-position":"center center","background-size":"auto","background-attachment":"scroll","background-type":"","background-media":"","overlay-type":"","overlay-color":"","overlay-opacity":"","overlay-gradient":""}},"ast-content-background-meta":{"desktop":{"background-color":"var(--ast-global-color-5)","background-image":"","background-repeat":"repeat","background-position":"center center","background-size":"auto","background-attachment":"scroll","background-type":"","background-media":"","overlay-type":"","overlay-color":"","overlay-opacity":"","overlay-gradient":""},"tablet":{"background-color":"var(--ast-global-color-5)","background-image":"","background-repeat":"repeat","background-position":"center center","background-size":"auto","background-attachment":"scroll","background-type":"","background-media":"","overlay-type":"","overlay-color":"","overlay-opacity":"","overlay-gradient":""},"mobile":{"background-color":"var(--ast-global-color-5)","background-image":"","background-repeat":"repeat","background-position":"center center","background-size":"auto","background-attachment":"scroll","background-type":"","background-media":"","overlay-type":"","overlay-color":"","overlay-opacity":"","overlay-gradient":""}},"footnotes":""},"categories":[60],"tags":[157,270,191],"class_list":["post-3997","post","type-post","status-publish","format-standard","has-post-thumbnail","hentry","category-cicle-superior","tag-castanyada","tag-cicle-superior","tag-tradicions"],"post_mailing_queue_ids":[],"_links":{"self":[{"href":"https:\/\/agora.xtec.cat\/ceip-jaumeprimer-pineda\/wp-json\/wp\/v2\/posts\/3997","targetHints":{"allow":["GET"]}}],"collection":[{"href":"https:\/\/agora.xtec.cat\/ceip-jaumeprimer-pineda\/wp-json\/wp\/v2\/posts"}],"about":[{"href":"https:\/\/agora.xtec.cat\/ceip-jaumeprimer-pineda\/wp-json\/wp\/v2\/types\/post"}],"author":[{"embeddable":true,"href":"https:\/\/agora.xtec.cat\/ceip-jaumeprimer-pineda\/wp-json\/wp\/v2\/users\/1"}],"replies":[{"embeddable":true,"href":"https:\/\/agora.xtec.cat\/ceip-jaumeprimer-pineda\/wp-json\/wp\/v2\/comments?post=3997"}],"version-history":[{"count":1,"href":"https:\/\/agora.xtec.cat\/ceip-jaumeprimer-pineda\/wp-json\/wp\/v2\/posts\/3997\/revisions"}],"predecessor-version":[{"id":4000,"href":"https:\/\/agora.xtec.cat\/ceip-jaumeprimer-pineda\/wp-json\/wp\/v2\/posts\/3997\/revisions\/4000"}],"wp:featuredmedia":[{"embeddable":true,"href":"https:\/\/agora.xtec.cat\/ceip-jaumeprimer-pineda\/wp-json\/wp\/v2\/media\/3999"}],"wp:attachment":[{"href":"https:\/\/agora.xtec.cat\/ceip-jaumeprimer-pineda\/wp-json\/wp\/v2\/media?parent=3997"}],"wp:term":[{"taxonomy":"category","embeddable":true,"href":"https:\/\/agora.xtec.cat\/ceip-jaumeprimer-pineda\/wp-json\/wp\/v2\/categories?post=3997"},{"taxonomy":"post_tag","embeddable":true,"href":"https:\/\/agora.xtec.cat\/ceip-jaumeprimer-pineda\/wp-json\/wp\/v2\/tags?post=3997"}],"curies":[{"name":"wp","href":"https:\/\/api.w.org\/{rel}","templated":true}]}}