{"id":7968,"date":"2026-02-17T14:07:03","date_gmt":"2026-02-17T13:07:03","guid":{"rendered":"https:\/\/agora.xtec.cat\/ceip-ignasiiglesias-cornella\/?p=7968"},"modified":"2026-02-17T14:07:03","modified_gmt":"2026-02-17T13:07:03","slug":"la-radio","status":"publish","type":"post","link":"https:\/\/agora.xtec.cat\/ceip-ignasiiglesias-cornella\/portada\/la-radio\/","title":{"rendered":"LA R\u00c0DIO"},"content":{"rendered":"<p><span style=\"font-weight: 400;\">Els infants de 5\u00e8 de prim\u00e0ria van assistir a la R\u00e0dio de Cornell\u00e0 els passats 14 i 15 de gener, tot continuant el projecte de <\/span><i><span style=\"font-weight: 400;\">Podcasters<\/span><\/i><span style=\"font-weight: 400;\">. Aquest projecte pret\u00e9n que els i les alumnes coneguin el mitj\u00e0 radiof\u00f2nic mitjan\u00e7ant la descoberta i la creaci\u00f3 del seu propi programa, gravant-lo a la r\u00e0dio i emetent-lo en antena.<\/span><\/p>\n<p><span style=\"font-weight: 400;\">La Mireia Navarro, directora de l&#8217;emissora, va introduir als alumnes de l\u2019Ignasi al mitj\u00e0 de comunicaci\u00f3, mostrant-los les diferents instal\u00b7lacions i les eines emprades per a portar a terme la gravaci\u00f3 i la retransmissi\u00f3 de tot el que escolten els ciutadans i les ciutadanes de la ciutat.<\/span><\/p>\n<p><span style=\"font-weight: 400;\">Per \u00faltim, el t\u00e8cnic de so va realitzar un recorregut per la r\u00e0dio al llarg de la hist\u00f2ria: des de les antenes, a les cintes de casset, passant pels tel\u00e8fons de botons giratoris i arribant a les taules de barreges actuals. Tot un viatge al passat.<\/span><\/p>\n<p><span style=\"font-weight: 400;\">Despr\u00e9s de gaudir i escoltar atentament, els i les alumnes de 5\u00e8 han comen\u00e7at amb l\u2019an\u00e0lisi de diferents Podcasts a l\u2019aula, tot identificant-ne l\u2019estructura i els diferents g\u00e8neres; comen\u00e7ant la pluja d\u2019idees per als seus propis programes.\u00a0<\/span><\/p>\n<p><span style=\"font-weight: 400;\">Seguim amb aquesta apassionant aventura!<\/span><\/p>\n<p>Per veure m\u00e9s imatges, podeu accedir a La Galeria des d&#8217;aquest enlla\u00e7: <a href=\"https:\/\/agora.xtec.cat\/ceip-ignasiiglesias-cornella\/galeria-dimatges\/\">https:\/\/agora.xtec.cat\/ceip-ignasiiglesias-cornella\/galeria-dimatges\/<\/a><\/p>\n","protected":false},"excerpt":{"rendered":"<p>Els infants de 5\u00e8 de prim\u00e0ria van assistir a la R\u00e0dio de Cornell\u00e0 els passats 14 i 15 de gener, tot continuant el projecte de Podcasters. Aquest projecte pret\u00e9n que els i les alumnes coneguin el mitj\u00e0 radiof\u00f2nic mitjan\u00e7ant la descoberta i la creaci\u00f3 del&hellip;  <a href=\"https:\/\/agora.xtec.cat\/ceip-ignasiiglesias-cornella\/portada\/la-radio\/\" title=\"Read LA R\u00c0DIO\">Llegeix m\u00e9s\u00bb<\/a><\/p>\n","protected":false},"author":97,"featured_media":7969,"comment_status":"open","ping_status":"open","sticky":false,"template":"","format":"standard","meta":{"_bbp_topic_count":0,"_bbp_reply_count":0,"_bbp_total_topic_count":0,"_bbp_total_reply_count":0,"_bbp_voice_count":0,"_bbp_anonymous_reply_count":0,"_bbp_topic_count_hidden":0,"_bbp_reply_count_hidden":0,"_bbp_forum_subforum_count":0,"footnotes":""},"categories":[4],"tags":[907],"class_list":["post-7968","post","type-post","status-publish","format-standard","has-post-thumbnail","hentry","category-portada","tag-radio"],"post_mailing_queue_ids":[],"_links":{"self":[{"href":"https:\/\/agora.xtec.cat\/ceip-ignasiiglesias-cornella\/wp-json\/wp\/v2\/posts\/7968","targetHints":{"allow":["GET"]}}],"collection":[{"href":"https:\/\/agora.xtec.cat\/ceip-ignasiiglesias-cornella\/wp-json\/wp\/v2\/posts"}],"about":[{"href":"https:\/\/agora.xtec.cat\/ceip-ignasiiglesias-cornella\/wp-json\/wp\/v2\/types\/post"}],"author":[{"embeddable":true,"href":"https:\/\/agora.xtec.cat\/ceip-ignasiiglesias-cornella\/wp-json\/wp\/v2\/users\/97"}],"replies":[{"embeddable":true,"href":"https:\/\/agora.xtec.cat\/ceip-ignasiiglesias-cornella\/wp-json\/wp\/v2\/comments?post=7968"}],"version-history":[{"count":3,"href":"https:\/\/agora.xtec.cat\/ceip-ignasiiglesias-cornella\/wp-json\/wp\/v2\/posts\/7968\/revisions"}],"predecessor-version":[{"id":7972,"href":"https:\/\/agora.xtec.cat\/ceip-ignasiiglesias-cornella\/wp-json\/wp\/v2\/posts\/7968\/revisions\/7972"}],"wp:featuredmedia":[{"embeddable":true,"href":"https:\/\/agora.xtec.cat\/ceip-ignasiiglesias-cornella\/wp-json\/wp\/v2\/media\/7969"}],"wp:attachment":[{"href":"https:\/\/agora.xtec.cat\/ceip-ignasiiglesias-cornella\/wp-json\/wp\/v2\/media?parent=7968"}],"wp:term":[{"taxonomy":"category","embeddable":true,"href":"https:\/\/agora.xtec.cat\/ceip-ignasiiglesias-cornella\/wp-json\/wp\/v2\/categories?post=7968"},{"taxonomy":"post_tag","embeddable":true,"href":"https:\/\/agora.xtec.cat\/ceip-ignasiiglesias-cornella\/wp-json\/wp\/v2\/tags?post=7968"}],"curies":[{"name":"wp","href":"https:\/\/api.w.org\/{rel}","templated":true}]}}