{"id":7948,"date":"2026-01-16T12:42:26","date_gmt":"2026-01-16T11:42:26","guid":{"rendered":"https:\/\/agora.xtec.cat\/ceip-ignasiiglesias-cornella\/?p=7948"},"modified":"2026-01-19T08:28:41","modified_gmt":"2026-01-19T07:28:41","slug":"el-petit-princep-6e","status":"publish","type":"post","link":"https:\/\/agora.xtec.cat\/ceip-ignasiiglesias-cornella\/musica\/el-petit-princep-6e\/","title":{"rendered":"El Petit Pr\u00edncep 6\u00e8"},"content":{"rendered":"<p>Aqu\u00ed tens una mica d&#8217;explicaci\u00f3 dels personatges del nostre musical. Espero que sigui un material que t&#8217;ajudi a triar quin personatge t&#8217;agradaria interpretar.<\/p>\n<div style=\"position: relative; width: 100%; height: 0; padding-top: 56.2500%; padding-bottom: 0; box-shadow: 0 2px 8px 0 rgba(63,69,81,0.16); margin-top: 1.6em; margin-bottom: 0.9em; overflow: hidden; border-radius: 8px; will-change: transform;\"><iframe style=\"position: absolute; width: 100%; height: 100%; top: 0; left: 0; border: none; padding: 0; margin: 0;\" src=\"https:\/\/www.canva.com\/design\/DAG-gw-6un0\/msJ2KingHC2wYsp0RCINWg\/view?embed\" allowfullscreen=\"allowfullscreen\"><br \/>\n<\/iframe><\/div>\n<p>Ara et toca a tu:<\/p>\n<p style=\"text-align: center;\"><a href=\"https:\/\/forms.gle\/GbZvaTGncZ8EKv7p8\" target=\"_blank\" rel=\"noopener\">A QUIN PERSONATGE DONAR\u00c0S VIDA?<\/a><\/p>\n","protected":false},"excerpt":{"rendered":"<p>Aqu\u00ed tens una mica d&#8217;explicaci\u00f3 dels personatges del nostre musical. Espero que sigui un material que t&#8217;ajudi a triar quin personatge t&#8217;agradaria interpretar.<\/p>\n<p>Ara et toca a tu:<br \/>\n<a href=\"https:\/\/forms.gle\/GbZvaTGncZ8EKv7p8\" target=\"_blank\" rel=\"noopener\">A QUIN PERSONATGE DONAR\u00c0S VIDA?<\/a><\/p>\n","protected":false},"author":4,"featured_media":7109,"comment_status":"open","ping_status":"open","sticky":false,"template":"","format":"standard","meta":{"_bbp_topic_count":0,"_bbp_reply_count":0,"_bbp_total_topic_count":0,"_bbp_total_reply_count":0,"_bbp_voice_count":0,"_bbp_anonymous_reply_count":0,"_bbp_topic_count_hidden":0,"_bbp_reply_count_hidden":0,"_bbp_forum_subforum_count":0,"footnotes":""},"categories":[72],"tags":[],"class_list":["post-7948","post","type-post","status-publish","format-standard","has-post-thumbnail","hentry","category-musica"],"post_mailing_queue_ids":[],"_links":{"self":[{"href":"https:\/\/agora.xtec.cat\/ceip-ignasiiglesias-cornella\/wp-json\/wp\/v2\/posts\/7948","targetHints":{"allow":["GET"]}}],"collection":[{"href":"https:\/\/agora.xtec.cat\/ceip-ignasiiglesias-cornella\/wp-json\/wp\/v2\/posts"}],"about":[{"href":"https:\/\/agora.xtec.cat\/ceip-ignasiiglesias-cornella\/wp-json\/wp\/v2\/types\/post"}],"author":[{"embeddable":true,"href":"https:\/\/agora.xtec.cat\/ceip-ignasiiglesias-cornella\/wp-json\/wp\/v2\/users\/4"}],"replies":[{"embeddable":true,"href":"https:\/\/agora.xtec.cat\/ceip-ignasiiglesias-cornella\/wp-json\/wp\/v2\/comments?post=7948"}],"version-history":[{"count":3,"href":"https:\/\/agora.xtec.cat\/ceip-ignasiiglesias-cornella\/wp-json\/wp\/v2\/posts\/7948\/revisions"}],"predecessor-version":[{"id":7951,"href":"https:\/\/agora.xtec.cat\/ceip-ignasiiglesias-cornella\/wp-json\/wp\/v2\/posts\/7948\/revisions\/7951"}],"wp:featuredmedia":[{"embeddable":true,"href":"https:\/\/agora.xtec.cat\/ceip-ignasiiglesias-cornella\/wp-json\/wp\/v2\/media\/7109"}],"wp:attachment":[{"href":"https:\/\/agora.xtec.cat\/ceip-ignasiiglesias-cornella\/wp-json\/wp\/v2\/media?parent=7948"}],"wp:term":[{"taxonomy":"category","embeddable":true,"href":"https:\/\/agora.xtec.cat\/ceip-ignasiiglesias-cornella\/wp-json\/wp\/v2\/categories?post=7948"},{"taxonomy":"post_tag","embeddable":true,"href":"https:\/\/agora.xtec.cat\/ceip-ignasiiglesias-cornella\/wp-json\/wp\/v2\/tags?post=7948"}],"curies":[{"name":"wp","href":"https:\/\/api.w.org\/{rel}","templated":true}]}}