{"id":7918,"date":"2025-11-22T09:00:38","date_gmt":"2025-11-22T08:00:38","guid":{"rendered":"https:\/\/agora.xtec.cat\/ceip-ignasiiglesias-cornella\/?p=7918"},"modified":"2025-11-30T17:53:23","modified_gmt":"2025-11-30T16:53:23","slug":"santa-cecilia-2025","status":"publish","type":"post","link":"https:\/\/agora.xtec.cat\/ceip-ignasiiglesias-cornella\/general\/santa-cecilia-2025\/","title":{"rendered":"Santa Cec\u00edlia 2025"},"content":{"rendered":"<p data-pm-slice=\"1 1 []\">El dia 22 de novembre \u00e9s el dia de Santa Cec\u00edlia, patrona de la m\u00fasica. A la nostra escola creiem que la<strong>\u00a0m\u00fasica<\/strong> t\u00e9 un paper crucial en el\u00a0<strong>desenvolupament<\/strong>\u00a0social i\u00a0<strong>emocional dels<\/strong> infants. Aix\u00ed que per a celebrar aquest dia assenyalat, durant tota la setmana hem fet petits concerts a c\u00e0rrec d&#8217;alguns dels familiars de l&#8217;escola, i tamb\u00e9 per l&#8217;alumnat expert que est\u00e0 aprenent a tocar algun instrument a l&#8217;escola de m\u00fasica o b\u00e9 de manera autodid\u00e0ctica.<\/p>\n<p><span style=\"font-family: inherit; font-size: 1em;\">Moltes gr\u00e0cies per mostrar-nos el vostre talent. Ha estat tot un plaer poder escoltar la vostra m\u00fasica!<\/span><\/p>\n<p>Per veure fotos i v\u00eddeos de les actuacion accediu a la <a href=\"https:\/\/agora.xtec.cat\/ceip-ignasiiglesias-cornella\/galeria-dimatges\/\">galeria d&#8217;imatges<\/a>.<\/p>\n","protected":false},"excerpt":{"rendered":"<p>El dia 22 de novembre \u00e9s el dia de Santa Cec\u00edlia, patrona de la m\u00fasica. A la nostra escola creiem que la\u00a0m\u00fasica t\u00e9 un paper crucial en el\u00a0desenvolupament\u00a0social i\u00a0emocional dels infants. Aix\u00ed que per a celebrar aquest dia assenyalat, durant tota la setmana hem fet&hellip;  <a href=\"https:\/\/agora.xtec.cat\/ceip-ignasiiglesias-cornella\/general\/santa-cecilia-2025\/\" title=\"Read Santa Cec\u00edlia 2025\">Llegeix m\u00e9s\u00bb<\/a><\/p>\n","protected":false},"author":4,"featured_media":6731,"comment_status":"open","ping_status":"open","sticky":false,"template":"","format":"standard","meta":{"_bbp_topic_count":0,"_bbp_reply_count":0,"_bbp_total_topic_count":0,"_bbp_total_reply_count":0,"_bbp_voice_count":0,"_bbp_anonymous_reply_count":0,"_bbp_topic_count_hidden":0,"_bbp_reply_count_hidden":0,"_bbp_forum_subforum_count":0,"footnotes":""},"categories":[1,4],"tags":[1005],"class_list":["post-7918","post","type-post","status-publish","format-standard","has-post-thumbnail","hentry","category-general","category-portada","tag-santa-cecilia"],"post_mailing_queue_ids":[],"_links":{"self":[{"href":"https:\/\/agora.xtec.cat\/ceip-ignasiiglesias-cornella\/wp-json\/wp\/v2\/posts\/7918","targetHints":{"allow":["GET"]}}],"collection":[{"href":"https:\/\/agora.xtec.cat\/ceip-ignasiiglesias-cornella\/wp-json\/wp\/v2\/posts"}],"about":[{"href":"https:\/\/agora.xtec.cat\/ceip-ignasiiglesias-cornella\/wp-json\/wp\/v2\/types\/post"}],"author":[{"embeddable":true,"href":"https:\/\/agora.xtec.cat\/ceip-ignasiiglesias-cornella\/wp-json\/wp\/v2\/users\/4"}],"replies":[{"embeddable":true,"href":"https:\/\/agora.xtec.cat\/ceip-ignasiiglesias-cornella\/wp-json\/wp\/v2\/comments?post=7918"}],"version-history":[{"count":5,"href":"https:\/\/agora.xtec.cat\/ceip-ignasiiglesias-cornella\/wp-json\/wp\/v2\/posts\/7918\/revisions"}],"predecessor-version":[{"id":7933,"href":"https:\/\/agora.xtec.cat\/ceip-ignasiiglesias-cornella\/wp-json\/wp\/v2\/posts\/7918\/revisions\/7933"}],"wp:featuredmedia":[{"embeddable":true,"href":"https:\/\/agora.xtec.cat\/ceip-ignasiiglesias-cornella\/wp-json\/wp\/v2\/media\/6731"}],"wp:attachment":[{"href":"https:\/\/agora.xtec.cat\/ceip-ignasiiglesias-cornella\/wp-json\/wp\/v2\/media?parent=7918"}],"wp:term":[{"taxonomy":"category","embeddable":true,"href":"https:\/\/agora.xtec.cat\/ceip-ignasiiglesias-cornella\/wp-json\/wp\/v2\/categories?post=7918"},{"taxonomy":"post_tag","embeddable":true,"href":"https:\/\/agora.xtec.cat\/ceip-ignasiiglesias-cornella\/wp-json\/wp\/v2\/tags?post=7918"}],"curies":[{"name":"wp","href":"https:\/\/api.w.org\/{rel}","templated":true}]}}