{"id":7906,"date":"2025-11-30T17:52:57","date_gmt":"2025-11-30T16:52:57","guid":{"rendered":"https:\/\/agora.xtec.cat\/ceip-ignasiiglesias-cornella\/?p=7906"},"modified":"2025-11-30T17:53:44","modified_gmt":"2025-11-30T16:53:44","slug":"20n-dia-internacional-de-la-infancia","status":"publish","type":"post","link":"https:\/\/agora.xtec.cat\/ceip-ignasiiglesias-cornella\/general\/20n-dia-internacional-de-la-infancia\/","title":{"rendered":"20N Dia Internacional de la Inf\u00e0ncia"},"content":{"rendered":"<p>El dia 20 de novembre se celebra el\u00a0<strong>Dia Internacional de la Inf\u00e0ncia<\/strong>, en commemoraci\u00f3 de la<em>\u00a0Declaraci\u00f3 Universal dels Drets dels Infants<\/em> aprovada per l\u2019Organitzaci\u00f3 de les Nacions Unides l\u2019any 1959. Aquesta data commemora un canvi radical en la hist\u00f2ria de la humanitat: el moment en qu\u00e8 vam decidir que els nens i nenes eren <strong>ciutadans de ple dret<\/strong>\u00a0avui i ara.<\/p>\n<p>A l\u2019escola ho celebrem cada curs per recordar que els infants tenen uns drets que cal assegurar.<\/p>\n<p>Aquest curs, l&#8217;activitat que hem dut a terme t\u00e9 relaci\u00f3 amb el dret a l&#8217;educaci\u00f3, el lleure i el joc. Padrins, padrines, fillols i filloles han compartit una tarda de jocs tradicionals i activitats l\u00fadiques a diferents espais del centre: xarranca, pica-paret, xanques, gallineta cega, saltar a la corda, bales, di\u00e0bolos, l&#8217;aranya peluda, activitats amb paracaigudes, etc.<\/p>\n<p>Per veure les imatges accediu a la <a href=\"https:\/\/agora.xtec.cat\/ceip-ignasiiglesias-cornella\/galeria-dimatges\/\">GALERIA<\/a> de fotos.<\/p>\n<p>&nbsp;<\/p>\n<p>&nbsp;<\/p>\n<p>&nbsp;<\/p>\n","protected":false},"excerpt":{"rendered":"<p>El dia 20 de novembre se celebra el\u00a0Dia Internacional de la Inf\u00e0ncia, en commemoraci\u00f3 de la\u00a0Declaraci\u00f3 Universal dels Drets dels Infants aprovada per l\u2019Organitzaci\u00f3 de les Nacions Unides l\u2019any 1959. Aquesta data commemora un canvi radical en la hist\u00f2ria de la humanitat: el moment en&hellip;  <a href=\"https:\/\/agora.xtec.cat\/ceip-ignasiiglesias-cornella\/general\/20n-dia-internacional-de-la-infancia\/\" title=\"Read 20N Dia Internacional de la Inf\u00e0ncia\">Llegeix m\u00e9s\u00bb<\/a><\/p>\n","protected":false},"author":4,"featured_media":7931,"comment_status":"open","ping_status":"open","sticky":false,"template":"","format":"standard","meta":{"_bbp_topic_count":0,"_bbp_reply_count":0,"_bbp_total_topic_count":0,"_bbp_total_reply_count":0,"_bbp_voice_count":0,"_bbp_anonymous_reply_count":0,"_bbp_topic_count_hidden":0,"_bbp_reply_count_hidden":0,"_bbp_forum_subforum_count":0,"footnotes":""},"categories":[1,4],"tags":[836],"class_list":["post-7906","post","type-post","status-publish","format-standard","has-post-thumbnail","hentry","category-general","category-portada","tag-drets-dels-infants"],"post_mailing_queue_ids":[],"_links":{"self":[{"href":"https:\/\/agora.xtec.cat\/ceip-ignasiiglesias-cornella\/wp-json\/wp\/v2\/posts\/7906","targetHints":{"allow":["GET"]}}],"collection":[{"href":"https:\/\/agora.xtec.cat\/ceip-ignasiiglesias-cornella\/wp-json\/wp\/v2\/posts"}],"about":[{"href":"https:\/\/agora.xtec.cat\/ceip-ignasiiglesias-cornella\/wp-json\/wp\/v2\/types\/post"}],"author":[{"embeddable":true,"href":"https:\/\/agora.xtec.cat\/ceip-ignasiiglesias-cornella\/wp-json\/wp\/v2\/users\/4"}],"replies":[{"embeddable":true,"href":"https:\/\/agora.xtec.cat\/ceip-ignasiiglesias-cornella\/wp-json\/wp\/v2\/comments?post=7906"}],"version-history":[{"count":5,"href":"https:\/\/agora.xtec.cat\/ceip-ignasiiglesias-cornella\/wp-json\/wp\/v2\/posts\/7906\/revisions"}],"predecessor-version":[{"id":7934,"href":"https:\/\/agora.xtec.cat\/ceip-ignasiiglesias-cornella\/wp-json\/wp\/v2\/posts\/7906\/revisions\/7934"}],"wp:featuredmedia":[{"embeddable":true,"href":"https:\/\/agora.xtec.cat\/ceip-ignasiiglesias-cornella\/wp-json\/wp\/v2\/media\/7931"}],"wp:attachment":[{"href":"https:\/\/agora.xtec.cat\/ceip-ignasiiglesias-cornella\/wp-json\/wp\/v2\/media?parent=7906"}],"wp:term":[{"taxonomy":"category","embeddable":true,"href":"https:\/\/agora.xtec.cat\/ceip-ignasiiglesias-cornella\/wp-json\/wp\/v2\/categories?post=7906"},{"taxonomy":"post_tag","embeddable":true,"href":"https:\/\/agora.xtec.cat\/ceip-ignasiiglesias-cornella\/wp-json\/wp\/v2\/tags?post=7906"}],"curies":[{"name":"wp","href":"https:\/\/api.w.org\/{rel}","templated":true}]}}