{"id":7903,"date":"2025-11-14T11:35:07","date_gmt":"2025-11-14T10:35:07","guid":{"rendered":"https:\/\/agora.xtec.cat\/ceip-ignasiiglesias-cornella\/?p=7903"},"modified":"2025-11-14T11:40:24","modified_gmt":"2025-11-14T10:40:24","slug":"el-lab-sobre-rodes-a-i3","status":"publish","type":"post","link":"https:\/\/agora.xtec.cat\/ceip-ignasiiglesias-cornella\/general\/el-lab-sobre-rodes-a-i3\/","title":{"rendered":"El LAB sobre rodes a I3"},"content":{"rendered":"<p data-start=\"228\" data-end=\"378\">Aquesta setmana, els infants d&#8217;I3 han rebut la visita del <strong data-start=\"246\" data-end=\"265\">Lab sobre rodes<\/strong> que ens ha portat quatre estructures plenes de possibilitats per jugar, investigar i fer ci\u00e8ncia.<\/p>\n<p data-start=\"380\" data-end=\"526\">Els infants guiats per la seva curiositat, han observat, experimentat i han fet grans descobertes a trav\u00e9s del joc i la investigaci\u00f3 espont\u00e0nia.<\/p>\n<p data-start=\"528\" data-end=\"603\">Ha estat una sessi\u00f3 plena d\u2019emocions, aprenentatges i molta ci\u00e8ncia viva!<\/p>\n<p data-start=\"605\" data-end=\"691\">Gr\u00e0cies<strong data-start=\"605\" data-end=\"633\">, Lab sobre rodes<\/strong>, per portar-nos aquesta experi\u00e8ncia tan inspiradora \ud83d\ude42<\/p>\n<p style=\"text-align: center;\" data-start=\"605\" data-end=\"691\">Cliqueu a la imatge per accedir a la galeria de fotografies de <strong>Sortides i activitats d&#8217;I3<\/strong><a href=\"https:\/\/agora.xtec.cat\/ceip-ignasiiglesias-cornella\/galeria-dimatges\/\"><img loading=\"lazy\" decoding=\"async\" class=\"aligncenter\" src=\"https:\/\/agora.xtec.cat\/ceip-ignasiiglesias-cornella\/wp-content\/uploads\/usu1592\/2022\/11\/imatge-destacada-lab-0-6-1024x768.jpg\" width=\"234\" height=\"175\" \/><\/a><\/p>\n","protected":false},"excerpt":{"rendered":"<p>Aquesta setmana, els infants d&#8217;I3 han rebut la visita del Lab sobre rodes que ens ha portat quatre estructures plenes de possibilitats per jugar, investigar i fer ci\u00e8ncia.<br \/>\nEls infants guiats per la seva curiositat, han observat, experimentat i han fet grans descobertes a trav\u00e9s del&hellip;  <a href=\"https:\/\/agora.xtec.cat\/ceip-ignasiiglesias-cornella\/general\/el-lab-sobre-rodes-a-i3\/\" title=\"Read El LAB sobre rodes a I3\">Llegeix m\u00e9s\u00bb<\/a><\/p>\n","protected":false},"author":65,"featured_media":0,"comment_status":"open","ping_status":"open","sticky":false,"template":"","format":"standard","meta":{"_bbp_topic_count":0,"_bbp_reply_count":0,"_bbp_total_topic_count":0,"_bbp_total_reply_count":0,"_bbp_voice_count":0,"_bbp_anonymous_reply_count":0,"_bbp_topic_count_hidden":0,"_bbp_reply_count_hidden":0,"_bbp_forum_subforum_count":0,"footnotes":""},"categories":[1,2,3,4],"tags":[85,92],"class_list":["post-7903","post","type-post","status-publish","format-standard","hentry","category-general","category-infantil","category-p3","category-portada","tag-infantil","tag-p3"],"post_mailing_queue_ids":[],"_links":{"self":[{"href":"https:\/\/agora.xtec.cat\/ceip-ignasiiglesias-cornella\/wp-json\/wp\/v2\/posts\/7903","targetHints":{"allow":["GET"]}}],"collection":[{"href":"https:\/\/agora.xtec.cat\/ceip-ignasiiglesias-cornella\/wp-json\/wp\/v2\/posts"}],"about":[{"href":"https:\/\/agora.xtec.cat\/ceip-ignasiiglesias-cornella\/wp-json\/wp\/v2\/types\/post"}],"author":[{"embeddable":true,"href":"https:\/\/agora.xtec.cat\/ceip-ignasiiglesias-cornella\/wp-json\/wp\/v2\/users\/65"}],"replies":[{"embeddable":true,"href":"https:\/\/agora.xtec.cat\/ceip-ignasiiglesias-cornella\/wp-json\/wp\/v2\/comments?post=7903"}],"version-history":[{"count":2,"href":"https:\/\/agora.xtec.cat\/ceip-ignasiiglesias-cornella\/wp-json\/wp\/v2\/posts\/7903\/revisions"}],"predecessor-version":[{"id":7905,"href":"https:\/\/agora.xtec.cat\/ceip-ignasiiglesias-cornella\/wp-json\/wp\/v2\/posts\/7903\/revisions\/7905"}],"wp:attachment":[{"href":"https:\/\/agora.xtec.cat\/ceip-ignasiiglesias-cornella\/wp-json\/wp\/v2\/media?parent=7903"}],"wp:term":[{"taxonomy":"category","embeddable":true,"href":"https:\/\/agora.xtec.cat\/ceip-ignasiiglesias-cornella\/wp-json\/wp\/v2\/categories?post=7903"},{"taxonomy":"post_tag","embeddable":true,"href":"https:\/\/agora.xtec.cat\/ceip-ignasiiglesias-cornella\/wp-json\/wp\/v2\/tags?post=7903"}],"curies":[{"name":"wp","href":"https:\/\/api.w.org\/{rel}","templated":true}]}}