{"id":7892,"date":"2025-10-31T16:30:32","date_gmt":"2025-10-31T15:30:32","guid":{"rendered":"https:\/\/agora.xtec.cat\/ceip-ignasiiglesias-cornella\/?p=7892"},"modified":"2025-10-30T13:43:11","modified_gmt":"2025-10-30T12:43:11","slug":"la-castanyada-arriba-a-lignasi-iglesias","status":"publish","type":"post","link":"https:\/\/agora.xtec.cat\/ceip-ignasiiglesias-cornella\/portada\/la-castanyada-arriba-a-lignasi-iglesias\/","title":{"rendered":"La Castanyada arriba a l\u2019Ignasi Iglesias!"},"content":{"rendered":"<p><span style=\"font-weight: 400;\">Aquest curs 2025-2026 hem tornat a celebrar la Castanyada amb moltes activitats relacionades amb la tardor i tamb\u00e9 amb Halloween (treballades des de l\u2019\u00e0rea d\u2019angl\u00e8s).\u00a0<\/span><\/p>\n<p><span style=\"font-weight: 400;\">Durant tota aquesta setmana des de <\/span><b>l\u2019\u00e0rea d\u2019angl\u00e8s<\/b><span style=\"font-weight: 400;\"> hem treballat el Halloween a partir de v\u00eddeos, can\u00e7ons i contes per con\u00e8ixer el vocabulari i la cultura d\u2019aquesta festa.\u00a0<\/span><\/p>\n<p><span style=\"font-weight: 400;\">El <\/span><b>dimarts 28 d\u2019octubre<\/b><span style=\"font-weight: 400;\"> a la tarda, l\u2019alumnat va crear manualitats de tardor, que ara decoren el vest\u00edbul de l\u2019escola i que poden ser visitades per les fam\u00edlies.<\/span><\/p>\n<p><span style=\"font-weight: 400;\">El <\/span><b>dijous 30 d\u2019octubre<\/b><span style=\"font-weight: 400;\"> pel mat\u00ed l\u2019alumnat d\u2019Infantil i de 1r van veure una obra de teatre de la Castanyada.\u00a0<\/span><\/p>\n<p><span style=\"font-weight: 400;\">El <\/span><b>divendres 31 d\u2019octubre<\/b><span style=\"font-weight: 400;\">, els padrins\/es es van reunir amb els seus\/seves fillols\/es per fer activitats\u00a0 sobre la tardor.\u00a0<\/span><\/p>\n<p><span style=\"font-weight: 400;\">Per a les fam\u00edlies que no vau poder veure l\u2019exposici\u00f3, a la <\/span><a href=\"https:\/\/agora.xtec.cat\/ceip-ignasiiglesias-cornella\/galeria-dimatges\/\"><b>GALERIA D\u2019IMATGES<\/b><\/a><span style=\"font-weight: 400;\"> de la web hi trobareu un tast de les manualitats i moltes m\u00e9s fotos de totes les activitats que hem realitzat.<\/span><\/p>\n<p><span style=\"font-weight: 400;\">\u00a0<\/span><\/p>\n","protected":false},"excerpt":{"rendered":"<p>Aquest curs 2025-2026 hem tornat a celebrar la Castanyada amb moltes activitats relacionades amb la tardor i tamb\u00e9 amb Halloween (treballades des de l\u2019\u00e0rea d\u2019angl\u00e8s).\u00a0<br \/>\nDurant tota aquesta setmana des de l\u2019\u00e0rea d\u2019angl\u00e8s hem treballat el Halloween a partir de v\u00eddeos, can\u00e7ons i contes per con\u00e8ixer&hellip;  <a href=\"https:\/\/agora.xtec.cat\/ceip-ignasiiglesias-cornella\/portada\/la-castanyada-arriba-a-lignasi-iglesias\/\" title=\"Read La Castanyada arriba a l\u2019Ignasi Iglesias!\">Llegeix m\u00e9s\u00bb<\/a><\/p>\n","protected":false},"author":94,"featured_media":7897,"comment_status":"open","ping_status":"open","sticky":false,"template":"","format":"standard","meta":{"_bbp_topic_count":0,"_bbp_reply_count":0,"_bbp_total_topic_count":0,"_bbp_total_reply_count":0,"_bbp_voice_count":0,"_bbp_anonymous_reply_count":0,"_bbp_topic_count_hidden":0,"_bbp_reply_count_hidden":0,"_bbp_forum_subforum_count":0,"footnotes":""},"categories":[4],"tags":[75],"class_list":["post-7892","post","type-post","status-publish","format-standard","has-post-thumbnail","hentry","category-portada","tag-castanyada"],"post_mailing_queue_ids":[],"_links":{"self":[{"href":"https:\/\/agora.xtec.cat\/ceip-ignasiiglesias-cornella\/wp-json\/wp\/v2\/posts\/7892","targetHints":{"allow":["GET"]}}],"collection":[{"href":"https:\/\/agora.xtec.cat\/ceip-ignasiiglesias-cornella\/wp-json\/wp\/v2\/posts"}],"about":[{"href":"https:\/\/agora.xtec.cat\/ceip-ignasiiglesias-cornella\/wp-json\/wp\/v2\/types\/post"}],"author":[{"embeddable":true,"href":"https:\/\/agora.xtec.cat\/ceip-ignasiiglesias-cornella\/wp-json\/wp\/v2\/users\/94"}],"replies":[{"embeddable":true,"href":"https:\/\/agora.xtec.cat\/ceip-ignasiiglesias-cornella\/wp-json\/wp\/v2\/comments?post=7892"}],"version-history":[{"count":2,"href":"https:\/\/agora.xtec.cat\/ceip-ignasiiglesias-cornella\/wp-json\/wp\/v2\/posts\/7892\/revisions"}],"predecessor-version":[{"id":7899,"href":"https:\/\/agora.xtec.cat\/ceip-ignasiiglesias-cornella\/wp-json\/wp\/v2\/posts\/7892\/revisions\/7899"}],"wp:featuredmedia":[{"embeddable":true,"href":"https:\/\/agora.xtec.cat\/ceip-ignasiiglesias-cornella\/wp-json\/wp\/v2\/media\/7897"}],"wp:attachment":[{"href":"https:\/\/agora.xtec.cat\/ceip-ignasiiglesias-cornella\/wp-json\/wp\/v2\/media?parent=7892"}],"wp:term":[{"taxonomy":"category","embeddable":true,"href":"https:\/\/agora.xtec.cat\/ceip-ignasiiglesias-cornella\/wp-json\/wp\/v2\/categories?post=7892"},{"taxonomy":"post_tag","embeddable":true,"href":"https:\/\/agora.xtec.cat\/ceip-ignasiiglesias-cornella\/wp-json\/wp\/v2\/tags?post=7892"}],"curies":[{"name":"wp","href":"https:\/\/api.w.org\/{rel}","templated":true}]}}