{"id":7783,"date":"2025-05-07T13:47:26","date_gmt":"2025-05-07T11:47:26","guid":{"rendered":"https:\/\/agora.xtec.cat\/ceip-ignasiiglesias-cornella\/?p=7783"},"modified":"2025-05-09T12:41:49","modified_gmt":"2025-05-09T10:41:49","slug":"sant-jordi-2025","status":"publish","type":"post","link":"https:\/\/agora.xtec.cat\/ceip-ignasiiglesias-cornella\/general\/sant-jordi-2025\/","title":{"rendered":"SANT JORDI 2025"},"content":{"rendered":"<p><span style=\"font-weight: 400;\">A la nostra escola, la Diada de Sant Jordi ha tornat plena de sorpreses i propostes per a tots i totes! Aqu\u00ed us deixem un petit resum de tot el que hem fet a l\u2019escola per celebrar una de les festes m\u00e9s esperades.\u00a0<\/span><\/p>\n<p><b>TALLERS DE SANT JORDI<\/b><\/p>\n<p><span style=\"font-weight: 400;\">Ja s\u2019han convertit en una tradici\u00f3 de la nostra escola, els <\/span><b>Tallers de Sant Jordi<\/b><span style=\"font-weight: 400;\">! Enguany hem tornat a gaudir de diferents propostes l\u00fadiques al pati de l\u2019escola:<\/span><\/p>\n<ul>\n<li style=\"font-weight: 400;\" aria-level=\"1\"><span style=\"font-weight: 400;\">Taller de pinta cares<\/span><\/li>\n<li style=\"font-weight: 400;\" aria-level=\"1\"><span style=\"font-weight: 400;\">Taller de broquetes de fruita<\/span><\/li>\n<li style=\"font-weight: 400;\" aria-level=\"1\"><span style=\"font-weight: 400;\">Taller de mini quadre art\u00edstic<\/span><\/li>\n<li style=\"font-weight: 400;\" aria-level=\"1\"><span style=\"font-weight: 400;\">Taller de jocs esportius<\/span><\/li>\n<li style=\"font-weight: 400;\" aria-level=\"1\"><span style=\"font-weight: 400;\">Taller de creaci\u00f3 d\u2019un punt de llibre<\/span><\/li>\n<li style=\"font-weight: 400;\" aria-level=\"1\"><span style=\"font-weight: 400;\">Karaoke<\/span><\/li>\n<li style=\"font-weight: 400;\" aria-level=\"1\"><span style=\"font-weight: 400;\">Taller de bombolles de sab\u00f3<\/span><\/li>\n<li style=\"font-weight: 400;\" aria-level=\"1\"><span style=\"font-weight: 400;\">Taller de tatuatges de Henna<\/span><\/li>\n<li style=\"font-weight: 400;\" aria-level=\"1\"><span style=\"font-weight: 400;\">Rac\u00f3 de llibres i contes<\/span><\/li>\n<\/ul>\n<p><span style=\"font-weight: 400;\">Va ser un mat\u00ed molt divertit, del que vam gaudit molt! Com cada any, moltes gr\u00e0cies a totes les fam\u00edlies que heu col\u00b7laborat en els tallers. <\/span><b>Som i fem escola<\/b><span style=\"font-weight: 400;\">!<\/span><\/p>\n<p><b>JOCS FLORALS<\/b><\/p>\n<p><span style=\"font-weight: 400;\">Aquest curs hem celebrat els <\/span><b>IX Jocs Florals <\/b><span style=\"font-weight: 400;\">a la nostra escola, els quals han estat adre\u00e7ats a l\u2019alumnat d\u2019educaci\u00f3 infantil i prim\u00e0ria\u00a0 amb la finalitat d\u2019estimular l\u2019expressi\u00f3 escrita de l\u2019alumnat, aprofitant una tradici\u00f3 cultural ben arrelada a Catalunya.<\/span><\/p>\n<p><span style=\"font-weight: 400;\">En el cas d\u2019infantil, els treballs s\u2019han fet en grup. A prim\u00e0ria, les elaboracions han estat individuals i de creaci\u00f3 pr\u00f2pia.<\/span><\/p>\n<p><span style=\"font-weight: 400;\">Les categories han estat:<\/span><\/p>\n<p><b>Cicle infantil:\u00a0<\/b><\/p>\n<ul>\n<li style=\"font-weight: 400;\" aria-level=\"1\"><span style=\"font-weight: 400;\">I3: Creaci\u00f3 d\u2019un conte amb t\u00e8cniques pl\u00e0stiques.<\/span><\/li>\n<li style=\"font-weight: 400;\" aria-level=\"1\"><span style=\"font-weight: 400;\">I4: Acr\u00f2stic del nom de la classe.<\/span><\/li>\n<li style=\"font-weight: 400;\" aria-level=\"1\"><span style=\"font-weight: 400;\">I5: Rimes de primavera i Sant Jordi.<\/span><\/li>\n<\/ul>\n<p><b>Cicle inicial<\/b><\/p>\n<ul>\n<li style=\"font-weight: 400;\" aria-level=\"1\"><span style=\"font-weight: 400;\">Dibuix amb text.\u00a0<\/span><\/li>\n<\/ul>\n<p><b>Cicle mitj\u00e0<\/b><\/p>\n<ul>\n<li style=\"font-weight: 400;\" aria-level=\"1\"><span style=\"font-weight: 400;\">Cal\u00b7ligrama.<\/span><\/li>\n<li style=\"font-weight: 400;\" aria-level=\"1\"><span style=\"font-weight: 400;\">Prosa.<\/span><\/li>\n<\/ul>\n<p><b>Cicle superior<\/b><\/p>\n<ul>\n<li style=\"font-weight: 400;\" aria-level=\"1\"><span style=\"font-weight: 400;\">Poema.<\/span><\/li>\n<\/ul>\n<p><span style=\"font-weight: 400;\">Durant la Jornada de Jocs Florals els infants d\u2019infantil han presentat les seves creacions. I a prim\u00e0ria, cada classe ha mostrat dos treballs creats per alumnes\/as d\u2019aquell mateix grup.<\/span><\/p>\n<p><b>OBRA DE TEATRE DE SANT JORDI<\/b><\/p>\n<p><span style=\"font-weight: 400;\">El dia 29 d\u2019abril l\u2019alumnat d\u2019I5 ha fet un petita cantata de la Llegenda de Sant Jordi per a les seves fam\u00edlies.<\/span><\/p>\n<p><span style=\"font-weight: 400;\">La resta de grups del centre i els infants m\u00e9s grans de l\u2019Escola Bressol \u201cLa Rosa dels Vents\u201d tamb\u00e9 han pogut gaudir d\u2019aquesta fant\u00e0stica actuaci\u00f3.\u00a0<\/span><\/p>\n<p><span style=\"font-weight: 400;\">Artistes d\u2019I5, ha valgut la pena l\u2019esfor\u00e7 i el temps dedicat en preparar aquest s\u00faper espectacle que ha estat tot un \u00e8xit, FELICITATS!!<\/span><\/p>\n<p>Per veure l&#8217;obra accediu a la galeria d&#8217;imatges clicant la foto<\/p>\n<p><a href=\"https:\/\/agora.xtec.cat\/ceip-ignasiiglesias-cornella\/galeria-dimatges\/\"><img loading=\"lazy\" decoding=\"async\" class=\"aligncenter wp-image-7456 size-full\" src=\"https:\/\/agora.xtec.cat\/ceip-ignasiiglesias-cornella\/wp-content\/uploads\/usu1592\/2024\/03\/CapturaSANT-JORDI.png\" alt=\"\" width=\"269\" height=\"177\" \/><\/a><\/p>\n<p><b>RECOMANACI\u00d3 DE CONTES I LLIBRES<\/b><\/p>\n<p><span style=\"font-weight: 400;\">Per incentivar el gust per la lectura, aquest curs continuem amb la din\u00e0mica conte\/llibre a les aules. S\u2019ha convidat a tot l\u2019alumnat a portar el seu conte\/llibre preferit per recomanar-ho a la resta de companys\/es del seu grup. Ha estat una experi\u00e8ncia molt enriquidora per a tot l\u2019alumnat perqu\u00e8 d\u2019aquesta manera poden tamb\u00e9 poden con\u00e8ixer nous llibres a trav\u00e9s de l\u2019experi\u00e8ncia dels propis companys\/es.<\/span><\/p>\n<p style=\"text-align: left;\"><span style=\"font-weight: 400;\">Si voleu veure imatges del ventall de propostes de Sant Jordi, cliqueu la imatge<\/span><\/p>\n<p><a href=\"https:\/\/agora.xtec.cat\/ceip-ignasiiglesias-cornella\/galeria-dimatges\/\"><img loading=\"lazy\" decoding=\"async\" class=\"aligncenter\" src=\"https:\/\/encrypted-tbn0.gstatic.com\/images?q=tbn:ANd9GcSYAYVXtsa8psIH57785DWfYaZPytSjtL-ITfa7e2RXw-c0SSR2YA&amp;s=10&amp;ec=72940545\" alt=\"Esto no es un art\u00edculo sobre Sant Jordi - The Citizen\" width=\"391\" height=\"269\" \/><\/a><\/p>\n","protected":false},"excerpt":{"rendered":"<p>A la nostra escola, la Diada de Sant Jordi ha tornat plena de sorpreses i propostes per a tots i totes! Aqu\u00ed us deixem un petit resum de tot el que hem fet a l\u2019escola per celebrar una de les festes m\u00e9s esperades.\u00a0<br \/>\nTALLERS DE SANT&hellip;  <a href=\"https:\/\/agora.xtec.cat\/ceip-ignasiiglesias-cornella\/general\/sant-jordi-2025\/\" title=\"Read SANT JORDI 2025\">Llegeix m\u00e9s\u00bb<\/a><\/p>\n","protected":false},"author":65,"featured_media":7790,"comment_status":"open","ping_status":"closed","sticky":false,"template":"","format":"standard","meta":{"_bbp_topic_count":0,"_bbp_reply_count":0,"_bbp_total_topic_count":0,"_bbp_total_reply_count":0,"_bbp_voice_count":0,"_bbp_anonymous_reply_count":0,"_bbp_topic_count_hidden":0,"_bbp_reply_count_hidden":0,"_bbp_forum_subforum_count":0,"footnotes":""},"categories":[1,4],"tags":[879,602],"class_list":["post-7783","post","type-post","status-publish","format-standard","has-post-thumbnail","hentry","category-general","category-portada","tag-jocs-florals","tag-sant-jordi"],"post_mailing_queue_ids":[],"_links":{"self":[{"href":"https:\/\/agora.xtec.cat\/ceip-ignasiiglesias-cornella\/wp-json\/wp\/v2\/posts\/7783","targetHints":{"allow":["GET"]}}],"collection":[{"href":"https:\/\/agora.xtec.cat\/ceip-ignasiiglesias-cornella\/wp-json\/wp\/v2\/posts"}],"about":[{"href":"https:\/\/agora.xtec.cat\/ceip-ignasiiglesias-cornella\/wp-json\/wp\/v2\/types\/post"}],"author":[{"embeddable":true,"href":"https:\/\/agora.xtec.cat\/ceip-ignasiiglesias-cornella\/wp-json\/wp\/v2\/users\/65"}],"replies":[{"embeddable":true,"href":"https:\/\/agora.xtec.cat\/ceip-ignasiiglesias-cornella\/wp-json\/wp\/v2\/comments?post=7783"}],"version-history":[{"count":5,"href":"https:\/\/agora.xtec.cat\/ceip-ignasiiglesias-cornella\/wp-json\/wp\/v2\/posts\/7783\/revisions"}],"predecessor-version":[{"id":7796,"href":"https:\/\/agora.xtec.cat\/ceip-ignasiiglesias-cornella\/wp-json\/wp\/v2\/posts\/7783\/revisions\/7796"}],"wp:featuredmedia":[{"embeddable":true,"href":"https:\/\/agora.xtec.cat\/ceip-ignasiiglesias-cornella\/wp-json\/wp\/v2\/media\/7790"}],"wp:attachment":[{"href":"https:\/\/agora.xtec.cat\/ceip-ignasiiglesias-cornella\/wp-json\/wp\/v2\/media?parent=7783"}],"wp:term":[{"taxonomy":"category","embeddable":true,"href":"https:\/\/agora.xtec.cat\/ceip-ignasiiglesias-cornella\/wp-json\/wp\/v2\/categories?post=7783"},{"taxonomy":"post_tag","embeddable":true,"href":"https:\/\/agora.xtec.cat\/ceip-ignasiiglesias-cornella\/wp-json\/wp\/v2\/tags?post=7783"}],"curies":[{"name":"wp","href":"https:\/\/api.w.org\/{rel}","templated":true}]}}