{"id":7774,"date":"2025-04-11T09:00:46","date_gmt":"2025-04-11T07:00:46","guid":{"rendered":"https:\/\/agora.xtec.cat\/ceip-ignasiiglesias-cornella\/?p=7774"},"modified":"2025-05-07T13:49:03","modified_gmt":"2025-05-07T11:49:03","slug":"sant-jordi-a-les-ones-2025","status":"publish","type":"post","link":"https:\/\/agora.xtec.cat\/ceip-ignasiiglesias-cornella\/general\/sant-jordi-a-les-ones-2025\/","title":{"rendered":"SANT JORDI A LES ONES 2025"},"content":{"rendered":"<p>Aquest curs hem participat amb una representaci\u00f3 de l&#8217;alumnat de 4t, de l&#8217;activitat Sant Jordi a les Ones proposada pel CRP.\u00a0 Es tracta de fer recomanacions liter\u00e0ries que serveixin per a despertar la curiositat, l&#8217;inter\u00e8s i les ganes de llegir un llibre.<\/p>\n<p>La lectura ens ofereix l\u2019oportunitat d\u2019entrar dins d\u2019un m\u00f3n que desconeixem o coneixem poc. A partir d\u2019una hist\u00f2ria podem fer aprenentatges nous, connectar amb tem\u00e0tiques que potser no coneix\u00edem o no ens interessaven, enriquir el nostre l\u00e8xic i alhora passar una bona estona.<\/p>\n<p>A continuaci\u00f3 us deixem la nostra recomanaci\u00f3 liter\u00e0ria en format sonor.<\/p>\n<!--[if lt IE 9]><script>document.createElement('audio');<\/script><![endif]-->\n<audio class=\"wp-audio-shortcode\" id=\"audio-7774-1\" preload=\"none\" style=\"width: 100%;\" controls=\"controls\"><source type=\"audio\/mpeg\" src=\"https:\/\/agora.xtec.cat\/ceip-ignasiiglesias-cornella\/wp-content\/uploads\/usu1592\/2025\/04\/a8037966_Lavni_Ignasi-Iglesias.mp3?_=1\" \/><a href=\"https:\/\/agora.xtec.cat\/ceip-ignasiiglesias-cornella\/wp-content\/uploads\/usu1592\/2025\/04\/a8037966_Lavni_Ignasi-Iglesias.mp3\">https:\/\/agora.xtec.cat\/ceip-ignasiiglesias-cornella\/wp-content\/uploads\/usu1592\/2025\/04\/a8037966_Lavni_Ignasi-Iglesias.mp3<\/a><\/audio>\n<p>#canaldereporters #radioreporters #santjordialesones #bescat<\/p>\n","protected":false},"excerpt":{"rendered":"<p>Aquest curs hem participat amb una representaci\u00f3 de l&#8217;alumnat de 4t, de l&#8217;activitat Sant Jordi a les Ones proposada pel CRP.\u00a0 Es tracta de fer recomanacions liter\u00e0ries que serveixin per a despertar la curiositat, l&#8217;inter\u00e8s i les ganes de llegir un llibre.<br \/>\nLa lectura ens ofereix&hellip;  <a href=\"https:\/\/agora.xtec.cat\/ceip-ignasiiglesias-cornella\/general\/sant-jordi-a-les-ones-2025\/\" title=\"Read SANT JORDI A LES ONES 2025\">Llegeix m\u00e9s\u00bb<\/a><\/p>\n","protected":false},"author":4,"featured_media":7776,"comment_status":"open","ping_status":"closed","sticky":false,"template":"","format":"standard","meta":{"_bbp_topic_count":0,"_bbp_reply_count":0,"_bbp_total_topic_count":0,"_bbp_total_reply_count":0,"_bbp_voice_count":0,"_bbp_anonymous_reply_count":0,"_bbp_topic_count_hidden":0,"_bbp_reply_count_hidden":0,"_bbp_forum_subforum_count":0,"footnotes":""},"categories":[1,4],"tags":[1020],"class_list":["post-7774","post","type-post","status-publish","format-standard","has-post-thumbnail","hentry","category-general","category-portada","tag-canaldereporters-radioreporters-santjordialesones-bescat"],"post_mailing_queue_ids":[],"_links":{"self":[{"href":"https:\/\/agora.xtec.cat\/ceip-ignasiiglesias-cornella\/wp-json\/wp\/v2\/posts\/7774","targetHints":{"allow":["GET"]}}],"collection":[{"href":"https:\/\/agora.xtec.cat\/ceip-ignasiiglesias-cornella\/wp-json\/wp\/v2\/posts"}],"about":[{"href":"https:\/\/agora.xtec.cat\/ceip-ignasiiglesias-cornella\/wp-json\/wp\/v2\/types\/post"}],"author":[{"embeddable":true,"href":"https:\/\/agora.xtec.cat\/ceip-ignasiiglesias-cornella\/wp-json\/wp\/v2\/users\/4"}],"replies":[{"embeddable":true,"href":"https:\/\/agora.xtec.cat\/ceip-ignasiiglesias-cornella\/wp-json\/wp\/v2\/comments?post=7774"}],"version-history":[{"count":1,"href":"https:\/\/agora.xtec.cat\/ceip-ignasiiglesias-cornella\/wp-json\/wp\/v2\/posts\/7774\/revisions"}],"predecessor-version":[{"id":7777,"href":"https:\/\/agora.xtec.cat\/ceip-ignasiiglesias-cornella\/wp-json\/wp\/v2\/posts\/7774\/revisions\/7777"}],"wp:featuredmedia":[{"embeddable":true,"href":"https:\/\/agora.xtec.cat\/ceip-ignasiiglesias-cornella\/wp-json\/wp\/v2\/media\/7776"}],"wp:attachment":[{"href":"https:\/\/agora.xtec.cat\/ceip-ignasiiglesias-cornella\/wp-json\/wp\/v2\/media?parent=7774"}],"wp:term":[{"taxonomy":"category","embeddable":true,"href":"https:\/\/agora.xtec.cat\/ceip-ignasiiglesias-cornella\/wp-json\/wp\/v2\/categories?post=7774"},{"taxonomy":"post_tag","embeddable":true,"href":"https:\/\/agora.xtec.cat\/ceip-ignasiiglesias-cornella\/wp-json\/wp\/v2\/tags?post=7774"}],"curies":[{"name":"wp","href":"https:\/\/api.w.org\/{rel}","templated":true}]}}