{"id":7764,"date":"2025-04-09T13:10:05","date_gmt":"2025-04-09T11:10:05","guid":{"rendered":"https:\/\/agora.xtec.cat\/ceip-ignasiiglesias-cornella\/?p=7764"},"modified":"2025-04-09T13:10:05","modified_gmt":"2025-04-09T11:10:05","slug":"la-clika-2","status":"publish","type":"post","link":"https:\/\/agora.xtec.cat\/ceip-ignasiiglesias-cornella\/portada\/la-clika-2\/","title":{"rendered":"LA CLIKA"},"content":{"rendered":"<p data-pm-slice=\"1 1 []\">Un any m\u00e9s els alumnes i les alumnes de 2n de la nostra escola han participat en la cantata de la Clika. El concert s&#8217;ha realitzat a l&#8217;Auditori de Cornell\u00e0 i la sala estava plena de gom a gom! Volem donar l&#8217;enhorabona a tots els infants que s&#8217;han esfor\u00e7at molt\u00edssim a aprendre les can\u00e7ons i coreografies de l&#8217;espectacle. El resultat ha estat impressionant, per\u00f2 les mestres de l&#8217;escola ens sentim agra\u00efdes tamb\u00e9 d&#8217;haver pogut gaudir plegats i plegades de l&#8217;experi\u00e8ncia d&#8217;anar coneixent aquesta Clika durant tot el curs.<\/p>\n<p data-pm-slice=\"1 1 []\">Un fort aplaudiment final per a tots i totes les artistes que tenim a 2n!<\/p>\n<p data-pm-slice=\"1 1 []\">Trobareu les fotos que hem pogut fer als \u00e0lbums de moments d&#8217;aula de cada curs.<\/p>\n<p data-pm-slice=\"1 1 []\"><img loading=\"lazy\" decoding=\"async\" class=\"size-medium wp-image-7765 aligncenter\" src=\"https:\/\/agora.xtec.cat\/ceip-ignasiiglesias-cornella\/wp-content\/uploads\/usu1592\/2025\/04\/PXL_20250408_162407364-226x300.jpg\" alt=\"\" width=\"226\" height=\"300\" srcset=\"https:\/\/agora.xtec.cat\/ceip-ignasiiglesias-cornella\/wp-content\/uploads\/usu1592\/2025\/04\/PXL_20250408_162407364-226x300.jpg 226w, https:\/\/agora.xtec.cat\/ceip-ignasiiglesias-cornella\/wp-content\/uploads\/usu1592\/2025\/04\/PXL_20250408_162407364-771x1024.jpg 771w, https:\/\/agora.xtec.cat\/ceip-ignasiiglesias-cornella\/wp-content\/uploads\/usu1592\/2025\/04\/PXL_20250408_162407364-768x1020.jpg 768w, https:\/\/agora.xtec.cat\/ceip-ignasiiglesias-cornella\/wp-content\/uploads\/usu1592\/2025\/04\/PXL_20250408_162407364-1157x1536.jpg 1157w, https:\/\/agora.xtec.cat\/ceip-ignasiiglesias-cornella\/wp-content\/uploads\/usu1592\/2025\/04\/PXL_20250408_162407364-1542x2048.jpg 1542w, https:\/\/agora.xtec.cat\/ceip-ignasiiglesias-cornella\/wp-content\/uploads\/usu1592\/2025\/04\/PXL_20250408_162407364-scaled.jpg 1928w\" sizes=\"auto, (max-width: 226px) 100vw, 226px\" \/><\/p>\n","protected":false},"excerpt":{"rendered":"<p>Un any m\u00e9s els alumnes i les alumnes de 2n de la nostra escola han participat en la cantata de la Clika. El concert s&#8217;ha realitzat a l&#8217;Auditori de Cornell\u00e0 i la sala estava plena de gom a gom! Volem donar l&#8217;enhorabona a tots els&hellip;  <a href=\"https:\/\/agora.xtec.cat\/ceip-ignasiiglesias-cornella\/portada\/la-clika-2\/\" title=\"Read LA CLIKA\">Llegeix m\u00e9s\u00bb<\/a><\/p>\n","protected":false},"author":4,"featured_media":7765,"comment_status":"open","ping_status":"closed","sticky":false,"template":"","format":"standard","meta":{"_bbp_topic_count":0,"_bbp_reply_count":0,"_bbp_total_topic_count":0,"_bbp_total_reply_count":0,"_bbp_voice_count":0,"_bbp_anonymous_reply_count":0,"_bbp_topic_count_hidden":0,"_bbp_reply_count_hidden":0,"_bbp_forum_subforum_count":0,"footnotes":""},"categories":[72,4],"tags":[1015],"class_list":["post-7764","post","type-post","status-publish","format-standard","has-post-thumbnail","hentry","category-musica","category-portada","tag-clika"],"post_mailing_queue_ids":[],"_links":{"self":[{"href":"https:\/\/agora.xtec.cat\/ceip-ignasiiglesias-cornella\/wp-json\/wp\/v2\/posts\/7764","targetHints":{"allow":["GET"]}}],"collection":[{"href":"https:\/\/agora.xtec.cat\/ceip-ignasiiglesias-cornella\/wp-json\/wp\/v2\/posts"}],"about":[{"href":"https:\/\/agora.xtec.cat\/ceip-ignasiiglesias-cornella\/wp-json\/wp\/v2\/types\/post"}],"author":[{"embeddable":true,"href":"https:\/\/agora.xtec.cat\/ceip-ignasiiglesias-cornella\/wp-json\/wp\/v2\/users\/4"}],"replies":[{"embeddable":true,"href":"https:\/\/agora.xtec.cat\/ceip-ignasiiglesias-cornella\/wp-json\/wp\/v2\/comments?post=7764"}],"version-history":[{"count":1,"href":"https:\/\/agora.xtec.cat\/ceip-ignasiiglesias-cornella\/wp-json\/wp\/v2\/posts\/7764\/revisions"}],"predecessor-version":[{"id":7766,"href":"https:\/\/agora.xtec.cat\/ceip-ignasiiglesias-cornella\/wp-json\/wp\/v2\/posts\/7764\/revisions\/7766"}],"wp:featuredmedia":[{"embeddable":true,"href":"https:\/\/agora.xtec.cat\/ceip-ignasiiglesias-cornella\/wp-json\/wp\/v2\/media\/7765"}],"wp:attachment":[{"href":"https:\/\/agora.xtec.cat\/ceip-ignasiiglesias-cornella\/wp-json\/wp\/v2\/media?parent=7764"}],"wp:term":[{"taxonomy":"category","embeddable":true,"href":"https:\/\/agora.xtec.cat\/ceip-ignasiiglesias-cornella\/wp-json\/wp\/v2\/categories?post=7764"},{"taxonomy":"post_tag","embeddable":true,"href":"https:\/\/agora.xtec.cat\/ceip-ignasiiglesias-cornella\/wp-json\/wp\/v2\/tags?post=7764"}],"curies":[{"name":"wp","href":"https:\/\/api.w.org\/{rel}","templated":true}]}}