{"id":7745,"date":"2025-03-19T09:00:24","date_gmt":"2025-03-19T08:00:24","guid":{"rendered":"https:\/\/agora.xtec.cat\/ceip-ignasiiglesias-cornella\/?p=7745"},"modified":"2025-03-17T13:45:16","modified_gmt":"2025-03-17T12:45:16","slug":"colonies-2024-2025la-carral","status":"publish","type":"post","link":"https:\/\/agora.xtec.cat\/ceip-ignasiiglesias-cornella\/portada\/colonies-2024-2025la-carral\/","title":{"rendered":"Col\u00f2nies 2024-2025(La Carral)"},"content":{"rendered":"<p>Per fi han arribat les esperades col\u00f2nies, tenim moltes ganes de gaudir i passar-ho b\u00e9!<\/p>\n<p>L\u2019alumnat de I5, 2n i 4t comen\u00e7a avui la seva aventura.<\/p>\n<p>Durant aquests dies anirem pujant fotos de les diferents activitats que vagin realitzant.<\/p>\n<p>Us convidem a gaudir de les fotos clicant\u00a0 a sobre del\u00a0 curs dels vostres fills i\/o filles.<\/p>\n<p style=\"text-align: center;\">CLIQUEU LA IMATGE PER ACCEDIR A LA <a href=\"https:\/\/agora.xtec.cat\/ceip-ignasiiglesias-cornella\/galeria-dimatges\/\">GALERIA DE FOTOS<\/a>.<a href=\"https:\/\/agora.xtec.cat\/ceip-ignasiiglesias-cornella\/galeria-dimatges\/\"><img loading=\"lazy\" decoding=\"async\" class=\"aligncenter wp-image-7462\" src=\"https:\/\/agora.xtec.cat\/ceip-ignasiiglesias-cornella\/wp-content\/uploads\/usu1592\/2024\/03\/colonies-4t-300x278.png\" alt=\"\" width=\"228\" height=\"211\" srcset=\"https:\/\/agora.xtec.cat\/ceip-ignasiiglesias-cornella\/wp-content\/uploads\/usu1592\/2024\/03\/colonies-4t-300x278.png 300w, https:\/\/agora.xtec.cat\/ceip-ignasiiglesias-cornella\/wp-content\/uploads\/usu1592\/2024\/03\/colonies-4t.png 315w\" sizes=\"auto, (max-width: 228px) 100vw, 228px\" \/><\/a><\/p>\n","protected":false},"excerpt":{"rendered":"<p>Per fi han arribat les esperades col\u00f2nies, tenim moltes ganes de gaudir i passar-ho b\u00e9!<br \/>\nL\u2019alumnat de I5, 2n i 4t comen\u00e7a avui la seva aventura.<br \/>\nDurant aquests dies anirem pujant fotos de les diferents activitats que vagin realitzant.<br \/>\nUs convidem a gaudir de les fotos clicant\u00a0 a&hellip;  <a href=\"https:\/\/agora.xtec.cat\/ceip-ignasiiglesias-cornella\/portada\/colonies-2024-2025la-carral\/\" title=\"Read Col\u00f2nies 2024-2025(La Carral)\">Llegeix m\u00e9s\u00bb<\/a><\/p>\n","protected":false},"author":4,"featured_media":7462,"comment_status":"open","ping_status":"closed","sticky":false,"template":"","format":"standard","meta":{"_bbp_topic_count":0,"_bbp_reply_count":0,"_bbp_total_topic_count":0,"_bbp_total_reply_count":0,"_bbp_voice_count":0,"_bbp_anonymous_reply_count":0,"_bbp_topic_count_hidden":0,"_bbp_reply_count_hidden":0,"_bbp_forum_subforum_count":0,"footnotes":""},"categories":[4],"tags":[410],"class_list":["post-7745","post","type-post","status-publish","format-standard","has-post-thumbnail","hentry","category-portada","tag-colonies"],"post_mailing_queue_ids":[],"_links":{"self":[{"href":"https:\/\/agora.xtec.cat\/ceip-ignasiiglesias-cornella\/wp-json\/wp\/v2\/posts\/7745","targetHints":{"allow":["GET"]}}],"collection":[{"href":"https:\/\/agora.xtec.cat\/ceip-ignasiiglesias-cornella\/wp-json\/wp\/v2\/posts"}],"about":[{"href":"https:\/\/agora.xtec.cat\/ceip-ignasiiglesias-cornella\/wp-json\/wp\/v2\/types\/post"}],"author":[{"embeddable":true,"href":"https:\/\/agora.xtec.cat\/ceip-ignasiiglesias-cornella\/wp-json\/wp\/v2\/users\/4"}],"replies":[{"embeddable":true,"href":"https:\/\/agora.xtec.cat\/ceip-ignasiiglesias-cornella\/wp-json\/wp\/v2\/comments?post=7745"}],"version-history":[{"count":2,"href":"https:\/\/agora.xtec.cat\/ceip-ignasiiglesias-cornella\/wp-json\/wp\/v2\/posts\/7745\/revisions"}],"predecessor-version":[{"id":7747,"href":"https:\/\/agora.xtec.cat\/ceip-ignasiiglesias-cornella\/wp-json\/wp\/v2\/posts\/7745\/revisions\/7747"}],"wp:featuredmedia":[{"embeddable":true,"href":"https:\/\/agora.xtec.cat\/ceip-ignasiiglesias-cornella\/wp-json\/wp\/v2\/media\/7462"}],"wp:attachment":[{"href":"https:\/\/agora.xtec.cat\/ceip-ignasiiglesias-cornella\/wp-json\/wp\/v2\/media?parent=7745"}],"wp:term":[{"taxonomy":"category","embeddable":true,"href":"https:\/\/agora.xtec.cat\/ceip-ignasiiglesias-cornella\/wp-json\/wp\/v2\/categories?post=7745"},{"taxonomy":"post_tag","embeddable":true,"href":"https:\/\/agora.xtec.cat\/ceip-ignasiiglesias-cornella\/wp-json\/wp\/v2\/tags?post=7745"}],"curies":[{"name":"wp","href":"https:\/\/api.w.org\/{rel}","templated":true}]}}