{"id":7728,"date":"2025-03-07T09:13:33","date_gmt":"2025-03-07T08:13:33","guid":{"rendered":"https:\/\/agora.xtec.cat\/ceip-ignasiiglesias-cornella\/?p=7728"},"modified":"2025-03-21T09:23:42","modified_gmt":"2025-03-21T08:23:42","slug":"carnaval-2024-25","status":"publish","type":"post","link":"https:\/\/agora.xtec.cat\/ceip-ignasiiglesias-cornella\/general\/carnaval-2024-25\/","title":{"rendered":"CARNAVAL 2024-25"},"content":{"rendered":"<article class=\"w-full text-token-text-primary focus-visible:outline-2 focus-visible:outline-offset-[-4px]\" dir=\"auto\" data-testid=\"conversation-turn-3\" data-scroll-anchor=\"true\">\n<div class=\"text-base my-auto mx-auto py-[18px] px-6\">\n<div class=\"mx-auto flex flex-1 text-base gap-4 md:gap-5 lg:gap-6 md:max-w-3xl\">\n<div class=\"group\/conversation-turn relative flex w-full min-w-0 flex-col agent-turn @xs\/thread:px-0 @sm\/thread:px-1.5 @md\/thread:px-4\">\n<div class=\"flex-col gap-1 md:gap-3\">\n<div class=\"flex max-w-full flex-col flex-grow\">\n<div class=\"min-h-8 text-message relative flex w-full flex-col items-end gap-2 whitespace-normal break-words text-start [.text-message+&amp;]:mt-5\" dir=\"auto\" data-message-author-role=\"assistant\" data-message-id=\"b03c57e8-3167-441c-91e7-db938a6ee7be\" data-message-model-slug=\"gpt-4o-mini\">\n<div class=\"flex w-full flex-col gap-1 empty:hidden first:pt-[3px]\">\n<div class=\"markdown prose w-full break-words dark:prose-invert light\">\n<p data-start=\"0\" data-end=\"705\">A l&#8217;escola Ignasi Igl\u00e9sias hem gaudit molt celebrant una de les festivitats m\u00e9s esperades per tots i totes les alumnes i mestres: el Carnestoltes.<\/p>\n<p data-start=\"0\" data-end=\"705\">La setmana va comen\u00e7ar amb una gran rebuda al rei Carnestoltes, que va arribar a l&#8217;escola amb una gran festa, acompanyat de la lectura del preg\u00f3 que donava el tret de sortida a les celebracions. Cada dia de la setmana va tenir una tem\u00e0tica especial per a les disfresses: des del dilluns, que vam venir a l&#8217;escola tots en pijama, fins al divendres, on tots els alumnes van sortir a la rua mostrant les seves incre\u00efbles creacions inspirades en el m\u00f3n del circ. Petits i grans van gaudir d&#8217;una gran varietat de personatges, malabaristes, pallassos, creant un ambient ple de color i diversi\u00f3.<\/p>\n<p data-start=\"707\" data-end=\"1382\" data-is-last-node=\"\" data-is-only-node=\"\">La celebraci\u00f3 va arribar al seu punt \u00e0lgid amb la lectura del testament del Carnestoltes, un moment emotiu i simb\u00f2lic per a tots els membres de la comunitat escolar. Despr\u00e9s de dies de riures i disfresses, els alumnes van acomiadar el rei Carnestoltes amb una cerim\u00f2nia festiva i divertida. Aquesta activitat va ser l&#8217;\u00faltim acte d&#8217;una setmana plena de diversi\u00f3 i somriures.<\/p>\n<p data-start=\"707\" data-end=\"1382\" data-is-last-node=\"\" data-is-only-node=\"\"><a href=\"https:\/\/agora.xtec.cat\/ceip-ignasiiglesias-cornella\/galeria-dimatges\/\"><img loading=\"lazy\" decoding=\"async\" class=\"aligncenter wp-image-7734 size-medium\" src=\"https:\/\/agora.xtec.cat\/ceip-ignasiiglesias-cornella\/wp-content\/uploads\/usu1592\/2025\/03\/CARNAVAL-2025-240x300.png\" alt=\"\" width=\"240\" height=\"300\" srcset=\"https:\/\/agora.xtec.cat\/ceip-ignasiiglesias-cornella\/wp-content\/uploads\/usu1592\/2025\/03\/CARNAVAL-2025-240x300.png 240w, https:\/\/agora.xtec.cat\/ceip-ignasiiglesias-cornella\/wp-content\/uploads\/usu1592\/2025\/03\/CARNAVAL-2025.png 432w\" sizes=\"auto, (max-width: 240px) 100vw, 240px\" \/><\/a><\/p>\n<\/div>\n<\/div>\n<\/div>\n<\/div>\n<div class=\"mb-2 flex gap-3 -ml-2\" tabindex=\"0\">\n<div class=\"items-center justify-start rounded-xl p-1 flex\">\n<div class=\"flex items-center\"><\/div>\n<\/div>\n<\/div>\n<div class=\"mt-3 w-full empty:hidden\">\n<div class=\"text-center\"><\/div>\n<\/div>\n<\/div>\n<div class=\"absolute\">\n<div class=\"flex items-center justify-center\"><\/div>\n<\/div>\n<\/div>\n<\/div>\n<\/div>\n<\/article>\n<div class=\"pointer-events-none h-px w-px\" aria-hidden=\"true\" data-edge=\"true\"><\/div>\n","protected":false},"excerpt":{"rendered":"<p>A l&#8217;escola Ignasi Igl\u00e9sias hem gaudit molt celebrant una de les festivitats m\u00e9s esperades per tots i totes les alumnes i mestres: el Carnestoltes.<br \/>\nLa setmana va comen\u00e7ar amb una gran rebuda al rei Carnestoltes, que va arribar a l&#8217;escola amb una gran festa, acompanyat de&hellip;  <a href=\"https:\/\/agora.xtec.cat\/ceip-ignasiiglesias-cornella\/general\/carnaval-2024-25\/\" title=\"Read CARNAVAL 2024-25\">Llegeix m\u00e9s\u00bb<\/a><\/p>\n","protected":false},"author":4,"featured_media":7734,"comment_status":"open","ping_status":"closed","sticky":false,"template":"","format":"standard","meta":{"_bbp_topic_count":0,"_bbp_reply_count":0,"_bbp_total_topic_count":0,"_bbp_total_reply_count":0,"_bbp_voice_count":0,"_bbp_anonymous_reply_count":0,"_bbp_topic_count_hidden":0,"_bbp_reply_count_hidden":0,"_bbp_forum_subforum_count":0,"footnotes":""},"categories":[74,1,4],"tags":[61],"class_list":["post-7728","post","type-post","status-publish","format-standard","has-post-thumbnail","hentry","category-festes","category-general","category-portada","tag-carnaval"],"post_mailing_queue_ids":[],"_links":{"self":[{"href":"https:\/\/agora.xtec.cat\/ceip-ignasiiglesias-cornella\/wp-json\/wp\/v2\/posts\/7728","targetHints":{"allow":["GET"]}}],"collection":[{"href":"https:\/\/agora.xtec.cat\/ceip-ignasiiglesias-cornella\/wp-json\/wp\/v2\/posts"}],"about":[{"href":"https:\/\/agora.xtec.cat\/ceip-ignasiiglesias-cornella\/wp-json\/wp\/v2\/types\/post"}],"author":[{"embeddable":true,"href":"https:\/\/agora.xtec.cat\/ceip-ignasiiglesias-cornella\/wp-json\/wp\/v2\/users\/4"}],"replies":[{"embeddable":true,"href":"https:\/\/agora.xtec.cat\/ceip-ignasiiglesias-cornella\/wp-json\/wp\/v2\/comments?post=7728"}],"version-history":[{"count":5,"href":"https:\/\/agora.xtec.cat\/ceip-ignasiiglesias-cornella\/wp-json\/wp\/v2\/posts\/7728\/revisions"}],"predecessor-version":[{"id":7750,"href":"https:\/\/agora.xtec.cat\/ceip-ignasiiglesias-cornella\/wp-json\/wp\/v2\/posts\/7728\/revisions\/7750"}],"wp:featuredmedia":[{"embeddable":true,"href":"https:\/\/agora.xtec.cat\/ceip-ignasiiglesias-cornella\/wp-json\/wp\/v2\/media\/7734"}],"wp:attachment":[{"href":"https:\/\/agora.xtec.cat\/ceip-ignasiiglesias-cornella\/wp-json\/wp\/v2\/media?parent=7728"}],"wp:term":[{"taxonomy":"category","embeddable":true,"href":"https:\/\/agora.xtec.cat\/ceip-ignasiiglesias-cornella\/wp-json\/wp\/v2\/categories?post=7728"},{"taxonomy":"post_tag","embeddable":true,"href":"https:\/\/agora.xtec.cat\/ceip-ignasiiglesias-cornella\/wp-json\/wp\/v2\/tags?post=7728"}],"curies":[{"name":"wp","href":"https:\/\/api.w.org\/{rel}","templated":true}]}}