{"id":7686,"date":"2024-12-03T09:30:59","date_gmt":"2024-12-03T08:30:59","guid":{"rendered":"https:\/\/agora.xtec.cat\/ceip-ignasiiglesias-cornella\/?p=7686"},"modified":"2024-12-03T09:35:55","modified_gmt":"2024-12-03T08:35:55","slug":"santa-cecilia-2","status":"publish","type":"post","link":"https:\/\/agora.xtec.cat\/ceip-ignasiiglesias-cornella\/general\/santa-cecilia-2\/","title":{"rendered":"SANTA CEC\u00cdLIA"},"content":{"rendered":"<p><span style=\"font-weight: 400;\">El passat 22 de novembre va ser Santa Cec\u00edlia, patrona dels m\u00fasics i les m\u00fasiques. Qu\u00e8 n\u2019\u00e9s d\u2019important i necess\u00e0ria la m\u00fasica a la vida! <\/span><span style=\"font-weight: 400;\">Per celebrar aquest dia, a l\u2019Ignasi Iglesias hem rebut la visita d\u2019alguns familiars que toquen un instrument. Molt\u00edssimes gr\u00e0cies per col\u00b7laborar, fam\u00edlies. Ha estat meravell\u00f3s poder gaudir d\u2019aquests petits concerts!<\/span><\/p>\n<p><span style=\"font-weight: 400;\">A m\u00e9s a m\u00e9s, hem pogut presenciar altres petits concerts protagonitzats per l\u2019alumnat que toca un instrument. Moltes gr\u00e0cies per mostrar-nos el vostre talent. \u00c9s tot un plaer poder escoltar la vostra m\u00fasica!<\/span><\/p>\n<p><a href=\"https:\/\/agora.xtec.cat\/ceip-ignasiiglesias-cornella\/wp-content\/uploads\/usu1592\/2024\/12\/SANTA-CECILIA.png\"><img loading=\"lazy\" decoding=\"async\" class=\"wp-image-7687 aligncenter\" src=\"https:\/\/agora.xtec.cat\/ceip-ignasiiglesias-cornella\/wp-content\/uploads\/usu1592\/2024\/12\/SANTA-CECILIA-1024x1024.png\" alt=\"\" width=\"457\" height=\"457\" srcset=\"https:\/\/agora.xtec.cat\/ceip-ignasiiglesias-cornella\/wp-content\/uploads\/usu1592\/2024\/12\/SANTA-CECILIA-1024x1024.png 1024w, https:\/\/agora.xtec.cat\/ceip-ignasiiglesias-cornella\/wp-content\/uploads\/usu1592\/2024\/12\/SANTA-CECILIA-300x300.png 300w, https:\/\/agora.xtec.cat\/ceip-ignasiiglesias-cornella\/wp-content\/uploads\/usu1592\/2024\/12\/SANTA-CECILIA-150x150.png 150w, https:\/\/agora.xtec.cat\/ceip-ignasiiglesias-cornella\/wp-content\/uploads\/usu1592\/2024\/12\/SANTA-CECILIA-768x768.png 768w, https:\/\/agora.xtec.cat\/ceip-ignasiiglesias-cornella\/wp-content\/uploads\/usu1592\/2024\/12\/SANTA-CECILIA.png 1080w\" sizes=\"auto, (max-width: 457px) 100vw, 457px\" \/><\/a><\/p>\n","protected":false},"excerpt":{"rendered":"<p>El passat 22 de novembre va ser Santa Cec\u00edlia, patrona dels m\u00fasics i les m\u00fasiques. Qu\u00e8 n\u2019\u00e9s d\u2019important i necess\u00e0ria la m\u00fasica a la vida! Per celebrar aquest dia, a l\u2019Ignasi Iglesias hem rebut la visita d\u2019alguns familiars que toquen un instrument. Molt\u00edssimes gr\u00e0cies per&hellip;  <a href=\"https:\/\/agora.xtec.cat\/ceip-ignasiiglesias-cornella\/general\/santa-cecilia-2\/\" title=\"Read SANTA CEC\u00cdLIA\">Llegeix m\u00e9s\u00bb<\/a><\/p>\n","protected":false},"author":65,"featured_media":7687,"comment_status":"open","ping_status":"closed","sticky":false,"template":"","format":"standard","meta":{"_bbp_topic_count":0,"_bbp_reply_count":0,"_bbp_total_topic_count":0,"_bbp_total_reply_count":0,"_bbp_voice_count":0,"_bbp_anonymous_reply_count":0,"_bbp_topic_count_hidden":0,"_bbp_reply_count_hidden":0,"_bbp_forum_subforum_count":0,"footnotes":""},"categories":[1,72,4],"tags":[],"class_list":["post-7686","post","type-post","status-publish","format-standard","has-post-thumbnail","hentry","category-general","category-musica","category-portada"],"post_mailing_queue_ids":[],"_links":{"self":[{"href":"https:\/\/agora.xtec.cat\/ceip-ignasiiglesias-cornella\/wp-json\/wp\/v2\/posts\/7686","targetHints":{"allow":["GET"]}}],"collection":[{"href":"https:\/\/agora.xtec.cat\/ceip-ignasiiglesias-cornella\/wp-json\/wp\/v2\/posts"}],"about":[{"href":"https:\/\/agora.xtec.cat\/ceip-ignasiiglesias-cornella\/wp-json\/wp\/v2\/types\/post"}],"author":[{"embeddable":true,"href":"https:\/\/agora.xtec.cat\/ceip-ignasiiglesias-cornella\/wp-json\/wp\/v2\/users\/65"}],"replies":[{"embeddable":true,"href":"https:\/\/agora.xtec.cat\/ceip-ignasiiglesias-cornella\/wp-json\/wp\/v2\/comments?post=7686"}],"version-history":[{"count":3,"href":"https:\/\/agora.xtec.cat\/ceip-ignasiiglesias-cornella\/wp-json\/wp\/v2\/posts\/7686\/revisions"}],"predecessor-version":[{"id":7691,"href":"https:\/\/agora.xtec.cat\/ceip-ignasiiglesias-cornella\/wp-json\/wp\/v2\/posts\/7686\/revisions\/7691"}],"wp:featuredmedia":[{"embeddable":true,"href":"https:\/\/agora.xtec.cat\/ceip-ignasiiglesias-cornella\/wp-json\/wp\/v2\/media\/7687"}],"wp:attachment":[{"href":"https:\/\/agora.xtec.cat\/ceip-ignasiiglesias-cornella\/wp-json\/wp\/v2\/media?parent=7686"}],"wp:term":[{"taxonomy":"category","embeddable":true,"href":"https:\/\/agora.xtec.cat\/ceip-ignasiiglesias-cornella\/wp-json\/wp\/v2\/categories?post=7686"},{"taxonomy":"post_tag","embeddable":true,"href":"https:\/\/agora.xtec.cat\/ceip-ignasiiglesias-cornella\/wp-json\/wp\/v2\/tags?post=7686"}],"curies":[{"name":"wp","href":"https:\/\/api.w.org\/{rel}","templated":true}]}}