{"id":7662,"date":"2024-11-22T12:00:58","date_gmt":"2024-11-22T11:00:58","guid":{"rendered":"https:\/\/agora.xtec.cat\/ceip-ignasiiglesias-cornella\/?p=7662"},"modified":"2024-11-22T12:02:20","modified_gmt":"2024-11-22T11:02:20","slug":"sortida-el-meu-primer-festival-de-cinema","status":"publish","type":"post","link":"https:\/\/agora.xtec.cat\/ceip-ignasiiglesias-cornella\/general\/sortida-el-meu-primer-festival-de-cinema\/","title":{"rendered":"SORTIDA &#8220;EL MEU PRIMER FESTIVAL DE CINEMA&#8221;"},"content":{"rendered":"<p>El passat 19 de novembre, els infants d&#8217;I4 i d&#8217;I5 vam anar a Barcelona, per gaudir de la 17a edici\u00f3 de &#8220;El meu primer Festival de cinema, que es celebra al cinema MOOBY.<\/p>\n<p>La mestra de cerim\u00f2nia del Festival, la Senyora Claqueta, ens va rebre amb un gran somriure a l&#8217;entrada del cinema. All\u00e0 vam poder gaudir de sis curtmetratges de tem\u00e0tica diversa. Nosaltres vam poder donar la nostra opini\u00f3 de cadascun d&#8217;aquests, a trav\u00e9s de les nostres &#8220;<em>piruletes de les votacions<\/em>&#8221; elaborades a l&#8217;aula. I com vam valorar cada curtmetratge?:<\/p>\n<ul>\n<li>Si el curt ens va agradar, hav\u00edem de mostrar a la senyora Claqueta, la banda verda de la piruleta.<\/li>\n<li>En canvi, si el curt no es va agradar tant, hav\u00edem de mostrar-li la banda vermella de la piruleta.<\/li>\n<\/ul>\n<p>D&#8217;entre tots els curtmetratges, el millor valorat per tots els &#8220;petits&#8221; espectadors\/es va ser &#8220;<em>La fleca d&#8217;en Boris<\/em>&#8220;, un curtmetratge carregat de valors, com l&#8217;amistat i el treball en equip.<\/p>\n<p>Se&#8217;ns dubte va ser un mat\u00ed fant\u00e0stic gaudint d&#8217;aquest esdeveniment!<\/p>\n<p>Clicant al les claquetes, podreu veure les fotografies de la sortida.<\/p>\n<p><a href=\"https:\/\/agora.xtec.cat\/ceip-ignasiiglesias-cornella\/galeria-dimatges\/\"><img loading=\"lazy\" decoding=\"async\" class=\"wp-image-7669 aligncenter\" src=\"https:\/\/agora.xtec.cat\/ceip-ignasiiglesias-cornella\/wp-content\/uploads\/usu1592\/2024\/11\/claqueta-1024x724.jpg\" alt=\"\" width=\"204\" height=\"144\" srcset=\"https:\/\/agora.xtec.cat\/ceip-ignasiiglesias-cornella\/wp-content\/uploads\/usu1592\/2024\/11\/claqueta-1024x724.jpg 1024w, https:\/\/agora.xtec.cat\/ceip-ignasiiglesias-cornella\/wp-content\/uploads\/usu1592\/2024\/11\/claqueta-300x212.jpg 300w, https:\/\/agora.xtec.cat\/ceip-ignasiiglesias-cornella\/wp-content\/uploads\/usu1592\/2024\/11\/claqueta-768x543.jpg 768w, https:\/\/agora.xtec.cat\/ceip-ignasiiglesias-cornella\/wp-content\/uploads\/usu1592\/2024\/11\/claqueta-1536x1086.jpg 1536w, https:\/\/agora.xtec.cat\/ceip-ignasiiglesias-cornella\/wp-content\/uploads\/usu1592\/2024\/11\/claqueta.jpg 2000w\" sizes=\"auto, (max-width: 204px) 100vw, 204px\" \/><\/a><\/p>\n<p>&nbsp;<\/p>\n","protected":false},"excerpt":{"rendered":"<p>El passat 19 de novembre, els infants d&#8217;I4 i d&#8217;I5 vam anar a Barcelona, per gaudir de la 17a edici\u00f3 de &#8220;El meu primer Festival de cinema, que es celebra al cinema MOOBY.<br \/>\nLa mestra de cerim\u00f2nia del Festival, la Senyora Claqueta, ens va rebre amb&hellip;  <a href=\"https:\/\/agora.xtec.cat\/ceip-ignasiiglesias-cornella\/general\/sortida-el-meu-primer-festival-de-cinema\/\" title=\"Read SORTIDA &#8220;EL MEU PRIMER FESTIVAL DE CINEMA&#8221;\">Llegeix m\u00e9s\u00bb<\/a><\/p>\n","protected":false},"author":65,"featured_media":7665,"comment_status":"open","ping_status":"closed","sticky":false,"template":"","format":"standard","meta":{"_bbp_topic_count":0,"_bbp_reply_count":0,"_bbp_total_topic_count":0,"_bbp_total_reply_count":0,"_bbp_voice_count":0,"_bbp_anonymous_reply_count":0,"_bbp_topic_count_hidden":0,"_bbp_reply_count_hidden":0,"_bbp_forum_subforum_count":0,"footnotes":""},"categories":[1,2,4],"tags":[],"class_list":["post-7662","post","type-post","status-publish","format-standard","has-post-thumbnail","hentry","category-general","category-infantil","category-portada"],"post_mailing_queue_ids":[],"_links":{"self":[{"href":"https:\/\/agora.xtec.cat\/ceip-ignasiiglesias-cornella\/wp-json\/wp\/v2\/posts\/7662","targetHints":{"allow":["GET"]}}],"collection":[{"href":"https:\/\/agora.xtec.cat\/ceip-ignasiiglesias-cornella\/wp-json\/wp\/v2\/posts"}],"about":[{"href":"https:\/\/agora.xtec.cat\/ceip-ignasiiglesias-cornella\/wp-json\/wp\/v2\/types\/post"}],"author":[{"embeddable":true,"href":"https:\/\/agora.xtec.cat\/ceip-ignasiiglesias-cornella\/wp-json\/wp\/v2\/users\/65"}],"replies":[{"embeddable":true,"href":"https:\/\/agora.xtec.cat\/ceip-ignasiiglesias-cornella\/wp-json\/wp\/v2\/comments?post=7662"}],"version-history":[{"count":5,"href":"https:\/\/agora.xtec.cat\/ceip-ignasiiglesias-cornella\/wp-json\/wp\/v2\/posts\/7662\/revisions"}],"predecessor-version":[{"id":7671,"href":"https:\/\/agora.xtec.cat\/ceip-ignasiiglesias-cornella\/wp-json\/wp\/v2\/posts\/7662\/revisions\/7671"}],"wp:featuredmedia":[{"embeddable":true,"href":"https:\/\/agora.xtec.cat\/ceip-ignasiiglesias-cornella\/wp-json\/wp\/v2\/media\/7665"}],"wp:attachment":[{"href":"https:\/\/agora.xtec.cat\/ceip-ignasiiglesias-cornella\/wp-json\/wp\/v2\/media?parent=7662"}],"wp:term":[{"taxonomy":"category","embeddable":true,"href":"https:\/\/agora.xtec.cat\/ceip-ignasiiglesias-cornella\/wp-json\/wp\/v2\/categories?post=7662"},{"taxonomy":"post_tag","embeddable":true,"href":"https:\/\/agora.xtec.cat\/ceip-ignasiiglesias-cornella\/wp-json\/wp\/v2\/tags?post=7662"}],"curies":[{"name":"wp","href":"https:\/\/api.w.org\/{rel}","templated":true}]}}