{"id":7635,"date":"2024-11-12T16:29:43","date_gmt":"2024-11-12T15:29:43","guid":{"rendered":"https:\/\/agora.xtec.cat\/ceip-ignasiiglesias-cornella\/?p=7635"},"modified":"2024-11-13T22:28:09","modified_gmt":"2024-11-13T21:28:09","slug":"castanyada-2024","status":"publish","type":"post","link":"https:\/\/agora.xtec.cat\/ceip-ignasiiglesias-cornella\/portada\/castanyada-2024\/","title":{"rendered":"CASTANYADA 2024"},"content":{"rendered":"<p><span style=\"font-weight: 400;\">Un any m\u00e9s celebrem la Castanyada a l&#8217;Ignasi Iglesias! La setmana de la Castanyada ha estat plena d&#8217;activitats relacionades amb la tardor i tamb\u00e9 amb la festa de Halloween, treballada des de l&#8217;\u00e0rea d&#8217;angl\u00e8s.<\/span><\/p>\n<p><span style=\"font-weight: 400;\">El dijous 24 d&#8217;octubre per la tarda, tots els infants van realitzar una manualitat relacionada amb la tardor. Amb aquestes manualitats s\u2019ha fet una exposici\u00f3 al vest\u00edbul de l\u2019escola,\u00a0 oberta a les fam\u00edlies.<\/span><\/p>\n<p><span style=\"font-weight: 400;\">\u00a0<\/span><span style=\"font-weight: 400;\">El dilluns 28 d&#8217;octubre, els grups de padrins i fillols van fer conjuntament uns murals preciosos relacionats amb la tem\u00e0tica de Halloween. Aquests murals tamb\u00e9 s\u2019han penjat al vest\u00edbul de l\u2019escola.<\/span><\/p>\n<p><span style=\"font-weight: 400;\">\u00a0<\/span><span style=\"font-weight: 400;\">Per culminar la tradicional festa de la Castanyada, ell dijous 31 d&#8217;octubre pel mat\u00ed, la Castanyera va visitar l&#8217;alumnat de cicle infantil i 1r. A m\u00e9s a m\u00e9s, per la tarda, ens van tornar a trobar els grups de padrins i fillols per fer una activitat de tardor conjunta.\u00a0<\/span><\/p>\n<p><span style=\"font-weight: 400;\">Per a les fam\u00edlies que no vau poder assistir a l&#8217;exposici\u00f3 de manualitats de tardor, \u00a0a la<a href=\"https:\/\/agora.xtec.cat\/ceip-ignasiiglesias-cornella\/galeria-dimatges\/\"> GALERIA d&#8217;IMATGES<\/a> de la web, en teniu un petit tastet.\u00a0 A m\u00e9s a m\u00e9s, all\u00e0 hi trobareu m\u00e9s fotografies de les diferents activitats que s&#8217;han realitzat.\u00a0<\/span><\/p>\n<p>&nbsp;<\/p>\n<p>&nbsp;<\/p>\n","protected":false},"excerpt":{"rendered":"<p>Un any m\u00e9s celebrem la Castanyada a l&#8217;Ignasi Iglesias! La setmana de la Castanyada ha estat plena d&#8217;activitats relacionades amb la tardor i tamb\u00e9 amb la festa de Halloween, treballada des de l&#8217;\u00e0rea d&#8217;angl\u00e8s.<br \/>\nEl dijous 24 d&#8217;octubre per la tarda, tots els infants van realitzar&hellip;  <a href=\"https:\/\/agora.xtec.cat\/ceip-ignasiiglesias-cornella\/portada\/castanyada-2024\/\" title=\"Read CASTANYADA 2024\">Llegeix m\u00e9s\u00bb<\/a><\/p>\n","protected":false},"author":4,"featured_media":7638,"comment_status":"open","ping_status":"closed","sticky":false,"template":"","format":"standard","meta":{"_bbp_topic_count":0,"_bbp_reply_count":0,"_bbp_total_topic_count":0,"_bbp_total_reply_count":0,"_bbp_voice_count":0,"_bbp_anonymous_reply_count":0,"_bbp_topic_count_hidden":0,"_bbp_reply_count_hidden":0,"_bbp_forum_subforum_count":0,"footnotes":""},"categories":[4],"tags":[75,678],"class_list":["post-7635","post","type-post","status-publish","format-standard","has-post-thumbnail","hentry","category-portada","tag-castanyada","tag-halloween"],"post_mailing_queue_ids":[],"_links":{"self":[{"href":"https:\/\/agora.xtec.cat\/ceip-ignasiiglesias-cornella\/wp-json\/wp\/v2\/posts\/7635","targetHints":{"allow":["GET"]}}],"collection":[{"href":"https:\/\/agora.xtec.cat\/ceip-ignasiiglesias-cornella\/wp-json\/wp\/v2\/posts"}],"about":[{"href":"https:\/\/agora.xtec.cat\/ceip-ignasiiglesias-cornella\/wp-json\/wp\/v2\/types\/post"}],"author":[{"embeddable":true,"href":"https:\/\/agora.xtec.cat\/ceip-ignasiiglesias-cornella\/wp-json\/wp\/v2\/users\/4"}],"replies":[{"embeddable":true,"href":"https:\/\/agora.xtec.cat\/ceip-ignasiiglesias-cornella\/wp-json\/wp\/v2\/comments?post=7635"}],"version-history":[{"count":5,"href":"https:\/\/agora.xtec.cat\/ceip-ignasiiglesias-cornella\/wp-json\/wp\/v2\/posts\/7635\/revisions"}],"predecessor-version":[{"id":7646,"href":"https:\/\/agora.xtec.cat\/ceip-ignasiiglesias-cornella\/wp-json\/wp\/v2\/posts\/7635\/revisions\/7646"}],"wp:featuredmedia":[{"embeddable":true,"href":"https:\/\/agora.xtec.cat\/ceip-ignasiiglesias-cornella\/wp-json\/wp\/v2\/media\/7638"}],"wp:attachment":[{"href":"https:\/\/agora.xtec.cat\/ceip-ignasiiglesias-cornella\/wp-json\/wp\/v2\/media?parent=7635"}],"wp:term":[{"taxonomy":"category","embeddable":true,"href":"https:\/\/agora.xtec.cat\/ceip-ignasiiglesias-cornella\/wp-json\/wp\/v2\/categories?post=7635"},{"taxonomy":"post_tag","embeddable":true,"href":"https:\/\/agora.xtec.cat\/ceip-ignasiiglesias-cornella\/wp-json\/wp\/v2\/tags?post=7635"}],"curies":[{"name":"wp","href":"https:\/\/api.w.org\/{rel}","templated":true}]}}