{"id":7532,"date":"2024-06-18T09:00:39","date_gmt":"2024-06-18T07:00:39","guid":{"rendered":"https:\/\/agora.xtec.cat\/ceip-ignasiiglesias-cornella\/?p=7532"},"modified":"2024-06-18T11:36:54","modified_gmt":"2024-06-18T09:36:54","slug":"colonies-2024-la-carral-6e","status":"publish","type":"post","link":"https:\/\/agora.xtec.cat\/ceip-ignasiiglesias-cornella\/general\/colonies-2024-la-carral-6e\/","title":{"rendered":"Col\u00f2nies 2024 &#8211; La Carral 6\u00e8"},"content":{"rendered":"<p>Per fi han arribat les esperades col\u00f2nies, tenim moltes ganes de gaudir i passar-ho b\u00e9!<\/p>\n<p>L\u2019alumnat de 6\u00e8 comen\u00e7a avui la seva aventura.<\/p>\n<p>Durant aquests dies anirem pujant fotos de les diferents activitats que vagin realitzant.<\/p>\n<p>Us convidem a gaudir de les fotos clicant\u00a0 a sobre del\u00a0 curs dels vostres fills i\/o filles.<\/p>\n<p style=\"text-align: center;\"><a href=\"https:\/\/agora.xtec.cat\/ceip-ignasiiglesias-cornella\/galeria-dimatges\/\"><img loading=\"lazy\" decoding=\"async\" class=\"size-full wp-image-7458 aligncenter\" src=\"https:\/\/agora.xtec.cat\/ceip-ignasiiglesias-cornella\/wp-content\/uploads\/usu1592\/2024\/03\/Captura-1.png\" alt=\"\" width=\"177\" height=\"163\" \/><\/a><em>Clica per accedir a la galeria d&#8217;imatges<\/em><\/p>\n","protected":false},"excerpt":{"rendered":"<p>Per fi han arribat les esperades col\u00f2nies, tenim moltes ganes de gaudir i passar-ho b\u00e9!<br \/>\nL\u2019alumnat de 6\u00e8 comen\u00e7a avui la seva aventura.<br \/>\nDurant aquests dies anirem pujant fotos de les diferents activitats que vagin realitzant.<br \/>\nUs convidem a gaudir de les fotos clicant\u00a0 a sobre del\u00a0 curs&hellip;  <a href=\"https:\/\/agora.xtec.cat\/ceip-ignasiiglesias-cornella\/general\/colonies-2024-la-carral-6e\/\" title=\"Read Col\u00f2nies 2024 &#8211; La Carral 6\u00e8\">Llegeix m\u00e9s\u00bb<\/a><\/p>\n","protected":false},"author":4,"featured_media":7458,"comment_status":"open","ping_status":"closed","sticky":false,"template":"","format":"standard","meta":{"_bbp_topic_count":0,"_bbp_reply_count":0,"_bbp_total_topic_count":0,"_bbp_total_reply_count":0,"_bbp_voice_count":0,"_bbp_anonymous_reply_count":0,"_bbp_topic_count_hidden":0,"_bbp_reply_count_hidden":0,"_bbp_forum_subforum_count":0,"footnotes":""},"categories":[1,4],"tags":[],"class_list":["post-7532","post","type-post","status-publish","format-standard","has-post-thumbnail","hentry","category-general","category-portada"],"post_mailing_queue_ids":[],"_links":{"self":[{"href":"https:\/\/agora.xtec.cat\/ceip-ignasiiglesias-cornella\/wp-json\/wp\/v2\/posts\/7532","targetHints":{"allow":["GET"]}}],"collection":[{"href":"https:\/\/agora.xtec.cat\/ceip-ignasiiglesias-cornella\/wp-json\/wp\/v2\/posts"}],"about":[{"href":"https:\/\/agora.xtec.cat\/ceip-ignasiiglesias-cornella\/wp-json\/wp\/v2\/types\/post"}],"author":[{"embeddable":true,"href":"https:\/\/agora.xtec.cat\/ceip-ignasiiglesias-cornella\/wp-json\/wp\/v2\/users\/4"}],"replies":[{"embeddable":true,"href":"https:\/\/agora.xtec.cat\/ceip-ignasiiglesias-cornella\/wp-json\/wp\/v2\/comments?post=7532"}],"version-history":[{"count":3,"href":"https:\/\/agora.xtec.cat\/ceip-ignasiiglesias-cornella\/wp-json\/wp\/v2\/posts\/7532\/revisions"}],"predecessor-version":[{"id":7535,"href":"https:\/\/agora.xtec.cat\/ceip-ignasiiglesias-cornella\/wp-json\/wp\/v2\/posts\/7532\/revisions\/7535"}],"wp:featuredmedia":[{"embeddable":true,"href":"https:\/\/agora.xtec.cat\/ceip-ignasiiglesias-cornella\/wp-json\/wp\/v2\/media\/7458"}],"wp:attachment":[{"href":"https:\/\/agora.xtec.cat\/ceip-ignasiiglesias-cornella\/wp-json\/wp\/v2\/media?parent=7532"}],"wp:term":[{"taxonomy":"category","embeddable":true,"href":"https:\/\/agora.xtec.cat\/ceip-ignasiiglesias-cornella\/wp-json\/wp\/v2\/categories?post=7532"},{"taxonomy":"post_tag","embeddable":true,"href":"https:\/\/agora.xtec.cat\/ceip-ignasiiglesias-cornella\/wp-json\/wp\/v2\/tags?post=7532"}],"curies":[{"name":"wp","href":"https:\/\/api.w.org\/{rel}","templated":true}]}}