{"id":7494,"date":"2024-05-02T14:09:33","date_gmt":"2024-05-02T12:09:33","guid":{"rendered":"https:\/\/agora.xtec.cat\/ceip-ignasiiglesias-cornella\/?p=7494"},"modified":"2024-05-03T10:49:06","modified_gmt":"2024-05-03T08:49:06","slug":"sant-jordi-2024","status":"publish","type":"post","link":"https:\/\/agora.xtec.cat\/ceip-ignasiiglesias-cornella\/general\/sant-jordi-2024\/","title":{"rendered":"SANT JORDI 2024"},"content":{"rendered":"<p>A la nostra escola, la Diada de Sant Jordi ha vingut carregada d&#8217;activitats i propostes!<\/p>\n<p><strong>TALLERS DE SANT JORDI<\/strong><\/p>\n<p>Ja s&#8217;han convertit en una tradici\u00f3 de la nostra escola, els <strong>Tallers de Sant Jordi<\/strong>! Enguany hem tornat a gaudir de diferents propostes l\u00fadiques al pati de l&#8217;escola:<\/p>\n<ul>\n<li>Taller de pinta cares<\/li>\n<li>Taller de broquetes de fruita<\/li>\n<li>Taller d&#8217;elaboraci\u00f3 d&#8217;accessoris<\/li>\n<li>Taller de jocs esportius<\/li>\n<li>Taller de creaci\u00f3 de xapes<\/li>\n<li>Karaoke<\/li>\n<li>Taller de scrapbook<\/li>\n<li>Taller de bombolles de sab\u00f3<\/li>\n<li>Taller de tatuatges de Henna<\/li>\n<li>Rac\u00f3 de llibres i contes<\/li>\n<\/ul>\n<p>Ha estat un mat\u00ed molt entretingut i del que hem gaudit molt! Com cada any, moltes gr\u00e0cies a totes les fam\u00edlies que heu col\u00b7laborat en els tallers. <strong>Som i fem escola<\/strong>!<\/p>\n<p><strong>JOCS FLORALS<\/strong><\/p>\n<p>Aquest curs hem celebrat els <strong>VIII Jocs Florals <\/strong>a la nostra escola, els quals<span style=\"font-weight: 400;\"> han estat adre\u00e7ats a l\u2019alumnat d\u2019educaci\u00f3 infantil i prim\u00e0ria\u00a0 amb la finalitat d\u2019estimular l\u2019expressi\u00f3 escrita de l\u2019alumnat, aprofitant una tradici\u00f3 cultural ben arrelada a Catalunya.<\/span><\/p>\n<p>En el cas d&#8217;infantil, els treballs s&#8217;han fet en grup. A prim\u00e0ria, les elaboracions han estat individuals i de creaci\u00f3 pr\u00f2pia.<\/p>\n<p>Les categories han estat:<\/p>\n<p><b>Cicle infantil<\/b><b>:\u00a0<\/b><\/p>\n<ul>\n<li style=\"font-weight: 400;\" aria-level=\"1\"><span style=\"font-weight: 400;\">I3: Creaci\u00f3 d&#8217;un conte amb t\u00e8cniques pl\u00e0stiques.<\/span><\/li>\n<li style=\"font-weight: 400;\" aria-level=\"1\"><span style=\"font-weight: 400;\">I4: Acr\u00f2stic del nom de la classe.<\/span><\/li>\n<li style=\"font-weight: 400;\" aria-level=\"1\"><span style=\"font-weight: 400;\">I5: Rimes.<\/span><\/li>\n<\/ul>\n<p><b>Cicle inicial<\/b><\/p>\n<ul>\n<li style=\"font-weight: 400;\" aria-level=\"1\"><span style=\"font-weight: 400;\">Dibuix amb text.\u00a0<\/span><\/li>\n<\/ul>\n<p><b>Cicle mitj\u00e0<\/b><\/p>\n<ul>\n<li style=\"font-weight: 400;\" aria-level=\"1\"><span style=\"font-weight: 400;\">Cal\u00b7ligrama.<\/span><\/li>\n<li style=\"font-weight: 400;\" aria-level=\"1\"><span style=\"font-weight: 400;\">Prosa.<\/span><\/li>\n<\/ul>\n<p><b>Cicle superior<\/b><\/p>\n<ul>\n<li style=\"font-weight: 400;\" aria-level=\"1\"><span style=\"font-weight: 400;\">Poema. <\/span><\/li>\n<\/ul>\n<p>Durant la Jornada de Jocs Florals els infants d&#8217;infantil han presentat les seves creacions. I a prim\u00e0ria, cada classe ha mostrat dos t<span style=\"font-family: inherit; font-size: 1em;\">reballs creats per alumnes\/as d&#8217;aquell mateix grup.<\/span><\/p>\n<p>A m\u00e9s a m\u00e9s, un\/a representant de cada aula ha llegit un fragment d\u2019una obra liter\u00e0ria coneguda:<\/p>\n<ul>\n<li>1r A i 1r B: Poema del drac (An\u00f2nim)<\/li>\n<li>2n A: Ja s\u00e9 comptar (Albert Parareda)<\/li>\n<li>2n B: La Rosa (Joana Raspall)<\/li>\n<li>3r A: El drac (Lola Casas)<\/li>\n<li>3r B: El llibre (Joana Raspall)<\/li>\n<li>4t A i 4t B: Fragment de &#8220;Les B\u00e8sties&#8221; (Ramon Llull)<\/li>\n<li>5\u00e9 A i 5\u00e9 B: Podries (Joana Raspall)<\/li>\n<li>6\u00e9 A: M\u2019he estimat molt la vida (Vicent Andr\u00e9s Estell\u00e9s)<\/li>\n<li>6\u00e9 B: \u201cEl poema\u201d (Miquel Mart\u00ed i Pol)<\/li>\n<\/ul>\n<p>Per finalitzar la Jornada de Jocs Florals, cada grup ha rebut un llibre per a l&#8217;aula!<\/p>\n<p><strong>OBRA DE TEATRE DE SANT JORDI<\/strong><\/p>\n<p>El dia 25 d\u2019abril l\u2019alumnat d&#8217;I5 ha fet una meravellosa representaci\u00f3 de la Llegenda de Sant Jordi per a les seves fam\u00edlies.<\/p>\n<p>La resta de grups de l&#8217;escola i els infants m\u00e9s grans de l&#8217;Escola Bressol de la Rosa dels Vents, tamb\u00e9 han pogut gaudir d&#8217;aquesta fant\u00e0stica representaci\u00f3 en altres sessions!<\/p>\n<p>Artistes d&#8217;I5, ha valgut la pena l\u2019esfor\u00e7 i el temps dedicat en preparar aquesta obra de teatre que ha estat tot un \u00e8xit, FELICITATS!!<\/p>\n<p><strong>RECOMANACI\u00d3 DE CONTES I LLIBRES<\/strong><\/p>\n<p>Per incentivar el gust per la lectura, aquest curs hem iniciat una nova din\u00e0mica a totes les aules. S&#8217;ha convidat a tot l&#8217;alumnat a portar el seu conte\/llibre preferit per recomanar-ho a la resta de companys\/es del seu grup. Ha estat meravell\u00f3s i molt enriquidor per a tot l&#8217;alumnat, poder con\u00e8ixer nous llibres a trav\u00e9s de l&#8217;experi\u00e8ncia dels propis companys\/es.<\/p>\n<p>Si voleu veure imatges del ventall de propostes de Sant Jordi, cliqueu a la imatge.<\/p>\n<p><a href=\"https:\/\/agora.xtec.cat\/ceip-ignasiiglesias-cornella\/galeria-dimatges\/\"><img loading=\"lazy\" decoding=\"async\" class=\"aligncenter wp-image-7456 size-full\" src=\"https:\/\/agora.xtec.cat\/ceip-ignasiiglesias-cornella\/wp-content\/uploads\/usu1592\/2024\/03\/CapturaSANT-JORDI.png\" alt=\"\" width=\"269\" height=\"177\" \/><\/a><\/p>\n","protected":false},"excerpt":{"rendered":"<p>A la nostra escola, la Diada de Sant Jordi ha vingut carregada d&#8217;activitats i propostes!<br \/>\nTALLERS DE SANT JORDI<br \/>\nJa s&#8217;han convertit en una tradici\u00f3 de la nostra escola, els Tallers de Sant Jordi! Enguany hem tornat a gaudir de diferents propostes l\u00fadiques al pati de l&#8217;escola:<\/p>\n<ul>\n<li>Taller&hellip;  <a href=\"https:\/\/agora.xtec.cat\/ceip-ignasiiglesias-cornella\/general\/sant-jordi-2024\/\" title=\"Read SANT JORDI 2024\">Llegeix m\u00e9s\u00bb<\/a><br \/>\n","protected":false},"author":65,"featured_media":7496,"comment_status":"open","ping_status":"closed","sticky":false,"template":"","format":"standard","meta":{"_bbp_topic_count":0,"_bbp_reply_count":0,"_bbp_total_topic_count":0,"_bbp_total_reply_count":0,"_bbp_voice_count":0,"_bbp_anonymous_reply_count":0,"_bbp_topic_count_hidden":0,"_bbp_reply_count_hidden":0,"_bbp_forum_subforum_count":0,"footnotes":""},"categories":[1,4],"tags":[602],"class_list":["post-7494","post","type-post","status-publish","format-standard","has-post-thumbnail","hentry","category-general","category-portada","tag-sant-jordi"],"post_mailing_queue_ids":[],"_links":{"self":[{"href":"https:\/\/agora.xtec.cat\/ceip-ignasiiglesias-cornella\/wp-json\/wp\/v2\/posts\/7494","targetHints":{"allow":["GET"]}}],"collection":[{"href":"https:\/\/agora.xtec.cat\/ceip-ignasiiglesias-cornella\/wp-json\/wp\/v2\/posts"}],"about":[{"href":"https:\/\/agora.xtec.cat\/ceip-ignasiiglesias-cornella\/wp-json\/wp\/v2\/types\/post"}],"author":[{"embeddable":true,"href":"https:\/\/agora.xtec.cat\/ceip-ignasiiglesias-cornella\/wp-json\/wp\/v2\/users\/65"}],"replies":[{"embeddable":true,"href":"https:\/\/agora.xtec.cat\/ceip-ignasiiglesias-cornella\/wp-json\/wp\/v2\/comments?post=7494"}],"version-history":[{"count":3,"href":"https:\/\/agora.xtec.cat\/ceip-ignasiiglesias-cornella\/wp-json\/wp\/v2\/posts\/7494\/revisions"}],"predecessor-version":[{"id":7505,"href":"https:\/\/agora.xtec.cat\/ceip-ignasiiglesias-cornella\/wp-json\/wp\/v2\/posts\/7494\/revisions\/7505"}],"wp:featuredmedia":[{"embeddable":true,"href":"https:\/\/agora.xtec.cat\/ceip-ignasiiglesias-cornella\/wp-json\/wp\/v2\/media\/7496"}],"wp:attachment":[{"href":"https:\/\/agora.xtec.cat\/ceip-ignasiiglesias-cornella\/wp-json\/wp\/v2\/media?parent=7494"}],"wp:term":[{"taxonomy":"category","embeddable":true,"href":"https:\/\/agora.xtec.cat\/ceip-ignasiiglesias-cornella\/wp-json\/wp\/v2\/categories?post=7494"},{"taxonomy":"post_tag","embeddable":true,"href":"https:\/\/agora.xtec.cat\/ceip-ignasiiglesias-cornella\/wp-json\/wp\/v2\/tags?post=7494"}],"curies":[{"name":"wp","href":"https:\/\/api.w.org\/{rel}","templated":true}]}}