{"id":7486,"date":"2024-04-12T09:34:52","date_gmt":"2024-04-12T07:34:52","guid":{"rendered":"https:\/\/agora.xtec.cat\/ceip-ignasiiglesias-cornella\/?p=7486"},"modified":"2024-04-12T09:37:44","modified_gmt":"2024-04-12T07:37:44","slug":"la-clika","status":"publish","type":"post","link":"https:\/\/agora.xtec.cat\/ceip-ignasiiglesias-cornella\/portada\/la-clika\/","title":{"rendered":"LA CLIKA"},"content":{"rendered":"<p>El dimecres 10 d&#8217;abril els infants de 2n de la nostra escola van participar al concert de <a href=\"https:\/\/laclika.cat\/\">LA CLIKA<\/a>, que es va dur a terme a l&#8217;Auditori de Cornell\u00e0. L&#8217;espectacle va ser preci\u00f3s! i va ser una experi\u00e8ncia fant\u00e0stica per a tots i totes. Per veure algunes imatges i enregistraments podeu accedir als \u00e0lbums de MOMENTS D&#8217;AULA de cada classe que trobareu a la nostra GALERIA D&#8217;IMATGES.<\/p>\n<p><a href=\"https:\/\/agora.xtec.cat\/ceip-ignasiiglesias-cornella\/galeria-dimatges\/\"><img loading=\"lazy\" decoding=\"async\" class=\"aligncenter wp-image-7487 size-medium\" src=\"https:\/\/agora.xtec.cat\/ceip-ignasiiglesias-cornella\/wp-content\/uploads\/usu1592\/2024\/04\/la-clika_clika-i-amigues_portada-300x300.jpg\" alt=\"\" width=\"300\" height=\"300\" srcset=\"https:\/\/agora.xtec.cat\/ceip-ignasiiglesias-cornella\/wp-content\/uploads\/usu1592\/2024\/04\/la-clika_clika-i-amigues_portada-300x300.jpg 300w, https:\/\/agora.xtec.cat\/ceip-ignasiiglesias-cornella\/wp-content\/uploads\/usu1592\/2024\/04\/la-clika_clika-i-amigues_portada-1024x1024.jpg 1024w, https:\/\/agora.xtec.cat\/ceip-ignasiiglesias-cornella\/wp-content\/uploads\/usu1592\/2024\/04\/la-clika_clika-i-amigues_portada-150x150.jpg 150w, https:\/\/agora.xtec.cat\/ceip-ignasiiglesias-cornella\/wp-content\/uploads\/usu1592\/2024\/04\/la-clika_clika-i-amigues_portada-768x768.jpg 768w, https:\/\/agora.xtec.cat\/ceip-ignasiiglesias-cornella\/wp-content\/uploads\/usu1592\/2024\/04\/la-clika_clika-i-amigues_portada.jpg 1200w\" sizes=\"auto, (max-width: 300px) 100vw, 300px\" \/><\/a><\/p>\n","protected":false},"excerpt":{"rendered":"<p>El dimecres 10 d&#8217;abril els infants de 2n de la nostra escola van participar al concert de <a href=\"https:\/\/laclika.cat\/\">LA CLIKA<\/a>, que es va dur a terme a l&#8217;Auditori de Cornell\u00e0. L&#8217;espectacle va ser preci\u00f3s! i va ser una experi\u00e8ncia fant\u00e0stica per a tots i totes.&hellip;  <a href=\"https:\/\/agora.xtec.cat\/ceip-ignasiiglesias-cornella\/portada\/la-clika\/\" title=\"Read LA CLIKA\">Llegeix m\u00e9s\u00bb<\/a><\/p>\n","protected":false},"author":4,"featured_media":7487,"comment_status":"open","ping_status":"closed","sticky":false,"template":"","format":"standard","meta":{"_bbp_topic_count":0,"_bbp_reply_count":0,"_bbp_total_topic_count":0,"_bbp_total_reply_count":0,"_bbp_voice_count":0,"_bbp_anonymous_reply_count":0,"_bbp_topic_count_hidden":0,"_bbp_reply_count_hidden":0,"_bbp_forum_subforum_count":0,"footnotes":""},"categories":[4],"tags":[1015],"class_list":["post-7486","post","type-post","status-publish","format-standard","has-post-thumbnail","hentry","category-portada","tag-clika"],"post_mailing_queue_ids":[],"_links":{"self":[{"href":"https:\/\/agora.xtec.cat\/ceip-ignasiiglesias-cornella\/wp-json\/wp\/v2\/posts\/7486","targetHints":{"allow":["GET"]}}],"collection":[{"href":"https:\/\/agora.xtec.cat\/ceip-ignasiiglesias-cornella\/wp-json\/wp\/v2\/posts"}],"about":[{"href":"https:\/\/agora.xtec.cat\/ceip-ignasiiglesias-cornella\/wp-json\/wp\/v2\/types\/post"}],"author":[{"embeddable":true,"href":"https:\/\/agora.xtec.cat\/ceip-ignasiiglesias-cornella\/wp-json\/wp\/v2\/users\/4"}],"replies":[{"embeddable":true,"href":"https:\/\/agora.xtec.cat\/ceip-ignasiiglesias-cornella\/wp-json\/wp\/v2\/comments?post=7486"}],"version-history":[{"count":2,"href":"https:\/\/agora.xtec.cat\/ceip-ignasiiglesias-cornella\/wp-json\/wp\/v2\/posts\/7486\/revisions"}],"predecessor-version":[{"id":7489,"href":"https:\/\/agora.xtec.cat\/ceip-ignasiiglesias-cornella\/wp-json\/wp\/v2\/posts\/7486\/revisions\/7489"}],"wp:featuredmedia":[{"embeddable":true,"href":"https:\/\/agora.xtec.cat\/ceip-ignasiiglesias-cornella\/wp-json\/wp\/v2\/media\/7487"}],"wp:attachment":[{"href":"https:\/\/agora.xtec.cat\/ceip-ignasiiglesias-cornella\/wp-json\/wp\/v2\/media?parent=7486"}],"wp:term":[{"taxonomy":"category","embeddable":true,"href":"https:\/\/agora.xtec.cat\/ceip-ignasiiglesias-cornella\/wp-json\/wp\/v2\/categories?post=7486"},{"taxonomy":"post_tag","embeddable":true,"href":"https:\/\/agora.xtec.cat\/ceip-ignasiiglesias-cornella\/wp-json\/wp\/v2\/tags?post=7486"}],"curies":[{"name":"wp","href":"https:\/\/api.w.org\/{rel}","templated":true}]}}