{"id":7465,"date":"2024-04-12T09:20:13","date_gmt":"2024-04-12T07:20:13","guid":{"rendered":"https:\/\/agora.xtec.cat\/ceip-ignasiiglesias-cornella\/?p=7465"},"modified":"2024-04-12T09:20:13","modified_gmt":"2024-04-12T07:20:13","slug":"dia-mundial-de-la-conscienciacio-sobre-lautisme","status":"publish","type":"post","link":"https:\/\/agora.xtec.cat\/ceip-ignasiiglesias-cornella\/general\/dia-mundial-de-la-conscienciacio-sobre-lautisme\/","title":{"rendered":"Dia mundial de la conscienciaci\u00f3 sobre l&#8217;autisme"},"content":{"rendered":"<p>El 2 d&#8217;abril \u00e9s el dia mundial de la conscienciaci\u00f3 sobre l&#8217;autisme. Des de les aules hem dedicat un espai a parlar del Trastorn de l&#8217;espectre autista, entendre&#8217;l i reflexionar sobre aquest.<\/p>\n<p>Cada grup ha elaborat una pe\u00e7a de color blau amb diferents t\u00e8cniques art\u00edstiques i, a l&#8217;encaixar-les totes, hem aconseguit creat l&#8217;infinit. Aquest s\u00edmbol representa la gran diversitat que hi ha dins de l&#8217;espectre autista.<\/p>\n<p>Podeu veure el resultat al pati de l&#8217;escola i, a continuaci\u00f3, les imatges d&#8217;aquesta jornada.<\/p>\n<p><a href=\"https:\/\/agora.xtec.cat\/ceip-ignasiiglesias-cornella\/galeria-dimatges\/\"><img loading=\"lazy\" decoding=\"async\" class=\"size-medium wp-image-7483 aligncenter\" src=\"https:\/\/agora.xtec.cat\/ceip-ignasiiglesias-cornella\/wp-content\/uploads\/usu1592\/2024\/04\/IMG_2740-300x225.jpg\" alt=\"\" width=\"300\" height=\"225\" srcset=\"https:\/\/agora.xtec.cat\/ceip-ignasiiglesias-cornella\/wp-content\/uploads\/usu1592\/2024\/04\/IMG_2740-300x225.jpg 300w, https:\/\/agora.xtec.cat\/ceip-ignasiiglesias-cornella\/wp-content\/uploads\/usu1592\/2024\/04\/IMG_2740-200x150.jpg 200w, https:\/\/agora.xtec.cat\/ceip-ignasiiglesias-cornella\/wp-content\/uploads\/usu1592\/2024\/04\/IMG_2740.jpg 653w\" sizes=\"auto, (max-width: 300px) 100vw, 300px\" \/><\/a><\/p>\n<p>&nbsp;<\/p>\n","protected":false},"excerpt":{"rendered":"<p>El 2 d&#8217;abril \u00e9s el dia mundial de la conscienciaci\u00f3 sobre l&#8217;autisme. Des de les aules hem dedicat un espai a parlar del Trastorn de l&#8217;espectre autista, entendre&#8217;l i reflexionar sobre aquest.<br \/>\nCada grup ha elaborat una pe\u00e7a de color blau amb diferents t\u00e8cniques art\u00edstiques i,&hellip;  <a href=\"https:\/\/agora.xtec.cat\/ceip-ignasiiglesias-cornella\/general\/dia-mundial-de-la-conscienciacio-sobre-lautisme\/\" title=\"Read Dia mundial de la conscienciaci\u00f3 sobre l&#8217;autisme\">Llegeix m\u00e9s\u00bb<\/a><\/p>\n","protected":false},"author":78,"featured_media":7483,"comment_status":"open","ping_status":"closed","sticky":false,"template":"","format":"standard","meta":{"_bbp_topic_count":0,"_bbp_reply_count":0,"_bbp_total_topic_count":0,"_bbp_total_reply_count":0,"_bbp_voice_count":0,"_bbp_anonymous_reply_count":0,"_bbp_topic_count_hidden":0,"_bbp_reply_count_hidden":0,"_bbp_forum_subforum_count":0,"footnotes":""},"categories":[1,4],"tags":[449],"class_list":["post-7465","post","type-post","status-publish","format-standard","has-post-thumbnail","hentry","category-general","category-portada","tag-autisme"],"post_mailing_queue_ids":[],"_links":{"self":[{"href":"https:\/\/agora.xtec.cat\/ceip-ignasiiglesias-cornella\/wp-json\/wp\/v2\/posts\/7465","targetHints":{"allow":["GET"]}}],"collection":[{"href":"https:\/\/agora.xtec.cat\/ceip-ignasiiglesias-cornella\/wp-json\/wp\/v2\/posts"}],"about":[{"href":"https:\/\/agora.xtec.cat\/ceip-ignasiiglesias-cornella\/wp-json\/wp\/v2\/types\/post"}],"author":[{"embeddable":true,"href":"https:\/\/agora.xtec.cat\/ceip-ignasiiglesias-cornella\/wp-json\/wp\/v2\/users\/78"}],"replies":[{"embeddable":true,"href":"https:\/\/agora.xtec.cat\/ceip-ignasiiglesias-cornella\/wp-json\/wp\/v2\/comments?post=7465"}],"version-history":[{"count":2,"href":"https:\/\/agora.xtec.cat\/ceip-ignasiiglesias-cornella\/wp-json\/wp\/v2\/posts\/7465\/revisions"}],"predecessor-version":[{"id":7485,"href":"https:\/\/agora.xtec.cat\/ceip-ignasiiglesias-cornella\/wp-json\/wp\/v2\/posts\/7465\/revisions\/7485"}],"wp:featuredmedia":[{"embeddable":true,"href":"https:\/\/agora.xtec.cat\/ceip-ignasiiglesias-cornella\/wp-json\/wp\/v2\/media\/7483"}],"wp:attachment":[{"href":"https:\/\/agora.xtec.cat\/ceip-ignasiiglesias-cornella\/wp-json\/wp\/v2\/media?parent=7465"}],"wp:term":[{"taxonomy":"category","embeddable":true,"href":"https:\/\/agora.xtec.cat\/ceip-ignasiiglesias-cornella\/wp-json\/wp\/v2\/categories?post=7465"},{"taxonomy":"post_tag","embeddable":true,"href":"https:\/\/agora.xtec.cat\/ceip-ignasiiglesias-cornella\/wp-json\/wp\/v2\/tags?post=7465"}],"curies":[{"name":"wp","href":"https:\/\/api.w.org\/{rel}","templated":true}]}}