{"id":7441,"date":"2024-03-18T12:40:48","date_gmt":"2024-03-18T11:40:48","guid":{"rendered":"https:\/\/agora.xtec.cat\/ceip-ignasiiglesias-cornella\/?p=7441"},"modified":"2024-03-18T12:40:48","modified_gmt":"2024-03-18T11:40:48","slug":"8m-no-nomes-es-tasca-dun-dia-aconseguir-la-igualtat","status":"publish","type":"post","link":"https:\/\/agora.xtec.cat\/ceip-ignasiiglesias-cornella\/general\/8m-no-nomes-es-tasca-dun-dia-aconseguir-la-igualtat\/","title":{"rendered":"8M. No nom\u00e9s es tasca d&#8217;un dia aconseguir la igualtat."},"content":{"rendered":"<p>El 8M \u00e9s nom\u00e9s un dia del calendari, per\u00f2 la tasca d&#8217;anar cap a la igualtat ha de ser un degoteig constant. El primer pas \u00e9s prendre consci\u00e8ncia de les desigualtats.<\/p>\n<p>L&#8217;escola intenta implementar la informaci\u00f3 i la reflexi\u00f3 vers aquest tema, i aquesta setmana s&#8217;han organitzat activitats que, a m\u00e9s del treball de l&#8217;aula, fossin compartides entre les classes de\u00a0 &#8220;padrins\/padrines&#8221; i les de &#8220;fillols i filloles&#8221;.<\/p>\n<p>El tema proposat aquest curs ha estat el de visibilitzar aquelles tasques no remunerades, per\u00f2 necess\u00e0ries per un bon funcionament de la llar, entesa com a espai on es conviu i es generen les relacions familiars.<\/p>\n<p>Cal reflexionar i posar en valor la c\u00e0rrega mental de l&#8217;organitzaci\u00f3 que cal per fer funcionar la casa i la vida familiar. Per exemple: preveure que cal per engegar la setmana, qui porta el control de les visites m\u00e8diques, la necessitat de compartir i compartir l&#8217;ordre de l&#8217;espai i de les tasques dom\u00e8stiques&#8230;.<\/p>\n<p>Amb la canalla m\u00e9s gran, posar la informaci\u00f3 en com\u00fa comporta ser conscients de les tasques que es realitzen a la llar de manera pr\u00e0ctica o d&#8217;organitzaci\u00f3 i ajuda a pensar si cal fer canvis per a fer aquesta tasca m\u00e9s equitativa.<\/p>\n<p>A continuaci\u00f3 us enllacem la galeria per tal que pugueu veure les diferents propostes de cada grup.<\/p>\n<p style=\"text-align: center;\"><a href=\"https:\/\/photos.app.goo.gl\/cLQCEMFD9RiMfb58A\" target=\"_blank\" rel=\"noopener\">Fotos 8 M 2023-2024<\/a><\/p>\n","protected":false},"excerpt":{"rendered":"<p>El 8M \u00e9s nom\u00e9s un dia del calendari, per\u00f2 la tasca d&#8217;anar cap a la igualtat ha de ser un degoteig constant. El primer pas \u00e9s prendre consci\u00e8ncia de les desigualtats.<br \/>\nL&#8217;escola intenta implementar la informaci\u00f3 i la reflexi\u00f3 vers aquest tema, i aquesta setmana s&#8217;han&hellip;  <a href=\"https:\/\/agora.xtec.cat\/ceip-ignasiiglesias-cornella\/general\/8m-no-nomes-es-tasca-dun-dia-aconseguir-la-igualtat\/\" title=\"Read 8M. No nom\u00e9s es tasca d&#8217;un dia aconseguir la igualtat.\">Llegeix m\u00e9s\u00bb<\/a><\/p>\n","protected":false},"author":85,"featured_media":7445,"comment_status":"open","ping_status":"closed","sticky":false,"template":"","format":"standard","meta":{"_bbp_topic_count":0,"_bbp_reply_count":0,"_bbp_total_topic_count":0,"_bbp_total_reply_count":0,"_bbp_voice_count":0,"_bbp_anonymous_reply_count":0,"_bbp_topic_count_hidden":0,"_bbp_reply_count_hidden":0,"_bbp_forum_subforum_count":0,"footnotes":""},"categories":[1,4],"tags":[848,715],"class_list":["post-7441","post","type-post","status-publish","format-standard","has-post-thumbnail","hentry","category-general","category-portada","tag-8m","tag-dona"],"post_mailing_queue_ids":[],"_links":{"self":[{"href":"https:\/\/agora.xtec.cat\/ceip-ignasiiglesias-cornella\/wp-json\/wp\/v2\/posts\/7441","targetHints":{"allow":["GET"]}}],"collection":[{"href":"https:\/\/agora.xtec.cat\/ceip-ignasiiglesias-cornella\/wp-json\/wp\/v2\/posts"}],"about":[{"href":"https:\/\/agora.xtec.cat\/ceip-ignasiiglesias-cornella\/wp-json\/wp\/v2\/types\/post"}],"author":[{"embeddable":true,"href":"https:\/\/agora.xtec.cat\/ceip-ignasiiglesias-cornella\/wp-json\/wp\/v2\/users\/85"}],"replies":[{"embeddable":true,"href":"https:\/\/agora.xtec.cat\/ceip-ignasiiglesias-cornella\/wp-json\/wp\/v2\/comments?post=7441"}],"version-history":[{"count":5,"href":"https:\/\/agora.xtec.cat\/ceip-ignasiiglesias-cornella\/wp-json\/wp\/v2\/posts\/7441\/revisions"}],"predecessor-version":[{"id":7447,"href":"https:\/\/agora.xtec.cat\/ceip-ignasiiglesias-cornella\/wp-json\/wp\/v2\/posts\/7441\/revisions\/7447"}],"wp:featuredmedia":[{"embeddable":true,"href":"https:\/\/agora.xtec.cat\/ceip-ignasiiglesias-cornella\/wp-json\/wp\/v2\/media\/7445"}],"wp:attachment":[{"href":"https:\/\/agora.xtec.cat\/ceip-ignasiiglesias-cornella\/wp-json\/wp\/v2\/media?parent=7441"}],"wp:term":[{"taxonomy":"category","embeddable":true,"href":"https:\/\/agora.xtec.cat\/ceip-ignasiiglesias-cornella\/wp-json\/wp\/v2\/categories?post=7441"},{"taxonomy":"post_tag","embeddable":true,"href":"https:\/\/agora.xtec.cat\/ceip-ignasiiglesias-cornella\/wp-json\/wp\/v2\/tags?post=7441"}],"curies":[{"name":"wp","href":"https:\/\/api.w.org\/{rel}","templated":true}]}}