{"id":7419,"date":"2024-02-27T12:58:19","date_gmt":"2024-02-27T11:58:19","guid":{"rendered":"https:\/\/agora.xtec.cat\/ceip-ignasiiglesias-cornella\/?p=7419"},"modified":"2024-06-11T08:49:17","modified_gmt":"2024-06-11T06:49:17","slug":"preinscripcio-2024-25","status":"publish","type":"post","link":"https:\/\/agora.xtec.cat\/ceip-ignasiiglesias-cornella\/general\/preinscripcio-2024-25\/","title":{"rendered":"PREINSCRIPCI\u00d3 2024-25"},"content":{"rendered":"<p>Podeu trobar tota la informaci\u00f3 actualitzada clicant sobre aquest\u00a0 <a href=\"https:\/\/preinscripcio.gencat.cat\/ca\/estudis\/infantil-3-6\/inici\/\">ENLLA\u00c7 <\/a>de\u00a0 la p\u00e0gina WEB oficial de la preinscripci\u00f3 de la Generalitat de Catalunya.<\/p>\n<p><a href=\"https:\/\/agora.xtec.cat\/ceip-ignasiiglesias-cornella\/wp-content\/uploads\/usu1592\/2024\/03\/OFERTA-INICIAL-DE-PLACES.pdf\">OFERTA INICIAL DE PLACES<\/a><\/p>\n<p><a href=\"https:\/\/agora.xtec.cat\/ceip-ignasiiglesias-cornella\/wp-content\/uploads\/usu1592\/2024\/04\/INFORME_BAREM_PROVISIONAL.pdf\">INFORME_BAREM_PROVISIONAL<\/a><\/p>\n<p><a href=\"https:\/\/agora.xtec.cat\/ceip-ignasiiglesias-cornella\/wp-content\/uploads\/usu1592\/2024\/04\/INFORME_BAREM_RESOLTES_BAREM.pdf\">INFORME_BAREM_RESOLTES_BAREM<\/a><\/p>\n<p><a href=\"https:\/\/agora.xtec.cat\/ceip-ignasiiglesias-cornella\/wp-content\/uploads\/usu1592\/2024\/05\/INFORME_BAREM_DEFINITIU.pdf\">INFORME_BAREM_DEFINITIU<\/a><\/p>\n<p><a href=\"https:\/\/agora.xtec.cat\/ceip-ignasiiglesias-cornella\/wp-content\/uploads\/usu1592\/2024\/06\/OFERTA-DEFINITIVA-1.pdf\">OFERTA DEFINITIVA<\/a><\/p>\n<p><a href=\"https:\/\/agora.xtec.cat\/ceip-ignasiiglesias-cornella\/wp-content\/uploads\/usu1592\/2024\/06\/INFORME_ASSIGNADES.pdf\">INFORME_ASSIGNADES<\/a><\/p>\n<p><a href=\"https:\/\/agora.xtec.cat\/ceip-ignasiiglesias-cornella\/wp-content\/uploads\/usu1592\/2024\/06\/INFORME_LLISTA_ESPERA.pdf\">INFORME_LLISTA_ESPERA<\/a><\/p>\n<p><strong>CALENDARI:<\/strong><\/p>\n<ul>\n<li><strong>5 de mar\u00e7 de 2024:<\/strong> oferta inicial de places<\/li>\n<li><b>Del 6 al 20 de mar\u00e7 de 2024<\/b>: presentaci\u00f3 de preinscripci\u00f3<\/li>\n<li><b>Fins el 22 de mar\u00e7 de 2024:<\/b> presentaci\u00f3 de documentaci\u00f3<\/li>\n<li><b>17 d\u2019abril de 2024:<\/b> barem provisional<\/li>\n<li><b>Del 17 al 22 d\u2019abril de 2024:<\/b>\u00a0presentaci\u00f3 de reclamacions<\/li>\n<li><b>25 d&#8217;abril de 2024: <\/b>llista de sol\u00b7licituds amb la puntuaci\u00f3 un cop resoltes les reclamacions<\/li>\n<li><b>30 d&#8217;abril de 2024:<\/b> sorteig per resoldre les sol\u00b7licituds de preinscripci\u00f3 empatades en punts. <strong>N\u00famero de desempat: 81801<\/strong><\/li>\n<li><strong>2 <\/strong><b>de maig de 2024: <\/b>publicaci\u00f3 llistes ordenades definitives<\/li>\n<li><b>Del 29 al 31 de maig de 2024:<\/b>\u00a0ampliaci\u00f3 de peticions de preinscripci\u00f3 per a alumnes sense pla\u00e7a assignada a cap centre<\/li>\n<li><b>7 de juny de 2024:<\/b>\u00a0oferta final de places escolars<\/li>\n<li><b>10 de juny de 2024<\/b>: llista d\u2019alumnes\u00a0 preinscrits, admesos i llista d\u2019espera<\/li>\n<li><b>Del 18 al 26 de juny de 2024:<\/b>\u00a0matriculaci\u00f3<\/li>\n<li><strong>30 de setembre de 2024:<\/strong> publicaci\u00f3 de la llista d\u2019alumnes matriculats al centre procedents del proc\u00e9s de preinscripci\u00f3 i admissi\u00f3<\/li>\n<\/ul>\n","protected":false},"excerpt":{"rendered":"<p>Podeu trobar tota la informaci\u00f3 actualitzada clicant sobre aquest\u00a0 <a href=\"https:\/\/preinscripcio.gencat.cat\/ca\/estudis\/infantil-3-6\/inici\/\">ENLLA\u00c7 <\/a>de\u00a0 la p\u00e0gina WEB oficial de la preinscripci\u00f3 de la Generalitat de Catalunya.<br \/>\n<a href=\"https:\/\/agora.xtec.cat\/ceip-ignasiiglesias-cornella\/wp-content\/uploads\/usu1592\/2024\/03\/OFERTA-INICIAL-DE-PLACES.pdf\">OFERTA INICIAL DE PLACES<\/a><br \/>\n<a href=\"https:\/\/agora.xtec.cat\/ceip-ignasiiglesias-cornella\/wp-content\/uploads\/usu1592\/2024\/04\/INFORME_BAREM_PROVISIONAL.pdf\">INFORME_BAREM_PROVISIONAL<\/a><br \/>\n<a href=\"https:\/\/agora.xtec.cat\/ceip-ignasiiglesias-cornella\/wp-content\/uploads\/usu1592\/2024\/04\/INFORME_BAREM_RESOLTES_BAREM.pdf\">INFORME_BAREM_RESOLTES_BAREM<\/a><br \/>\n<a href=\"https:\/\/agora.xtec.cat\/ceip-ignasiiglesias-cornella\/wp-content\/uploads\/usu1592\/2024\/05\/INFORME_BAREM_DEFINITIU.pdf\">INFORME_BAREM_DEFINITIU<\/a><br \/>\n<a href=\"https:\/\/agora.xtec.cat\/ceip-ignasiiglesias-cornella\/wp-content\/uploads\/usu1592\/2024\/06\/OFERTA-DEFINITIVA-1.pdf\">OFERTA DEFINITIVA<\/a><br \/>\n<a href=\"https:\/\/agora.xtec.cat\/ceip-ignasiiglesias-cornella\/wp-content\/uploads\/usu1592\/2024\/06\/INFORME_ASSIGNADES.pdf\">INFORME_ASSIGNADES<\/a><br \/>\n<a href=\"https:\/\/agora.xtec.cat\/ceip-ignasiiglesias-cornella\/wp-content\/uploads\/usu1592\/2024\/06\/INFORME_LLISTA_ESPERA.pdf\">INFORME_LLISTA_ESPERA<\/a><br \/>\nCALENDARI:<\/p>\n<ul>\n<li>5 de mar\u00e7 de 2024: oferta inicial de places<\/li>\n<li>Del 6 al&hellip;  <a href=\"https:\/\/agora.xtec.cat\/ceip-ignasiiglesias-cornella\/general\/preinscripcio-2024-25\/\" title=\"Read PREINSCRIPCI\u00d3 2024-25\">Llegeix m\u00e9s\u00bb<\/a><br \/>\n","protected":false},"author":19,"featured_media":0,"comment_status":"open","ping_status":"closed","sticky":false,"template":"","format":"standard","meta":{"_bbp_topic_count":0,"_bbp_reply_count":0,"_bbp_total_topic_count":0,"_bbp_total_reply_count":0,"_bbp_voice_count":0,"_bbp_anonymous_reply_count":0,"_bbp_topic_count_hidden":0,"_bbp_reply_count_hidden":0,"_bbp_forum_subforum_count":0,"footnotes":""},"categories":[1],"tags":[],"class_list":["post-7419","post","type-post","status-publish","format-standard","hentry","category-general"],"post_mailing_queue_ids":[],"_links":{"self":[{"href":"https:\/\/agora.xtec.cat\/ceip-ignasiiglesias-cornella\/wp-json\/wp\/v2\/posts\/7419","targetHints":{"allow":["GET"]}}],"collection":[{"href":"https:\/\/agora.xtec.cat\/ceip-ignasiiglesias-cornella\/wp-json\/wp\/v2\/posts"}],"about":[{"href":"https:\/\/agora.xtec.cat\/ceip-ignasiiglesias-cornella\/wp-json\/wp\/v2\/types\/post"}],"author":[{"embeddable":true,"href":"https:\/\/agora.xtec.cat\/ceip-ignasiiglesias-cornella\/wp-json\/wp\/v2\/users\/19"}],"replies":[{"embeddable":true,"href":"https:\/\/agora.xtec.cat\/ceip-ignasiiglesias-cornella\/wp-json\/wp\/v2\/comments?post=7419"}],"version-history":[{"count":5,"href":"https:\/\/agora.xtec.cat\/ceip-ignasiiglesias-cornella\/wp-json\/wp\/v2\/posts\/7419\/revisions"}],"predecessor-version":[{"id":7530,"href":"https:\/\/agora.xtec.cat\/ceip-ignasiiglesias-cornella\/wp-json\/wp\/v2\/posts\/7419\/revisions\/7530"}],"wp:attachment":[{"href":"https:\/\/agora.xtec.cat\/ceip-ignasiiglesias-cornella\/wp-json\/wp\/v2\/media?parent=7419"}],"wp:term":[{"taxonomy":"category","embeddable":true,"href":"https:\/\/agora.xtec.cat\/ceip-ignasiiglesias-cornella\/wp-json\/wp\/v2\/categories?post=7419"},{"taxonomy":"post_tag","embeddable":true,"href":"https:\/\/agora.xtec.cat\/ceip-ignasiiglesias-cornella\/wp-json\/wp\/v2\/tags?post=7419"}],"curies":[{"name":"wp","href":"https:\/\/api.w.org\/{rel}","templated":true}]}}