{"id":7350,"date":"2024-01-28T23:06:17","date_gmt":"2024-01-28T22:06:17","guid":{"rendered":"https:\/\/agora.xtec.cat\/ceip-ignasiiglesias-cornella\/?p=7350"},"modified":"2024-01-28T23:06:17","modified_gmt":"2024-01-28T22:06:17","slug":"1r-i-2n-anem-al-teatre","status":"publish","type":"post","link":"https:\/\/agora.xtec.cat\/ceip-ignasiiglesias-cornella\/portada\/1r-i-2n-anem-al-teatre\/","title":{"rendered":"1r i 2n. Anem al teatre!"},"content":{"rendered":"<p>El passat dilluns 22 de gener, els infants 1r i 2n de la nostra escola van anar a l&#8217;Auditori de Sant Ildefons a veure una obra de teatre: UNA DENT SOTA EL COIX\u00cd, de la Companyia Poca Cosa.<\/p>\n<p>Ens ho hem passat molt b\u00e9! Aqu\u00ed teniu un breu resum de l&#8217;obra:<\/p>\n<p>La Llu\u00efsa \u00e9s la responsable del magatzem de joguines del Ratol\u00ed Mart\u00ed, el Ratoncito<br \/>\nP\u00e9rez, la Fada de les Dents i els Angelets. Quan un d\u2019aquests \u00e9ssers recull una dent<br \/>\nd\u2019un nen o una nena, li porta. Ella pot saber com \u00e9s l\u2019infant a partir de la dent i esbrinar<br \/>\nquin regal el far\u00e0 feli\u00e7.<br \/>\nAra ja \u00e9s gran i busca alg\u00fa que la substitueixi en aquesta feina tan important. Despr\u00e9s<br \/>\nde posar a prova diferents candidats, troba la Violeta, per\u00f2 la seva relaci\u00f3 no ser\u00e0 f\u00e0cil.<br \/>\nUn dia, arriba una dent molt especial, que no \u00e9s com les altres. Juntes hauran de<br \/>\ndescobrir quin \u00e9s el regal que necessita aquesta dent tan singular.<\/p>\n<p><img loading=\"lazy\" decoding=\"async\" class=\"size-medium wp-image-7351 aligncenter\" src=\"https:\/\/agora.xtec.cat\/ceip-ignasiiglesias-cornella\/wp-content\/uploads\/usu1592\/2024\/01\/unadentsotaelcoixi.jpg-1400x790-1-300x169.jpg\" alt=\"\" width=\"300\" height=\"169\" srcset=\"https:\/\/agora.xtec.cat\/ceip-ignasiiglesias-cornella\/wp-content\/uploads\/usu1592\/2024\/01\/unadentsotaelcoixi.jpg-1400x790-1-300x169.jpg 300w, https:\/\/agora.xtec.cat\/ceip-ignasiiglesias-cornella\/wp-content\/uploads\/usu1592\/2024\/01\/unadentsotaelcoixi.jpg-1400x790-1-1024x578.jpg 1024w, https:\/\/agora.xtec.cat\/ceip-ignasiiglesias-cornella\/wp-content\/uploads\/usu1592\/2024\/01\/unadentsotaelcoixi.jpg-1400x790-1-768x433.jpg 768w, https:\/\/agora.xtec.cat\/ceip-ignasiiglesias-cornella\/wp-content\/uploads\/usu1592\/2024\/01\/unadentsotaelcoixi.jpg-1400x790-1.jpg 1400w\" sizes=\"auto, (max-width: 300px) 100vw, 300px\" \/><\/p>\n","protected":false},"excerpt":{"rendered":"<p>El passat dilluns 22 de gener, els infants 1r i 2n de la nostra escola van anar a l&#8217;Auditori de Sant Ildefons a veure una obra de teatre: UNA DENT SOTA EL COIX\u00cd, de la Companyia Poca Cosa.<br \/>\nEns ho hem passat molt b\u00e9! Aqu\u00ed teniu&hellip;  <a href=\"https:\/\/agora.xtec.cat\/ceip-ignasiiglesias-cornella\/portada\/1r-i-2n-anem-al-teatre\/\" title=\"Read 1r i 2n. Anem al teatre!\">Llegeix m\u00e9s\u00bb<\/a><\/p>\n","protected":false},"author":4,"featured_media":7351,"comment_status":"open","ping_status":"closed","sticky":false,"template":"","format":"standard","meta":{"_bbp_topic_count":0,"_bbp_reply_count":0,"_bbp_total_topic_count":0,"_bbp_total_reply_count":0,"_bbp_voice_count":0,"_bbp_anonymous_reply_count":0,"_bbp_topic_count_hidden":0,"_bbp_reply_count_hidden":0,"_bbp_forum_subforum_count":0,"footnotes":""},"categories":[4],"tags":[1006,94],"class_list":["post-7350","post","type-post","status-publish","format-standard","has-post-thumbnail","hentry","category-portada","tag-dent","tag-teatre"],"post_mailing_queue_ids":[],"_links":{"self":[{"href":"https:\/\/agora.xtec.cat\/ceip-ignasiiglesias-cornella\/wp-json\/wp\/v2\/posts\/7350","targetHints":{"allow":["GET"]}}],"collection":[{"href":"https:\/\/agora.xtec.cat\/ceip-ignasiiglesias-cornella\/wp-json\/wp\/v2\/posts"}],"about":[{"href":"https:\/\/agora.xtec.cat\/ceip-ignasiiglesias-cornella\/wp-json\/wp\/v2\/types\/post"}],"author":[{"embeddable":true,"href":"https:\/\/agora.xtec.cat\/ceip-ignasiiglesias-cornella\/wp-json\/wp\/v2\/users\/4"}],"replies":[{"embeddable":true,"href":"https:\/\/agora.xtec.cat\/ceip-ignasiiglesias-cornella\/wp-json\/wp\/v2\/comments?post=7350"}],"version-history":[{"count":1,"href":"https:\/\/agora.xtec.cat\/ceip-ignasiiglesias-cornella\/wp-json\/wp\/v2\/posts\/7350\/revisions"}],"predecessor-version":[{"id":7352,"href":"https:\/\/agora.xtec.cat\/ceip-ignasiiglesias-cornella\/wp-json\/wp\/v2\/posts\/7350\/revisions\/7352"}],"wp:featuredmedia":[{"embeddable":true,"href":"https:\/\/agora.xtec.cat\/ceip-ignasiiglesias-cornella\/wp-json\/wp\/v2\/media\/7351"}],"wp:attachment":[{"href":"https:\/\/agora.xtec.cat\/ceip-ignasiiglesias-cornella\/wp-json\/wp\/v2\/media?parent=7350"}],"wp:term":[{"taxonomy":"category","embeddable":true,"href":"https:\/\/agora.xtec.cat\/ceip-ignasiiglesias-cornella\/wp-json\/wp\/v2\/categories?post=7350"},{"taxonomy":"post_tag","embeddable":true,"href":"https:\/\/agora.xtec.cat\/ceip-ignasiiglesias-cornella\/wp-json\/wp\/v2\/tags?post=7350"}],"curies":[{"name":"wp","href":"https:\/\/api.w.org\/{rel}","templated":true}]}}