{"id":7321,"date":"2023-12-20T13:00:13","date_gmt":"2023-12-20T12:00:13","guid":{"rendered":"https:\/\/agora.xtec.cat\/ceip-ignasiiglesias-cornella\/?p=7321"},"modified":"2023-12-20T00:56:57","modified_gmt":"2023-12-19T23:56:57","slug":"bones-festes-2","status":"publish","type":"post","link":"https:\/\/agora.xtec.cat\/ceip-ignasiiglesias-cornella\/general\/bones-festes-2\/","title":{"rendered":"BONES FESTES!"},"content":{"rendered":"<p>Benvolgudes fam\u00edlies! Ha arribat el final d&#8217;un trimestre on hem passat molt bons moments. Les darreres dues setmanes del trimestre, han estat plenes d&#8217;activitats ben especials:<\/p>\n<ul>\n<li>El dimecres 13 de desembre els infants d&#8217;I4, I5, 1r i 2n van rebre una visita molt especial: La Fada Ondina va venir a l&#8217;escola acompanyada del m\u00fasic Prana i tots plegats vam gaudir de la m\u00fasica i vam cantar la preciosa can\u00e7\u00f3 &#8220;Desperta Maginet&#8221;.<\/li>\n<li>El divendres 15 vam fer el concert d&#8217;hivern que va ser tot un \u00e8xit! Ja podeu veure&#8217;l accedint a la galeria d&#8217;imatges.<\/li>\n<li>Ahir, dimarts 19, els infants d&#8217; I3, I4, I5, 1r i 2n van fer cagar el ti\u00f3 de l&#8217;escola, que ja s&#8217;havia fet molt gros despr\u00e9s de menjar i menjar durant els darrers dies. Els infants de 3r, 4t, 5\u00e8 i 6\u00e8 van elaborar els seus regals artesanals d&#8217;amic invisible la darrera setmana i els van intercanviar ahir amb els seus companys i companyes.<\/li>\n<li>Avui, dimecres 20 de desembre, els infants de prim\u00e0ria anem al Firajoc! Activitat que hem recuparat a l&#8217;escola despr\u00e9s de 4 cursos i que estem molts contents i contentes de reprendre.<\/li>\n<\/ul>\n<p>Podeu veure imatges d&#8217;aquestes activitats a la galeria d&#8217;imatges i als \u00e0lbums de &#8220;moments d&#8217;aula&#8221; per\u00f2 <a href=\"https:\/\/photos.app.goo.gl\/ayCbn26Gk3VM8hi98\">AQU\u00cd<\/a> teniu un petit aven\u00e7.<\/p>\n<p>BONES FESTES! ENS RETROBEM EL 8 DE GENER.<\/p>\n<p><img loading=\"lazy\" decoding=\"async\" class=\"size-medium wp-image-7323 aligncenter\" src=\"https:\/\/agora.xtec.cat\/ceip-ignasiiglesias-cornella\/wp-content\/uploads\/usu1592\/2023\/12\/tio-300x200.jpg\" alt=\"\" width=\"300\" height=\"200\" srcset=\"https:\/\/agora.xtec.cat\/ceip-ignasiiglesias-cornella\/wp-content\/uploads\/usu1592\/2023\/12\/tio-300x200.jpg 300w, https:\/\/agora.xtec.cat\/ceip-ignasiiglesias-cornella\/wp-content\/uploads\/usu1592\/2023\/12\/tio-1024x682.jpg 1024w, https:\/\/agora.xtec.cat\/ceip-ignasiiglesias-cornella\/wp-content\/uploads\/usu1592\/2023\/12\/tio-768x512.jpg 768w, https:\/\/agora.xtec.cat\/ceip-ignasiiglesias-cornella\/wp-content\/uploads\/usu1592\/2023\/12\/tio.jpg 1081w\" sizes=\"auto, (max-width: 300px) 100vw, 300px\" \/><\/p>\n","protected":false},"excerpt":{"rendered":"<p>Benvolgudes fam\u00edlies! Ha arribat el final d&#8217;un trimestre on hem passat molt bons moments. Les darreres dues setmanes del trimestre, han estat plenes d&#8217;activitats ben especials:<\/p>\n<ul>\n<li>El dimecres 13 de desembre els infants d&#8217;I4, I5, 1r i 2n van rebre una visita molt especial: La Fada&hellip;  <a href=\"https:\/\/agora.xtec.cat\/ceip-ignasiiglesias-cornella\/general\/bones-festes-2\/\" title=\"Read BONES FESTES!\">Llegeix m\u00e9s\u00bb<\/a><br \/>\n","protected":false},"author":4,"featured_media":7323,"comment_status":"open","ping_status":"closed","sticky":false,"template":"","format":"standard","meta":{"_bbp_topic_count":0,"_bbp_reply_count":0,"_bbp_total_topic_count":0,"_bbp_total_reply_count":0,"_bbp_voice_count":0,"_bbp_anonymous_reply_count":0,"_bbp_topic_count_hidden":0,"_bbp_reply_count_hidden":0,"_bbp_forum_subforum_count":0,"footnotes":""},"categories":[1,4],"tags":[62,132],"class_list":["post-7321","post","type-post","status-publish","format-standard","has-post-thumbnail","hentry","category-general","category-portada","tag-festes","tag-nadal"],"post_mailing_queue_ids":[],"_links":{"self":[{"href":"https:\/\/agora.xtec.cat\/ceip-ignasiiglesias-cornella\/wp-json\/wp\/v2\/posts\/7321","targetHints":{"allow":["GET"]}}],"collection":[{"href":"https:\/\/agora.xtec.cat\/ceip-ignasiiglesias-cornella\/wp-json\/wp\/v2\/posts"}],"about":[{"href":"https:\/\/agora.xtec.cat\/ceip-ignasiiglesias-cornella\/wp-json\/wp\/v2\/types\/post"}],"author":[{"embeddable":true,"href":"https:\/\/agora.xtec.cat\/ceip-ignasiiglesias-cornella\/wp-json\/wp\/v2\/users\/4"}],"replies":[{"embeddable":true,"href":"https:\/\/agora.xtec.cat\/ceip-ignasiiglesias-cornella\/wp-json\/wp\/v2\/comments?post=7321"}],"version-history":[{"count":3,"href":"https:\/\/agora.xtec.cat\/ceip-ignasiiglesias-cornella\/wp-json\/wp\/v2\/posts\/7321\/revisions"}],"predecessor-version":[{"id":7325,"href":"https:\/\/agora.xtec.cat\/ceip-ignasiiglesias-cornella\/wp-json\/wp\/v2\/posts\/7321\/revisions\/7325"}],"wp:featuredmedia":[{"embeddable":true,"href":"https:\/\/agora.xtec.cat\/ceip-ignasiiglesias-cornella\/wp-json\/wp\/v2\/media\/7323"}],"wp:attachment":[{"href":"https:\/\/agora.xtec.cat\/ceip-ignasiiglesias-cornella\/wp-json\/wp\/v2\/media?parent=7321"}],"wp:term":[{"taxonomy":"category","embeddable":true,"href":"https:\/\/agora.xtec.cat\/ceip-ignasiiglesias-cornella\/wp-json\/wp\/v2\/categories?post=7321"},{"taxonomy":"post_tag","embeddable":true,"href":"https:\/\/agora.xtec.cat\/ceip-ignasiiglesias-cornella\/wp-json\/wp\/v2\/tags?post=7321"}],"curies":[{"name":"wp","href":"https:\/\/api.w.org\/{rel}","templated":true}]}}