{"id":7317,"date":"2023-11-29T00:04:41","date_gmt":"2023-11-28T23:04:41","guid":{"rendered":"https:\/\/agora.xtec.cat\/ceip-ignasiiglesias-cornella\/?p=7317"},"modified":"2023-12-20T00:07:24","modified_gmt":"2023-12-19T23:07:24","slug":"santa-cecilia-2023","status":"publish","type":"post","link":"https:\/\/agora.xtec.cat\/ceip-ignasiiglesias-cornella\/general\/santa-cecilia-2023\/","title":{"rendered":"SANTA CEC\u00cdLIA 2023"},"content":{"rendered":"<p>El passat 22 de novembre va ser el dia de Santa Cec\u00edlia, patrona de la m\u00fasica. Per a celebrar-ho, els infants de 3r, 4t, 5\u00e8 i 6\u00e8 que estan aprenent un instrument fora de l\u2019escola, han interpretat peces instrumentals davant de la resta de nenes i nens.<\/p>\n<p>Un agra\u00efment especial a tots els infants que han tocat instruments per a la resta de companys i companyes:<\/p>\n<p>L&#8217;Abraham, l&#8217;Emma i la Candela amb el piano.<\/p>\n<p>L&#8217;Avi i en Marc amb el saxo.<\/p>\n<p>La Carmen, l&#8217;Isaac i en Mario amb la guitarra.<\/p>\n<p>Per veure les fotos i v\u00eddeos cliqueu <a href=\"https:\/\/agora.xtec.cat\/ceip-ignasiiglesias-cornella\/galeria-de-fotos-curs-2023-2024\/\">AQU\u00cd<\/a><\/p>\n","protected":false},"excerpt":{"rendered":"<p>El passat 22 de novembre va ser el dia de Santa Cec\u00edlia, patrona de la m\u00fasica. Per a celebrar-ho, els infants de 3r, 4t, 5\u00e8 i 6\u00e8 que estan aprenent un instrument fora de l\u2019escola, han interpretat peces instrumentals davant de la resta de nenes&hellip;  <a href=\"https:\/\/agora.xtec.cat\/ceip-ignasiiglesias-cornella\/general\/santa-cecilia-2023\/\" title=\"Read SANTA CEC\u00cdLIA 2023\">Llegeix m\u00e9s\u00bb<\/a><\/p>\n","protected":false},"author":4,"featured_media":6731,"comment_status":"open","ping_status":"closed","sticky":false,"template":"","format":"standard","meta":{"_bbp_topic_count":0,"_bbp_reply_count":0,"_bbp_total_topic_count":0,"_bbp_total_reply_count":0,"_bbp_voice_count":0,"_bbp_anonymous_reply_count":0,"_bbp_topic_count_hidden":0,"_bbp_reply_count_hidden":0,"_bbp_forum_subforum_count":0,"footnotes":""},"categories":[1,72,4],"tags":[1005],"class_list":["post-7317","post","type-post","status-publish","format-standard","has-post-thumbnail","hentry","category-general","category-musica","category-portada","tag-santa-cecilia"],"post_mailing_queue_ids":[],"_links":{"self":[{"href":"https:\/\/agora.xtec.cat\/ceip-ignasiiglesias-cornella\/wp-json\/wp\/v2\/posts\/7317","targetHints":{"allow":["GET"]}}],"collection":[{"href":"https:\/\/agora.xtec.cat\/ceip-ignasiiglesias-cornella\/wp-json\/wp\/v2\/posts"}],"about":[{"href":"https:\/\/agora.xtec.cat\/ceip-ignasiiglesias-cornella\/wp-json\/wp\/v2\/types\/post"}],"author":[{"embeddable":true,"href":"https:\/\/agora.xtec.cat\/ceip-ignasiiglesias-cornella\/wp-json\/wp\/v2\/users\/4"}],"replies":[{"embeddable":true,"href":"https:\/\/agora.xtec.cat\/ceip-ignasiiglesias-cornella\/wp-json\/wp\/v2\/comments?post=7317"}],"version-history":[{"count":2,"href":"https:\/\/agora.xtec.cat\/ceip-ignasiiglesias-cornella\/wp-json\/wp\/v2\/posts\/7317\/revisions"}],"predecessor-version":[{"id":7319,"href":"https:\/\/agora.xtec.cat\/ceip-ignasiiglesias-cornella\/wp-json\/wp\/v2\/posts\/7317\/revisions\/7319"}],"wp:featuredmedia":[{"embeddable":true,"href":"https:\/\/agora.xtec.cat\/ceip-ignasiiglesias-cornella\/wp-json\/wp\/v2\/media\/6731"}],"wp:attachment":[{"href":"https:\/\/agora.xtec.cat\/ceip-ignasiiglesias-cornella\/wp-json\/wp\/v2\/media?parent=7317"}],"wp:term":[{"taxonomy":"category","embeddable":true,"href":"https:\/\/agora.xtec.cat\/ceip-ignasiiglesias-cornella\/wp-json\/wp\/v2\/categories?post=7317"},{"taxonomy":"post_tag","embeddable":true,"href":"https:\/\/agora.xtec.cat\/ceip-ignasiiglesias-cornella\/wp-json\/wp\/v2\/tags?post=7317"}],"curies":[{"name":"wp","href":"https:\/\/api.w.org\/{rel}","templated":true}]}}