{"id":7286,"date":"2023-11-25T19:23:00","date_gmt":"2023-11-25T18:23:00","guid":{"rendered":"https:\/\/agora.xtec.cat\/ceip-ignasiiglesias-cornella\/?p=7286"},"modified":"2023-12-15T19:42:10","modified_gmt":"2023-12-15T18:42:10","slug":"25n-dia-internacional-per-leliminacio-de-la-violencia-contra-les-dones","status":"publish","type":"post","link":"https:\/\/agora.xtec.cat\/ceip-ignasiiglesias-cornella\/general\/25n-dia-internacional-per-leliminacio-de-la-violencia-contra-les-dones\/","title":{"rendered":"25N. DIA INTERNACIONAL PER L\u2019ELIMINACI\u00d3 DE LA VIOL\u00c8NCIA CONTRA LES DONES"},"content":{"rendered":"<p>El passat 24 de novembre, les classes de Prim\u00e0ria de l\u2019escola, ens vam unir a la commemoraci\u00f3 del dia de la lluita contra la viol\u00e8ncia vers les dones perqu\u00e8, tal com diu el manifest institucional d\u2019enguany, <em>les viol\u00e8ncies masclistes no s\u00f3n un fet a\u00efllat ni privat.<\/em><\/p>\n<p>A algunes classes vam treballar al voltant del tema del consentiment. Mitjan\u00e7ant un conte i un joc, ens hem plantejat si podem tocar a les altres persones sense el seu perm\u00eds o si ens poden tocar a nosaltres.<\/p>\n<p><a href=\"https:\/\/mail.google.com\/mail\/u\/0\/#search\/25n\/FMfcgzGwHpPGKFvkGBWlsPkSdMGgnVbb?projector=1&amp;messagePartId=0.2\"><img loading=\"lazy\" decoding=\"async\" class=\"aligncenter wp-image-7308 size-medium\" src=\"https:\/\/agora.xtec.cat\/ceip-ignasiiglesias-cornella\/wp-content\/uploads\/usu1592\/2023\/12\/Captura-de-pantalla-2023-12-15-192750-300x213.png\" alt=\"\" width=\"300\" height=\"213\" srcset=\"https:\/\/agora.xtec.cat\/ceip-ignasiiglesias-cornella\/wp-content\/uploads\/usu1592\/2023\/12\/Captura-de-pantalla-2023-12-15-192750-300x213.png 300w, https:\/\/agora.xtec.cat\/ceip-ignasiiglesias-cornella\/wp-content\/uploads\/usu1592\/2023\/12\/Captura-de-pantalla-2023-12-15-192750-768x545.png 768w, https:\/\/agora.xtec.cat\/ceip-ignasiiglesias-cornella\/wp-content\/uploads\/usu1592\/2023\/12\/Captura-de-pantalla-2023-12-15-192750.png 786w\" sizes=\"auto, (max-width: 300px) 100vw, 300px\" \/><\/a><\/p>\n<p>A d\u2019altres, vam comprovar que la majoria de protagonistes dels c\u00f2mics s\u00f3n homes o nois i vam decidir trencar certs estereotips, convertint alguns d\u2019aquest personatges en dones i noies. Com seria l\u2019Ast\u00e8rix si fos una dona? I l\u2019Ob\u00e8lix? En Tint\u00edn, com aniria vestit?&#8230; I, qu\u00e8 dirien aquestes noves hero\u00efnes?<\/p>\n<p>A Cicle mitj\u00e0 van reflexionar a partir de la visualitzaci\u00f3 d&#8217;un\u00a0 video on s&#8217;analitza el conte de<a href=\"https:\/\/www.youtube.com\/watch?v=7gGVobtwYVY\" target=\"_blank\" rel=\"noopener\"> &#8220;La rateta que escombrava l&#8217;escaleta&#8221;<\/a> i tamb\u00e9 van elaborar xapes del 25N.<\/p>\n<p>Aquest any les institucions han donat especial import\u00e0ncia a les viol\u00e8ncies masclistes a l\u2019\u00e0mbit dels esports. Per aquest motiu les classes de 4t, 5\u00e8 i 6\u00e8 han participat en jocs esportius cooperatius i van escoltar la lectura del <em>Manifest del m\u00f3n de l\u2019Esport per a l\u2019eliminaci\u00f3 de la viol\u00e8ncia envers les dones.<\/em><\/p>\n<p>I, com sempre, la m\u00fasica no ha faltat en aquests dies.\u00a0 Hem llegit i escoltat algunes de les can\u00e7ons que sonen als <em>timbres<\/em> durant aquest mes i que ens encanten.<\/p>\n<p><a href=\"https:\/\/agora.xtec.cat\/ceip-ignasiiglesias-cornella\/general\/timbres-de-novembre-contra-la-violencia-masclista\/\"><img loading=\"lazy\" decoding=\"async\" class=\"aligncenter wp-image-7229 size-medium\" src=\"https:\/\/agora.xtec.cat\/ceip-ignasiiglesias-cornella\/wp-content\/uploads\/usu1592\/2023\/11\/TIMBRES-OCTUBRE-212x300.jpg\" alt=\"\" width=\"212\" height=\"300\" srcset=\"https:\/\/agora.xtec.cat\/ceip-ignasiiglesias-cornella\/wp-content\/uploads\/usu1592\/2023\/11\/TIMBRES-OCTUBRE-212x300.jpg 212w, https:\/\/agora.xtec.cat\/ceip-ignasiiglesias-cornella\/wp-content\/uploads\/usu1592\/2023\/11\/TIMBRES-OCTUBRE-724x1024.jpg 724w, https:\/\/agora.xtec.cat\/ceip-ignasiiglesias-cornella\/wp-content\/uploads\/usu1592\/2023\/11\/TIMBRES-OCTUBRE-768x1087.jpg 768w, https:\/\/agora.xtec.cat\/ceip-ignasiiglesias-cornella\/wp-content\/uploads\/usu1592\/2023\/11\/TIMBRES-OCTUBRE.jpg 1060w\" sizes=\"auto, (max-width: 212px) 100vw, 212px\" \/><\/a><\/p>\n<p>Al seg\u00fcent enlla\u00e7 podeu veure imatges i v\u00eddeos d\u2019aquestes activitats: <a href=\"https:\/\/drive.google.com\/drive\/folders\/17qZzhYP5JC36xCuzEtAeT4RWg5NqyynF?usp=sharing\">FOTOS<\/a><\/p>\n","protected":false},"excerpt":{"rendered":"<p>El passat 24 de novembre, les classes de Prim\u00e0ria de l\u2019escola, ens vam unir a la commemoraci\u00f3 del dia de la lluita contra la viol\u00e8ncia vers les dones perqu\u00e8, tal com diu el manifest institucional d\u2019enguany, les viol\u00e8ncies masclistes no s\u00f3n un fet a\u00efllat ni&hellip;  <a href=\"https:\/\/agora.xtec.cat\/ceip-ignasiiglesias-cornella\/general\/25n-dia-internacional-per-leliminacio-de-la-violencia-contra-les-dones\/\" title=\"Read 25N. DIA INTERNACIONAL PER L\u2019ELIMINACI\u00d3 DE LA VIOL\u00c8NCIA CONTRA LES DONES\">Llegeix m\u00e9s\u00bb<\/a><\/p>\n","protected":false},"author":4,"featured_media":7287,"comment_status":"open","ping_status":"closed","sticky":false,"template":"","format":"standard","meta":{"_bbp_topic_count":0,"_bbp_reply_count":0,"_bbp_total_topic_count":0,"_bbp_total_reply_count":0,"_bbp_voice_count":0,"_bbp_anonymous_reply_count":0,"_bbp_topic_count_hidden":0,"_bbp_reply_count_hidden":0,"_bbp_forum_subforum_count":0,"footnotes":""},"categories":[1,4],"tags":[838,145,1004,144],"class_list":["post-7286","post","type-post","status-publish","format-standard","has-post-thumbnail","hentry","category-general","category-portada","tag-25n","tag-dones","tag-masclisme","tag-violencia"],"post_mailing_queue_ids":[],"_links":{"self":[{"href":"https:\/\/agora.xtec.cat\/ceip-ignasiiglesias-cornella\/wp-json\/wp\/v2\/posts\/7286","targetHints":{"allow":["GET"]}}],"collection":[{"href":"https:\/\/agora.xtec.cat\/ceip-ignasiiglesias-cornella\/wp-json\/wp\/v2\/posts"}],"about":[{"href":"https:\/\/agora.xtec.cat\/ceip-ignasiiglesias-cornella\/wp-json\/wp\/v2\/types\/post"}],"author":[{"embeddable":true,"href":"https:\/\/agora.xtec.cat\/ceip-ignasiiglesias-cornella\/wp-json\/wp\/v2\/users\/4"}],"replies":[{"embeddable":true,"href":"https:\/\/agora.xtec.cat\/ceip-ignasiiglesias-cornella\/wp-json\/wp\/v2\/comments?post=7286"}],"version-history":[{"count":6,"href":"https:\/\/agora.xtec.cat\/ceip-ignasiiglesias-cornella\/wp-json\/wp\/v2\/posts\/7286\/revisions"}],"predecessor-version":[{"id":7311,"href":"https:\/\/agora.xtec.cat\/ceip-ignasiiglesias-cornella\/wp-json\/wp\/v2\/posts\/7286\/revisions\/7311"}],"wp:featuredmedia":[{"embeddable":true,"href":"https:\/\/agora.xtec.cat\/ceip-ignasiiglesias-cornella\/wp-json\/wp\/v2\/media\/7287"}],"wp:attachment":[{"href":"https:\/\/agora.xtec.cat\/ceip-ignasiiglesias-cornella\/wp-json\/wp\/v2\/media?parent=7286"}],"wp:term":[{"taxonomy":"category","embeddable":true,"href":"https:\/\/agora.xtec.cat\/ceip-ignasiiglesias-cornella\/wp-json\/wp\/v2\/categories?post=7286"},{"taxonomy":"post_tag","embeddable":true,"href":"https:\/\/agora.xtec.cat\/ceip-ignasiiglesias-cornella\/wp-json\/wp\/v2\/tags?post=7286"}],"curies":[{"name":"wp","href":"https:\/\/api.w.org\/{rel}","templated":true}]}}