{"id":7274,"date":"2023-11-24T21:38:46","date_gmt":"2023-11-24T20:38:46","guid":{"rendered":"https:\/\/agora.xtec.cat\/ceip-ignasiiglesias-cornella\/?p=7274"},"modified":"2023-11-24T21:41:40","modified_gmt":"2023-11-24T20:41:40","slug":"25n-dia-internacional-per-a-leliminacio-de-la-violencia-vers-les-dones","status":"publish","type":"post","link":"https:\/\/agora.xtec.cat\/ceip-ignasiiglesias-cornella\/general\/25n-dia-internacional-per-a-leliminacio-de-la-violencia-vers-les-dones\/","title":{"rendered":"25N DIA INTERNACIONAL PER A L&#8217;ELIMINACI\u00d3 DE LA VIOL\u00c8NCIA VERS LES DONES"},"content":{"rendered":"<h4 style=\"text-align: center;\"><strong>DECLARACI\u00d3 INSTITUCIONAL AMB MOTIU DEL 25 DE NOVEMBRE DE 2023 DIA INTERNACIONAL PER A L\u2019ELIMINACI\u00d3 DE LA VIOL\u00c8NCIA VERS LES DONES (Resum)<\/strong><\/h4>\n<p><strong>Avui, 25 de novembre, Dia internacional per a l\u2019eliminaci\u00f3 de la viol\u00e8ncia vers les dones<\/strong>, afirmem ben alt i clar que la lluita contra les viol\u00e8ncies masclistes \u00e9s una lluita col\u00b7lectiva que necessita de tota la societat. Perqu\u00e8 les viol\u00e8ncies masclistes no s\u00f3n un fet a\u00efllat ni privat. Perqu\u00e8 les viol\u00e8ncies masclistes s\u00f3n el principal problema de seguretat p\u00fablica que t\u00e9 el pa\u00eds. Perqu\u00e8 no s\u00f3n un problema de les dones. S\u00f3n un problema de tota la societat.<\/p>\n<p>En les darreres d\u00e8cades hem viscut al nostre pa\u00eds un canvi profund en el rebuig social a aquesta viol\u00e8ncia estructural contra les dones.<\/p>\n<p><strong>Aquest canvi no s\u2019ha produ\u00eft perqu\u00e8 s\u00ed. Ha sigut fruit d\u2019una intensa lluita feminista <\/strong>que ve de lluny, en l\u2019\u00e0mbit social i comunitari, en l\u2019\u00e0mbit laboral, en l\u2019\u00e0mbit cultural o en l\u2019\u00e0mbit esportiu&#8230;<\/p>\n<p>Per aix\u00f2 \u00e9s inevitable que se\u2019ns esgotin les paraules de condemna i que ens preguntem amb dolor: \u201cper qu\u00e8 no s\u2019aturen les viol\u00e8ncies contra les dones?\u201d, \u201cper qu\u00e8 no s\u2019acaben els feminicidis?\u201d, o \u201cper qu\u00e8 no deixen d\u2019augmentar les den\u00fancies?\u201d<\/p>\n<p>Aquest estiu tothom ha pogut veure com un fet ocorregut davant les c\u00e0meres i dif\u00f3s arreu del m\u00f3n no era suficient per obtenir, en un primer moment, una reparaci\u00f3 \u00e0gil a la viol\u00e8ncia viscuda&#8230; Tothom ha pogut veure igualment que, amb el clam <strong>\u201c#S\u2019haAcabat\u201d,<\/strong> les jugadores de futbol no denunciaven nom\u00e9s aquests fets, sin\u00f3 que posaven el focus en un conjunt de desigualtats que cal adre\u00e7ar per garantir la no-repetici\u00f3 i per fer efectiva la igualtat.<\/p>\n<p>Aquest \u00e9s el pas que necessitem fer totes i tots cada dia per acabar amb les viol\u00e8ncies masclistes. El silenci i la inacci\u00f3 no s\u00f3n respostes neutrals, sin\u00f3 que donen suport a l\u2019agressor, a la impunitat i a la reproducci\u00f3 de les viol\u00e8ncies. <strong>Cal trencar tots els silencis.<\/strong><\/p>\n<p>Totes i tots tenim un paper cabdal en la resposta immediata despr\u00e9s de la viol\u00e8ncia. Com a amiga o amic, familiar, company o companya de feina, ve\u00ed o ve\u00efna, podem ajudar a qui ho est\u00e0 patint.<\/p>\n<p>Les institucions pol\u00edtiques del pa\u00eds \u2014Generalitat de Catalunya, administracions locals i entitats municipalistes\u2014 ens comprometem a dedicar tots els esfor\u00e7os i recursos necessaris per garantir el dret de les dones a una vida lliure de viol\u00e8ncies masclistes.<\/p>\n<p>Per\u00f2, per erradicar les viol\u00e8ncies masclistes, \u00e9s imprescindible la implicaci\u00f3 de tothom. Prenguem partit per aturar d\u2019una vegada per totes la principal vulneraci\u00f3 dels drets humans de les dones i <strong>per acabar amb el seu \u00faltim responsable: el patriarcat i la ideologia masclista que el sustenta.<\/strong><\/p>\n<p><img loading=\"lazy\" decoding=\"async\" class=\"size-medium wp-image-7275 alignleft\" src=\"https:\/\/agora.xtec.cat\/ceip-ignasiiglesias-cornella\/wp-content\/uploads\/usu1592\/2023\/11\/cartell1-210x300.png\" alt=\"\" width=\"210\" height=\"300\" srcset=\"https:\/\/agora.xtec.cat\/ceip-ignasiiglesias-cornella\/wp-content\/uploads\/usu1592\/2023\/11\/cartell1-210x300.png 210w, https:\/\/agora.xtec.cat\/ceip-ignasiiglesias-cornella\/wp-content\/uploads\/usu1592\/2023\/11\/cartell1.png 267w\" sizes=\"auto, (max-width: 210px) 100vw, 210px\" \/><img loading=\"lazy\" decoding=\"async\" class=\"size-medium wp-image-7276 alignleft\" src=\"https:\/\/agora.xtec.cat\/ceip-ignasiiglesias-cornella\/wp-content\/uploads\/usu1592\/2023\/11\/cartell2-207x300.png\" alt=\"\" width=\"207\" height=\"300\" srcset=\"https:\/\/agora.xtec.cat\/ceip-ignasiiglesias-cornella\/wp-content\/uploads\/usu1592\/2023\/11\/cartell2-207x300.png 207w, https:\/\/agora.xtec.cat\/ceip-ignasiiglesias-cornella\/wp-content\/uploads\/usu1592\/2023\/11\/cartell2.png 253w\" sizes=\"auto, (max-width: 207px) 100vw, 207px\" \/><\/p>\n<p>&nbsp;<\/p>\n<p>&nbsp;<\/p>\n<p>&nbsp;<\/p>\n<p>&nbsp;<\/p>\n<p>&nbsp;<\/p>\n<p>&nbsp;<\/p>\n<p><img loading=\"lazy\" decoding=\"async\" class=\"alignleft size-medium wp-image-7278\" src=\"https:\/\/agora.xtec.cat\/ceip-ignasiiglesias-cornella\/wp-content\/uploads\/usu1592\/2023\/11\/Captura-de-pantalla-2023-11-24-212508-300x113.png\" alt=\"\" width=\"300\" height=\"113\" srcset=\"https:\/\/agora.xtec.cat\/ceip-ignasiiglesias-cornella\/wp-content\/uploads\/usu1592\/2023\/11\/Captura-de-pantalla-2023-11-24-212508-300x113.png 300w, https:\/\/agora.xtec.cat\/ceip-ignasiiglesias-cornella\/wp-content\/uploads\/usu1592\/2023\/11\/Captura-de-pantalla-2023-11-24-212508.png 378w\" sizes=\"auto, (max-width: 300px) 100vw, 300px\" \/><\/p>\n<p>&nbsp;<\/p>\n<p>&nbsp;<\/p>\n<p><strong>#25n <\/strong><strong>#LesEscolesLliuresDeViol\u00e8ncies #SeAcab\u00f3 #S&#8217;haAcabat<\/strong><\/p>\n<p>&nbsp;<\/p>\n<h4 style=\"text-align: center;\"><strong>Manifest del m\u00f3n de l\u2019Esport per a l\u2019eliminaci\u00f3 de la viol\u00e8ncia envers les dones 25 de novembre de 2023<\/strong><\/h4>\n<p>Avui commemorem el Dia internacional per a l\u2019eliminaci\u00f3 de la viol\u00e8ncia envers les dones i afirmem ben alt i clar que la lluita contra les viol\u00e8ncies masclistes \u00e9s una lluita col\u00b7lectiva que necessita de tota la societat. Perqu\u00e8 les viol\u00e8ncies masclistes no s\u00f3n un fet a\u00efllat ni privat.<\/p>\n<p>Perqu\u00e8 les viol\u00e8ncies masclistes s\u00f3n el principal problema de seguretat p\u00fablica que t\u00e9 el pa\u00eds. Perqu\u00e8 no s\u00f3n un problema de les dones. S\u00f3n un problema de tota la societat. Ens comprometem a trencar els silencis en els entorns familiar, d\u2019amistats, laboral, educatiu, grups de xarxes socials, espais d\u2019oci, al transport p\u00fablic, al carrer o als terrenys de joc, i a tenir un paper proactiu en la prevenci\u00f3, la detecci\u00f3 i intervenci\u00f3.<\/p>\n<p>Cal denunciar comportaments agressius, discriminacions i desigualtats per acabar amb la impunitat i la reproducci\u00f3 de les viol\u00e8ncies. Des del m\u00f3n de l\u2019ESPORT, ens sumem a la lluita feminista dels agents i institucions del pa\u00eds per ajudar a garantir el dret de les dones a una vida lliure de viol\u00e8ncies masclistes.<\/p>\n<p>Diem NO, amb fermesa, a actituds i comportaments masclistes de menyspreu, ridiculitzaci\u00f3, control o dominaci\u00f3 envers les dones i els seus cossos.<\/p>\n<p>Les dones i homes de l\u2019esport volem un ESPORT SEGUR i lliure de viol\u00e8ncies, que apel.li sempre al respecte, la seguretat, la dignitat, la diversitat, la igualtat i la llibertat de totes les persones.<\/p>\n<p>Per un ESPORT garant de drets, volem joc net a tot arreu!<\/p>\n<p><img loading=\"lazy\" decoding=\"async\" class=\"size-medium wp-image-7279 aligncenter\" src=\"https:\/\/agora.xtec.cat\/ceip-ignasiiglesias-cornella\/wp-content\/uploads\/usu1592\/2023\/11\/esport-300x236.png\" alt=\"\" width=\"300\" height=\"236\" srcset=\"https:\/\/agora.xtec.cat\/ceip-ignasiiglesias-cornella\/wp-content\/uploads\/usu1592\/2023\/11\/esport-300x236.png 300w, https:\/\/agora.xtec.cat\/ceip-ignasiiglesias-cornella\/wp-content\/uploads\/usu1592\/2023\/11\/esport.png 524w\" sizes=\"auto, (max-width: 300px) 100vw, 300px\" \/><\/p>\n","protected":false},"excerpt":{"rendered":"<p>DECLARACI\u00d3 INSTITUCIONAL AMB MOTIU DEL 25 DE NOVEMBRE DE 2023 DIA INTERNACIONAL PER A L\u2019ELIMINACI\u00d3 DE LA VIOL\u00c8NCIA VERS LES DONES (Resum)<br \/>\nAvui, 25 de novembre, Dia internacional per a l\u2019eliminaci\u00f3 de la viol\u00e8ncia vers les dones, afirmem ben alt i clar que la lluita contra&hellip;  <a href=\"https:\/\/agora.xtec.cat\/ceip-ignasiiglesias-cornella\/general\/25n-dia-internacional-per-a-leliminacio-de-la-violencia-vers-les-dones\/\" title=\"Read 25N DIA INTERNACIONAL PER A L&#8217;ELIMINACI\u00d3 DE LA VIOL\u00c8NCIA VERS LES DONES\">Llegeix m\u00e9s\u00bb<\/a><\/p>\n","protected":false},"author":4,"featured_media":7280,"comment_status":"open","ping_status":"closed","sticky":false,"template":"","format":"standard","meta":{"_bbp_topic_count":0,"_bbp_reply_count":0,"_bbp_total_topic_count":0,"_bbp_total_reply_count":0,"_bbp_voice_count":0,"_bbp_anonymous_reply_count":0,"_bbp_topic_count_hidden":0,"_bbp_reply_count_hidden":0,"_bbp_forum_subforum_count":0,"footnotes":""},"categories":[1,4],"tags":[998,999,1000,838],"class_list":["post-7274","post","type-post","status-publish","format-standard","has-post-thumbnail","hentry","category-general","category-portada","tag-lesescoleslliuresdeviolencies","tag-shaacabat","tag-seacabo","tag-25n"],"post_mailing_queue_ids":[],"_links":{"self":[{"href":"https:\/\/agora.xtec.cat\/ceip-ignasiiglesias-cornella\/wp-json\/wp\/v2\/posts\/7274","targetHints":{"allow":["GET"]}}],"collection":[{"href":"https:\/\/agora.xtec.cat\/ceip-ignasiiglesias-cornella\/wp-json\/wp\/v2\/posts"}],"about":[{"href":"https:\/\/agora.xtec.cat\/ceip-ignasiiglesias-cornella\/wp-json\/wp\/v2\/types\/post"}],"author":[{"embeddable":true,"href":"https:\/\/agora.xtec.cat\/ceip-ignasiiglesias-cornella\/wp-json\/wp\/v2\/users\/4"}],"replies":[{"embeddable":true,"href":"https:\/\/agora.xtec.cat\/ceip-ignasiiglesias-cornella\/wp-json\/wp\/v2\/comments?post=7274"}],"version-history":[{"count":2,"href":"https:\/\/agora.xtec.cat\/ceip-ignasiiglesias-cornella\/wp-json\/wp\/v2\/posts\/7274\/revisions"}],"predecessor-version":[{"id":7282,"href":"https:\/\/agora.xtec.cat\/ceip-ignasiiglesias-cornella\/wp-json\/wp\/v2\/posts\/7274\/revisions\/7282"}],"wp:featuredmedia":[{"embeddable":true,"href":"https:\/\/agora.xtec.cat\/ceip-ignasiiglesias-cornella\/wp-json\/wp\/v2\/media\/7280"}],"wp:attachment":[{"href":"https:\/\/agora.xtec.cat\/ceip-ignasiiglesias-cornella\/wp-json\/wp\/v2\/media?parent=7274"}],"wp:term":[{"taxonomy":"category","embeddable":true,"href":"https:\/\/agora.xtec.cat\/ceip-ignasiiglesias-cornella\/wp-json\/wp\/v2\/categories?post=7274"},{"taxonomy":"post_tag","embeddable":true,"href":"https:\/\/agora.xtec.cat\/ceip-ignasiiglesias-cornella\/wp-json\/wp\/v2\/tags?post=7274"}],"curies":[{"name":"wp","href":"https:\/\/api.w.org\/{rel}","templated":true}]}}