{"id":7268,"date":"2023-11-01T00:13:31","date_gmt":"2023-10-31T23:13:31","guid":{"rendered":"https:\/\/agora.xtec.cat\/ceip-ignasiiglesias-cornella\/?p=7268"},"modified":"2023-12-20T00:16:42","modified_gmt":"2023-12-19T23:16:42","slug":"1r-va-dexcursio-a-la-tardor","status":"publish","type":"post","link":"https:\/\/agora.xtec.cat\/ceip-ignasiiglesias-cornella\/general\/1r-va-dexcursio-a-la-tardor\/","title":{"rendered":"1R VA D&#8217;EXCURSI\u00d3 A LA TARDOR"},"content":{"rendered":"<p>Aquest mes de novembre el camp ja s&#8217;ha vestit de tardor, per aix\u00f2 vam anar els dos grups de primer a la granja Xaragall. All\u00e0 a m\u00e9s de dinar i jugar en un entorn natural, vam poder con\u00e8ixer de prop diferents tipus d&#8217;arbres, fulles i fruits que despr\u00e9s, vam poder portar a la classe.<\/p>\n<p>La castanyera ens va venir a veure i com era molt &#8220;marxosa&#8221;, ens va demanar que ball\u00e9ssim amb ella. En acabar, ens va regalar paperines de castanyes, per\u00f2 algunes no van arribar a Cornell\u00e0&#8230;.<\/p>\n<p>Abans de marxar, encara vam fer una visita als animalets de la granja, que per cert, ens van regalar tota mena de sons.<\/p>\n<p>A la tornada encara ens quedaven energies per cantar, riure i parlotejar amb el company o companya de seient.<\/p>\n","protected":false},"excerpt":{"rendered":"<p>1r sortida de tardor&hellip;  <a href=\"https:\/\/agora.xtec.cat\/ceip-ignasiiglesias-cornella\/general\/1r-va-dexcursio-a-la-tardor\/\" title=\"Read 1R VA D&#8217;EXCURSI\u00d3 A LA TARDOR\">Llegeix m\u00e9s\u00bb<\/a><\/p>\n","protected":false},"author":85,"featured_media":7320,"comment_status":"open","ping_status":"closed","sticky":false,"template":"","format":"standard","meta":{"_bbp_topic_count":0,"_bbp_reply_count":0,"_bbp_total_topic_count":0,"_bbp_total_reply_count":0,"_bbp_voice_count":0,"_bbp_anonymous_reply_count":0,"_bbp_topic_count_hidden":0,"_bbp_reply_count_hidden":0,"_bbp_forum_subforum_count":0,"footnotes":""},"categories":[898,10,1,4,899],"tags":[116,397,77],"class_list":["post-7268","post","type-post","status-publish","format-standard","has-post-thumbnail","hentry","category-1r","category-cicle-inicial","category-general","category-portada","category-sortida","tag-1r","tag-excursio","tag-tardor"],"post_mailing_queue_ids":[],"_links":{"self":[{"href":"https:\/\/agora.xtec.cat\/ceip-ignasiiglesias-cornella\/wp-json\/wp\/v2\/posts\/7268","targetHints":{"allow":["GET"]}}],"collection":[{"href":"https:\/\/agora.xtec.cat\/ceip-ignasiiglesias-cornella\/wp-json\/wp\/v2\/posts"}],"about":[{"href":"https:\/\/agora.xtec.cat\/ceip-ignasiiglesias-cornella\/wp-json\/wp\/v2\/types\/post"}],"author":[{"embeddable":true,"href":"https:\/\/agora.xtec.cat\/ceip-ignasiiglesias-cornella\/wp-json\/wp\/v2\/users\/85"}],"replies":[{"embeddable":true,"href":"https:\/\/agora.xtec.cat\/ceip-ignasiiglesias-cornella\/wp-json\/wp\/v2\/comments?post=7268"}],"version-history":[{"count":1,"href":"https:\/\/agora.xtec.cat\/ceip-ignasiiglesias-cornella\/wp-json\/wp\/v2\/posts\/7268\/revisions"}],"predecessor-version":[{"id":7269,"href":"https:\/\/agora.xtec.cat\/ceip-ignasiiglesias-cornella\/wp-json\/wp\/v2\/posts\/7268\/revisions\/7269"}],"wp:featuredmedia":[{"embeddable":true,"href":"https:\/\/agora.xtec.cat\/ceip-ignasiiglesias-cornella\/wp-json\/wp\/v2\/media\/7320"}],"wp:attachment":[{"href":"https:\/\/agora.xtec.cat\/ceip-ignasiiglesias-cornella\/wp-json\/wp\/v2\/media?parent=7268"}],"wp:term":[{"taxonomy":"category","embeddable":true,"href":"https:\/\/agora.xtec.cat\/ceip-ignasiiglesias-cornella\/wp-json\/wp\/v2\/categories?post=7268"},{"taxonomy":"post_tag","embeddable":true,"href":"https:\/\/agora.xtec.cat\/ceip-ignasiiglesias-cornella\/wp-json\/wp\/v2\/tags?post=7268"}],"curies":[{"name":"wp","href":"https:\/\/api.w.org\/{rel}","templated":true}]}}