{"id":7265,"date":"2023-11-15T19:11:25","date_gmt":"2023-11-15T18:11:25","guid":{"rendered":"https:\/\/agora.xtec.cat\/ceip-ignasiiglesias-cornella\/?p=7265"},"modified":"2024-01-28T23:15:02","modified_gmt":"2024-01-28T22:15:02","slug":"aquafonia-a-1r-i-a-i4","status":"publish","type":"post","link":"https:\/\/agora.xtec.cat\/ceip-ignasiiglesias-cornella\/portada\/aquafonia-a-1r-i-a-i4\/","title":{"rendered":"Aquafonia a 1r i a I4"},"content":{"rendered":"<p>La m\u00fasica ens conquesta, ens relaxa o ens estimula, per\u00f2 quan es combina amb el &#8220;saber fer&#8221; i una est\u00e8tica original, la canalla es rendeix.<\/p>\n<p>El planeta Terra e\u0301s el planeta blau. L\u2019aigua ha estat, e\u0301s i sera\u0300 imprescindible per a totes les cultures que han habitat la Terra, ja que sense ella no podri\u0301em ser ni estar. Potser per tot aixo\u0300, la importa\u0300ncia dels rius, la immensitat del mar, la tranquil\u00b7litat dels llacs o les violentes<br \/>\ntempestes&#8230; han servit d\u2019inspiracio\u0301 a molts compositors.<\/p>\n<p>Per\u00f2 l\u2019aigua i les seves propietats tamb\u00e9 ens poden servir per a fer m\u00fasica. Avui, hem assistit a una activitat on, gr\u00e0cies al m\u00fasic Pau Elias, hem anat autoregulant la nostra capacitat d&#8217;atenci\u00f3, d&#8217;escolta, la curiositat, la participaci\u00f3&#8230; hem gaudit molt!<\/p>\n<p>Podeu gaudir de l&#8217; obra &#8220;els f\u00f2ssils&#8221; interpretada per Pau Elias al taller d&#8217;Aquafonia clicant sobre les ampolles. Podeu veure m\u00e9s imatges i videos a l&#8217;album &#8220;moments d&#8217;aula&#8221;.<\/p>\n<p><a href=\"https:\/\/www.youtube.com\/watch?v=ZTXxE-cyFlg&amp;t=32s\" target=\"_blank\" rel=\"noopener\"><img loading=\"lazy\" decoding=\"async\" class=\"wp-image-7304 size-medium aligncenter\" src=\"https:\/\/agora.xtec.cat\/ceip-ignasiiglesias-cornella\/wp-content\/uploads\/usu1592\/2023\/12\/aquafonia-300x293.png\" alt=\"\" width=\"300\" height=\"293\" srcset=\"https:\/\/agora.xtec.cat\/ceip-ignasiiglesias-cornella\/wp-content\/uploads\/usu1592\/2023\/12\/aquafonia-300x293.png 300w, https:\/\/agora.xtec.cat\/ceip-ignasiiglesias-cornella\/wp-content\/uploads\/usu1592\/2023\/12\/aquafonia.png 623w\" sizes=\"auto, (max-width: 300px) 100vw, 300px\" \/><\/a><\/p>\n<p>&nbsp;<\/p>\n","protected":false},"excerpt":{"rendered":"<p>Aquafonia, activitat, musical&hellip;  <a href=\"https:\/\/agora.xtec.cat\/ceip-ignasiiglesias-cornella\/portada\/aquafonia-a-1r-i-a-i4\/\" title=\"Read Aquafonia a 1r i a I4\">Llegeix m\u00e9s\u00bb<\/a><\/p>\n","protected":false},"author":85,"featured_media":7305,"comment_status":"open","ping_status":"closed","sticky":false,"template":"","format":"standard","meta":{"_bbp_topic_count":0,"_bbp_reply_count":0,"_bbp_total_topic_count":0,"_bbp_total_reply_count":0,"_bbp_voice_count":0,"_bbp_anonymous_reply_count":0,"_bbp_topic_count_hidden":0,"_bbp_reply_count_hidden":0,"_bbp_forum_subforum_count":0,"footnotes":""},"categories":[898,10,72,4,5],"tags":[1003,1002,114,164],"class_list":["post-7265","post","type-post","status-publish","format-standard","has-post-thumbnail","hentry","category-1r","category-cicle-inicial","category-musica","category-portada","category-primaria","tag-ampolles","tag-aquafonia","tag-musica-harmonica-5e","tag-tallers"],"post_mailing_queue_ids":[],"_links":{"self":[{"href":"https:\/\/agora.xtec.cat\/ceip-ignasiiglesias-cornella\/wp-json\/wp\/v2\/posts\/7265","targetHints":{"allow":["GET"]}}],"collection":[{"href":"https:\/\/agora.xtec.cat\/ceip-ignasiiglesias-cornella\/wp-json\/wp\/v2\/posts"}],"about":[{"href":"https:\/\/agora.xtec.cat\/ceip-ignasiiglesias-cornella\/wp-json\/wp\/v2\/types\/post"}],"author":[{"embeddable":true,"href":"https:\/\/agora.xtec.cat\/ceip-ignasiiglesias-cornella\/wp-json\/wp\/v2\/users\/85"}],"replies":[{"embeddable":true,"href":"https:\/\/agora.xtec.cat\/ceip-ignasiiglesias-cornella\/wp-json\/wp\/v2\/comments?post=7265"}],"version-history":[{"count":5,"href":"https:\/\/agora.xtec.cat\/ceip-ignasiiglesias-cornella\/wp-json\/wp\/v2\/posts\/7265\/revisions"}],"predecessor-version":[{"id":7358,"href":"https:\/\/agora.xtec.cat\/ceip-ignasiiglesias-cornella\/wp-json\/wp\/v2\/posts\/7265\/revisions\/7358"}],"wp:featuredmedia":[{"embeddable":true,"href":"https:\/\/agora.xtec.cat\/ceip-ignasiiglesias-cornella\/wp-json\/wp\/v2\/media\/7305"}],"wp:attachment":[{"href":"https:\/\/agora.xtec.cat\/ceip-ignasiiglesias-cornella\/wp-json\/wp\/v2\/media?parent=7265"}],"wp:term":[{"taxonomy":"category","embeddable":true,"href":"https:\/\/agora.xtec.cat\/ceip-ignasiiglesias-cornella\/wp-json\/wp\/v2\/categories?post=7265"},{"taxonomy":"post_tag","embeddable":true,"href":"https:\/\/agora.xtec.cat\/ceip-ignasiiglesias-cornella\/wp-json\/wp\/v2\/tags?post=7265"}],"curies":[{"name":"wp","href":"https:\/\/api.w.org\/{rel}","templated":true}]}}