{"id":7232,"date":"2023-11-08T08:00:02","date_gmt":"2023-11-08T07:00:02","guid":{"rendered":"https:\/\/agora.xtec.cat\/ceip-ignasiiglesias-cornella\/?p=7232"},"modified":"2023-11-08T01:56:42","modified_gmt":"2023-11-08T00:56:42","slug":"castanyada-2023","status":"publish","type":"post","link":"https:\/\/agora.xtec.cat\/ceip-ignasiiglesias-cornella\/portada\/castanyada-2023\/","title":{"rendered":"Castanyada 2023"},"content":{"rendered":"<p>Aquest curs celebrem de nou la Castanyada!<\/p>\n<p>Les nenes i els nens del Cicle Infantil han pogut gaudir de la representaci\u00f3 del conte de la castanyera a l&#8217;escenari de l&#8217;escola.<\/p>\n<p>Durant la darrera setmana d&#8217;octubre, els infants del centre han realitzat una manualitat de la tardor que ha servit per a elaborar una preciosa exposici\u00f3 al vest\u00edbul on les fam\u00edlies hi heu estat convidades. A m\u00e9s, la tarda del dimarts 31 d&#8217;octubre, les padrines i padrins s&#8217;han conegut amb les seves filloles i fillols. Per fer-ho, han compartit una estona realitzant diferents activitats (mandales, balls, manualitats, jocs&#8230;) en diferents espais de l&#8217;escola. Aquesta \u00e9s la primera trobada de les moltes que faran durant el curs.<\/p>\n<p>Des de l&#8217;\u00e0rea d&#8217;angl\u00e8s, tamb\u00e9 s&#8217;han realitzat diferents activitats per a celebrar la festa de Halloween.<\/p>\n<p>Cliqueu la imatge per accedir a les fotografies. Recordeu que per veure m\u00e9s documentaci\u00f3 gr\u00e0fica podeu accedir a la <a href=\"https:\/\/agora.xtec.cat\/ceip-ignasiiglesias-cornella\/galeria-de-fotos-curs-2023-2024\/\">GALERIA D&#8217;IMATGES<\/a>.<\/p>\n<p><a href=\"https:\/\/photos.app.goo.gl\/GFSKq6QNVjdQx1gv9\"><img loading=\"lazy\" decoding=\"async\" class=\"aligncenter wp-image-7233 size-medium\" src=\"https:\/\/agora.xtec.cat\/ceip-ignasiiglesias-cornella\/wp-content\/uploads\/usu1592\/2023\/11\/IMG_1262-300x225.jpg\" alt=\"\" width=\"300\" height=\"225\" srcset=\"https:\/\/agora.xtec.cat\/ceip-ignasiiglesias-cornella\/wp-content\/uploads\/usu1592\/2023\/11\/IMG_1262-300x225.jpg 300w, https:\/\/agora.xtec.cat\/ceip-ignasiiglesias-cornella\/wp-content\/uploads\/usu1592\/2023\/11\/IMG_1262-200x150.jpg 200w, https:\/\/agora.xtec.cat\/ceip-ignasiiglesias-cornella\/wp-content\/uploads\/usu1592\/2023\/11\/IMG_1262.jpg 653w\" sizes=\"auto, (max-width: 300px) 100vw, 300px\" \/><\/a><\/p>\n","protected":false},"excerpt":{"rendered":"<p>Aquest curs celebrem de nou la Castanyada!<br \/>\nLes nenes i els nens del Cicle Infantil han pogut gaudir de la representaci\u00f3 del conte de la castanyera a l&#8217;escenari de l&#8217;escola.<br \/>\nDurant la darrera setmana d&#8217;octubre, els infants del centre han realitzat una manualitat de la tardor que&hellip;  <a href=\"https:\/\/agora.xtec.cat\/ceip-ignasiiglesias-cornella\/portada\/castanyada-2023\/\" title=\"Read Castanyada 2023\">Llegeix m\u00e9s\u00bb<\/a><\/p>\n","protected":false},"author":4,"featured_media":7233,"comment_status":"open","ping_status":"closed","sticky":false,"template":"","format":"standard","meta":{"_bbp_topic_count":0,"_bbp_reply_count":0,"_bbp_total_topic_count":0,"_bbp_total_reply_count":0,"_bbp_voice_count":0,"_bbp_anonymous_reply_count":0,"_bbp_topic_count_hidden":0,"_bbp_reply_count_hidden":0,"_bbp_forum_subforum_count":0,"footnotes":""},"categories":[74,4],"tags":[75],"class_list":["post-7232","post","type-post","status-publish","format-standard","has-post-thumbnail","hentry","category-festes","category-portada","tag-castanyada"],"post_mailing_queue_ids":[],"_links":{"self":[{"href":"https:\/\/agora.xtec.cat\/ceip-ignasiiglesias-cornella\/wp-json\/wp\/v2\/posts\/7232","targetHints":{"allow":["GET"]}}],"collection":[{"href":"https:\/\/agora.xtec.cat\/ceip-ignasiiglesias-cornella\/wp-json\/wp\/v2\/posts"}],"about":[{"href":"https:\/\/agora.xtec.cat\/ceip-ignasiiglesias-cornella\/wp-json\/wp\/v2\/types\/post"}],"author":[{"embeddable":true,"href":"https:\/\/agora.xtec.cat\/ceip-ignasiiglesias-cornella\/wp-json\/wp\/v2\/users\/4"}],"replies":[{"embeddable":true,"href":"https:\/\/agora.xtec.cat\/ceip-ignasiiglesias-cornella\/wp-json\/wp\/v2\/comments?post=7232"}],"version-history":[{"count":1,"href":"https:\/\/agora.xtec.cat\/ceip-ignasiiglesias-cornella\/wp-json\/wp\/v2\/posts\/7232\/revisions"}],"predecessor-version":[{"id":7234,"href":"https:\/\/agora.xtec.cat\/ceip-ignasiiglesias-cornella\/wp-json\/wp\/v2\/posts\/7232\/revisions\/7234"}],"wp:featuredmedia":[{"embeddable":true,"href":"https:\/\/agora.xtec.cat\/ceip-ignasiiglesias-cornella\/wp-json\/wp\/v2\/media\/7233"}],"wp:attachment":[{"href":"https:\/\/agora.xtec.cat\/ceip-ignasiiglesias-cornella\/wp-json\/wp\/v2\/media?parent=7232"}],"wp:term":[{"taxonomy":"category","embeddable":true,"href":"https:\/\/agora.xtec.cat\/ceip-ignasiiglesias-cornella\/wp-json\/wp\/v2\/categories?post=7232"},{"taxonomy":"post_tag","embeddable":true,"href":"https:\/\/agora.xtec.cat\/ceip-ignasiiglesias-cornella\/wp-json\/wp\/v2\/tags?post=7232"}],"curies":[{"name":"wp","href":"https:\/\/api.w.org\/{rel}","templated":true}]}}