{"id":7216,"date":"2023-11-07T00:06:06","date_gmt":"2023-11-06T23:06:06","guid":{"rendered":"https:\/\/agora.xtec.cat\/ceip-ignasiiglesias-cornella\/?p=7216"},"modified":"2023-11-07T00:06:06","modified_gmt":"2023-11-06T23:06:06","slug":"22-arbres-per-cornella","status":"publish","type":"post","link":"https:\/\/agora.xtec.cat\/ceip-ignasiiglesias-cornella\/general\/22-arbres-per-cornella\/","title":{"rendered":"22 ARBRES PER CORNELL\u00c0"},"content":{"rendered":"<p>La nostra escola ha format part del Projecte <strong><em>22 Arbres per Cornell\u00e0<\/em><\/strong> i el passat 17 d&#8217;octubre vam plantar un cirerer al pati.<\/p>\n<p>Aquest projecte neix de la proposta d&#8217;una alumna de l&#8217;Institut Miquel Mart\u00ed i Pol de Cornell\u00e0, per aportar un dia d&#8217;oxigen per a una persona de la ciutat, doncs, segons OSMON, es necessiten 22 arbres perqu\u00e8 cada persona pugui respirar un dia sencer.<\/p>\n<p>Representants de totes les classes vam col\u00b7laborar en la plantada.<\/p>\n<p>Els infants d&#8217;infantil seran els encarregats de regar el cirerer i tota l&#8217;escola el cuidarem molt perqu\u00e8 pugui cr\u00e9ixer b\u00e9.<\/p>\n<p><a href=\"https:\/\/photos.app.goo.gl\/BTHbe9TTECMKJi1S7\"><img loading=\"lazy\" decoding=\"async\" class=\"alignleft size-medium wp-image-7224\" src=\"https:\/\/agora.xtec.cat\/ceip-ignasiiglesias-cornella\/wp-content\/uploads\/usu1592\/2023\/11\/5DE6F907-4CC8-4D8F-92BB-3D9A6C863952-212x300.jpeg\" alt=\"\" width=\"212\" height=\"300\" srcset=\"https:\/\/agora.xtec.cat\/ceip-ignasiiglesias-cornella\/wp-content\/uploads\/usu1592\/2023\/11\/5DE6F907-4CC8-4D8F-92BB-3D9A6C863952-212x300.jpeg 212w, https:\/\/agora.xtec.cat\/ceip-ignasiiglesias-cornella\/wp-content\/uploads\/usu1592\/2023\/11\/5DE6F907-4CC8-4D8F-92BB-3D9A6C863952-724x1024.jpeg 724w, https:\/\/agora.xtec.cat\/ceip-ignasiiglesias-cornella\/wp-content\/uploads\/usu1592\/2023\/11\/5DE6F907-4CC8-4D8F-92BB-3D9A6C863952-768x1086.jpeg 768w, https:\/\/agora.xtec.cat\/ceip-ignasiiglesias-cornella\/wp-content\/uploads\/usu1592\/2023\/11\/5DE6F907-4CC8-4D8F-92BB-3D9A6C863952-1086x1536.jpeg 1086w, https:\/\/agora.xtec.cat\/ceip-ignasiiglesias-cornella\/wp-content\/uploads\/usu1592\/2023\/11\/5DE6F907-4CC8-4D8F-92BB-3D9A6C863952.jpeg 1241w\" sizes=\"auto, (max-width: 212px) 100vw, 212px\" \/><\/a><\/p>\n","protected":false},"excerpt":{"rendered":"<p>La nostra escola ha format part del Projecte 22 Arbres per Cornell\u00e0 i el passat 17 d&#8217;octubre vam plantar un cirerer al pati.<br \/>\nAquest projecte neix de la proposta d&#8217;una alumna de l&#8217;Institut Miquel Mart\u00ed i Pol de Cornell\u00e0, per aportar un dia d&#8217;oxigen per a&hellip;  <a href=\"https:\/\/agora.xtec.cat\/ceip-ignasiiglesias-cornella\/general\/22-arbres-per-cornella\/\" title=\"Read 22 ARBRES PER CORNELL\u00c0\">Llegeix m\u00e9s\u00bb<\/a><\/p>\n","protected":false},"author":19,"featured_media":7224,"comment_status":"closed","ping_status":"closed","sticky":false,"template":"","format":"standard","meta":{"_bbp_topic_count":0,"_bbp_reply_count":0,"_bbp_total_topic_count":0,"_bbp_total_reply_count":0,"_bbp_voice_count":0,"_bbp_anonymous_reply_count":0,"_bbp_topic_count_hidden":0,"_bbp_reply_count_hidden":0,"_bbp_forum_subforum_count":0,"footnotes":""},"categories":[1,4,5],"tags":[170],"class_list":["post-7216","post","type-post","status-publish","format-standard","has-post-thumbnail","hentry","category-general","category-portada","category-primaria","tag-arbre"],"post_mailing_queue_ids":[],"_links":{"self":[{"href":"https:\/\/agora.xtec.cat\/ceip-ignasiiglesias-cornella\/wp-json\/wp\/v2\/posts\/7216","targetHints":{"allow":["GET"]}}],"collection":[{"href":"https:\/\/agora.xtec.cat\/ceip-ignasiiglesias-cornella\/wp-json\/wp\/v2\/posts"}],"about":[{"href":"https:\/\/agora.xtec.cat\/ceip-ignasiiglesias-cornella\/wp-json\/wp\/v2\/types\/post"}],"author":[{"embeddable":true,"href":"https:\/\/agora.xtec.cat\/ceip-ignasiiglesias-cornella\/wp-json\/wp\/v2\/users\/19"}],"replies":[{"embeddable":true,"href":"https:\/\/agora.xtec.cat\/ceip-ignasiiglesias-cornella\/wp-json\/wp\/v2\/comments?post=7216"}],"version-history":[{"count":5,"href":"https:\/\/agora.xtec.cat\/ceip-ignasiiglesias-cornella\/wp-json\/wp\/v2\/posts\/7216\/revisions"}],"predecessor-version":[{"id":7225,"href":"https:\/\/agora.xtec.cat\/ceip-ignasiiglesias-cornella\/wp-json\/wp\/v2\/posts\/7216\/revisions\/7225"}],"wp:featuredmedia":[{"embeddable":true,"href":"https:\/\/agora.xtec.cat\/ceip-ignasiiglesias-cornella\/wp-json\/wp\/v2\/media\/7224"}],"wp:attachment":[{"href":"https:\/\/agora.xtec.cat\/ceip-ignasiiglesias-cornella\/wp-json\/wp\/v2\/media?parent=7216"}],"wp:term":[{"taxonomy":"category","embeddable":true,"href":"https:\/\/agora.xtec.cat\/ceip-ignasiiglesias-cornella\/wp-json\/wp\/v2\/categories?post=7216"},{"taxonomy":"post_tag","embeddable":true,"href":"https:\/\/agora.xtec.cat\/ceip-ignasiiglesias-cornella\/wp-json\/wp\/v2\/tags?post=7216"}],"curies":[{"name":"wp","href":"https:\/\/api.w.org\/{rel}","templated":true}]}}